{"id":151227,"date":"2025-10-01T19:00:07","date_gmt":"2025-10-01T19:00:07","guid":{"rendered":"https:\/\/www.europesays.com\/es\/151227\/"},"modified":"2025-10-01T19:00:07","modified_gmt":"2025-10-01T19:00:07","slug":"muere-la-primatologa-y-activista-jane-goodall-a-los-91-anos","status":"publish","type":"post","link":"https:\/\/www.europesays.com\/es\/151227\/","title":{"rendered":"Muere la primat\u00f3loga y activista Jane Goodall a los 91 a\u00f1os"},"content":{"rendered":"<p>La primat\u00f3loga <strong>Jane Goodall ha muerto este mi\u00e9rcoles a los 91 a\u00f1os por causa naturales<\/strong>, informa el Jane Goodall Institute en un comunicado. Seg\u00fan la ONG, la cient\u00edfica y activista se encontraba en California como parte de su gira de conferencias por Estados Unidos. \u00abSus descubrimientos como et\u00f3loga revolucionaron la ciencia, y <strong>fue una incansable defensora de la protecci\u00f3n y la restauraci\u00f3n de nuestro mundo natural<\/strong>\u00ab, agrega la nota.<\/p>\n<p>Esta cient\u00edfica y conservacionista canaliz\u00f3 su amor por la vida silvestre en la b\u00fasqueda para comprender mejor a los chimpanc\u00e9s, as\u00ed como el papel que desempe\u00f1an los seres humanos en la protecci\u00f3n de su h\u00e1bitat y la salud del planeta en general. <\/p>\n<p>Una pionera en el estudio de los primates<\/p>\n<p>Jane Goodall (3 de abril de 1934, Londres) era doctora en Etolog\u00eda por la Universidad de Cambridge desde 1965. En su trabajo de campo con chimpanc\u00e9s, logr\u00f3 demostrar que estos animales tienen emociones, lo que ayud\u00f3 a parar los experimentos que se llevaban a cabo con ellos. Cambi\u00f3 las normas cient\u00edficas de la \u00e9poca, dando nombres a los chimpanc\u00e9s en lugar de n\u00fameros, observando sus distintas personalidades e incorporando sus relaciones familiares y emociones en su trabajo. <\/p>\n<p>Tambi\u00e9n descubri\u00f3 que, al igual que los humanos, utilizan herramientas. A medida que su carrera evolucionaba, pas\u00f3 de centrarse en la primatolog\u00eda a la defensa del clima tras ser testigo de la devastaci\u00f3n generalizada del h\u00e1bitat, instando al mundo a tomar medidas r\u00e1pidas y urgentes contra el cambio clim\u00e1tico. WEstamos olvidando que formamos parte del mundo natural\u00bb, declar\u00f3 a la CNN en 2020. <\/p>\n<p>Fue adem\u00e1s una pionera en su campo, tanto como mujer cient\u00edfica en la d\u00e9cada de 1960 como por su trabajo en el estudio del comportamiento de los primates. Abri\u00f3 el camino para que otras mujeres siguieran sus pasos, entre ellas la difunta Dian Fossey. Tambi\u00e9n atrajo al p\u00fablico hacia la naturaleza, asoci\u00e1ndose con la National Geographic Society para llevar a sus queridos chimpanc\u00e9s a sus vidas a trav\u00e9s del cine, la televisi\u00f3n y las revistas. <\/p>\n<p>Nombrada Doctora Honoris Causa en m\u00e1s de 45 universidades, ha sido tambi\u00e9n distinguida con m\u00e1s de un centenar de premios a nivel internacionales, incluidos el Premio Pr\u00edncipe de Asturias de Investigaci\u00f3n en 2003 en Espa\u00f1a y el Premio Internacional Catalu\u00f1a 2015.<\/p>\n<p>NOTICIA EN AMPLIACI\u00d3N<\/p>\n","protected":false},"excerpt":{"rendered":"La primat\u00f3loga Jane Goodall ha muerto este mi\u00e9rcoles a los 91 a\u00f1os por causa naturales, informa el Jane&hellip;\n","protected":false},"author":2,"featured_media":151228,"comment_status":"","ping_status":"","sticky":false,"template":"","format":"standard","meta":{"footnotes":""},"categories":[42],"tags":[17,18,13,14,11,61,62,63,64,19,20,9,10,15,16,12,21,22,65,66,67],"class_list":{"0":"post-151227","1":"post","2":"type-post","3":"status-publish","4":"format-standard","5":"has-post-thumbnail","7":"category-internacional","8":"tag-breaking-news","9":"tag-breakingnews","10":"tag-featured-news","11":"tag-featurednews","12":"tag-headlines","13":"tag-internacional","14":"tag-international","15":"tag-international-news","16":"tag-internationalnews","17":"tag-latest-news","18":"tag-latestnews","19":"tag-news","20":"tag-noticias","21":"tag-noticias-destacadas","22":"tag-noticiasdestacadas","23":"tag-titulares","24":"tag-ultimas-noticias","25":"tag-ultimasnoticias","26":"tag-world","27":"tag-world-news","28":"tag-worldnews"},"share_on_mastodon":{"url":"","error":""},"_links":{"self":[{"href":"https:\/\/www.europesays.com\/es\/wp-json\/wp\/v2\/posts\/151227","targetHints":{"allow":["GET"]}}],"collection":[{"href":"https:\/\/www.europesays.com\/es\/wp-json\/wp\/v2\/posts"}],"about":[{"href":"https:\/\/www.europesays.com\/es\/wp-json\/wp\/v2\/types\/post"}],"author":[{"embeddable":true,"href":"https:\/\/www.europesays.com\/es\/wp-json\/wp\/v2\/users\/2"}],"replies":[{"embeddable":true,"href":"https:\/\/www.europesays.com\/es\/wp-json\/wp\/v2\/comments?post=151227"}],"version-history":[{"count":0,"href":"https:\/\/www.europesays.com\/es\/wp-json\/wp\/v2\/posts\/151227\/revisions"}],"wp:featuredmedia":[{"embeddable":true,"href":"https:\/\/www.europesays.com\/es\/wp-json\/wp\/v2\/media\/151228"}],"wp:attachment":[{"href":"https:\/\/www.europesays.com\/es\/wp-json\/wp\/v2\/media?parent=151227"}],"wp:term":[{"taxonomy":"category","embeddable":true,"href":"https:\/\/www.europesays.com\/es\/wp-json\/wp\/v2\/categories?post=151227"},{"taxonomy":"post_tag","embeddable":true,"href":"https:\/\/www.europesays.com\/es\/wp-json\/wp\/v2\/tags?post=151227"}],"curies":[{"name":"wp","href":"https:\/\/api.w.org\/{rel}","templated":true}]}}