{"id":151229,"date":"2025-10-01T19:01:10","date_gmt":"2025-10-01T19:01:10","guid":{"rendered":"https:\/\/www.europesays.com\/es\/151229\/"},"modified":"2025-10-01T19:01:10","modified_gmt":"2025-10-01T19:01:10","slug":"cierran-escuelas-y-playas-en-la-isla-espanola-de-ibiza-por-las-lluvias-torrenciales","status":"publish","type":"post","link":"https:\/\/www.europesays.com\/es\/151229\/","title":{"rendered":"Cierran escuelas y playas en la isla espa\u00f1ola de Ibiza por las lluvias torrenciales"},"content":{"rendered":"<p>    <img src=\"https:\/\/www.europesays.com\/es\/wp-content\/uploads\/2025\/10\/2025-09-30T083A583A16Z-90090702.jpg\" width=\"1024\" height=\"682\" alt=\"\" loading=\"eager\" decoding=\"sync\" fetchpriority=\"high\"\/><\/p>\n<p>            afp_tickers        <\/p>\n<p>        Este contenido fue publicado en    <\/p>\n<p>        01 octubre 2025 &#8211; 19:32\n<\/p>\n<p>Las islas mediterr\u00e1neas espa\u00f1olas de Ibiza y Formentera salieron relativamente indemnes de las lluvias torrenciales del martes, que provocaron inundaciones y obligaron a cerrar playas y escuelas.<\/p>\n<p>Espa\u00f1a se encuentra en primera l\u00ednea del calentamiento global y es regularmente golpeada por lluvias torrenciales a finales del verano y a principios de oto\u00f1o.\u00a0<\/p>\n<p>Hace once meses, la regi\u00f3n de Valencia, en el sureste, fue duramente golpeada por inundaciones que dejaron m\u00e1s de 200 muertos, las m\u00e1s mort\u00edferas en d\u00e9cadas en el pa\u00eds.\u00a0<\/p>\n<p>Respecto a Ibiza, la agencia meteorol\u00f3gica espa\u00f1ola (Aemet) escribi\u00f3 en X que las \u00abextraordinarias\u00bb precipitaciones del martes supon\u00edan el d\u00eda m\u00e1s lluvioso desde, al menos, 1952.\u00a0<\/p>\n<p>En la ciudad hom\u00f3nima, la agencia inform\u00f3 que se registraron 254 mm de lluvia en pocas horas, \u00abm\u00e1s de la mitad de lo que suele llover en un a\u00f1o completo en la zona\u00bb.<\/p>\n<p>Pero en la tarde, la Aemet levant\u00f3 todas las alertas meteorol\u00f3gicas tanto en esta isla como\u00a0en la vecina Fomentera, ambas parte del archipi\u00e9lago de las Islas Baleares.\u00a0<\/p>\n<p>La agencia hab\u00eda activado una alerta roja en la ma\u00f1ana, el nivel m\u00e1s alto, por el \u00abpeligro extraordinario\u00bb que implicaba la posibilidad de \u00abinundaciones y crecidas repentinas de cauces\u00bb.<\/p>\n<p>El presidente del gobierno, el socialista Pedro S\u00e1nchez, inst\u00f3 a la poblaci\u00f3n a extremar \u00abla precauci\u00f3n\u00bb y seguir \u00ablas informaciones de los canales oficiales\u00bb.<\/p>\n<p>El gobierno regional de Baleares registr\u00f3 179 incidentes en Ibiza y seis en Formentera, la mayor\u00eda relacionados con inundaciones en bajos, v\u00edas p\u00fablicas, ca\u00edda de \u00e1rboles y material urbano, as\u00ed como con el riesgo de desbordamiento de torrentes.<\/p>\n<p>Las autoridades regionales tambi\u00e9n informaron de que tres personas resultaron levemente heridas en un deslizamiento de tierra cerca de un hotel. No hubo heridos graves ni fallecidos.<\/p>\n<p>Videos en redes sociales mostraban a personas caminando por el fango en una playa de Ibiza bordeada de palmeras, bares y restaurantes, mientras las sirenas de los veh\u00edculos de emergencia se escuchaban de fondo.<\/p>\n<p>En poblaciones de Ibiza el agua desbord\u00f3 calles, arrastrando grandes contenedores de residuos y obligando a los veh\u00edculos a avanzar lentamente.\u00a0<\/p>\n<p>La unidad de emergencias del ej\u00e9rcito espa\u00f1ol se despleg\u00f3 con refuerzos de la vecina isla de Mallorca y del continente para ayudar a bombear el agua de los edificios y despejar carreteras, algunas de las cuales segu\u00edan cortadas.<\/p>\n<p>Los servicios de emergencia de las islas de Ibiza y Formentera enviaron un mensaje de alerta a los tel\u00e9fonos celulares de los residentes inst\u00e1ndolos a evitar los desplazamientos y las actividades al aire libre y a mantenerse alejados de arroyos, zonas bajas o s\u00f3tanos.<\/p>\n<p>En la regi\u00f3n mediterr\u00e1nea de Valencia, el nivel de alerta se redujo este martes dos escalones, a amarillo, luego de haber estado el lunes en rojo. Las precipitaciones del lunes provocaron algunas inundaciones sin v\u00edctimas en la regi\u00f3n.<\/p>\n<p>imm\/mdm\/du\/mb\/sag\/dga<\/p>\n","protected":false},"excerpt":{"rendered":"afp_tickers Este contenido fue publicado en 01 octubre 2025 &#8211; 19:32 Las islas mediterr\u00e1neas espa\u00f1olas de Ibiza y&hellip;\n","protected":false},"author":2,"featured_media":151230,"comment_status":"","ping_status":"","sticky":false,"template":"","format":"standard","meta":{"footnotes":""},"categories":[8],"tags":[17,18,25,24,13,14,11,19,20,9,10,15,16,45353,23,90,12,21,22,15537,45354],"class_list":{"0":"post-151229","1":"post","2":"type-post","3":"status-publish","4":"format-standard","5":"has-post-thumbnail","7":"category-espana","8":"tag-breaking-news","9":"tag-breakingnews","10":"tag-es","11":"tag-espana","12":"tag-featured-news","13":"tag-featurednews","14":"tag-headlines","15":"tag-latest-news","16":"tag-latestnews","17":"tag-news","18":"tag-noticias","19":"tag-noticias-destacadas","20":"tag-noticiasdestacadas","21":"tag-report","22":"tag-spain","23":"tag-ticker","24":"tag-titulares","25":"tag-ultimas-noticias","26":"tag-ultimasnoticias","27":"tag-weather","28":"tag-weather-news"},"share_on_mastodon":{"url":"","error":""},"_links":{"self":[{"href":"https:\/\/www.europesays.com\/es\/wp-json\/wp\/v2\/posts\/151229","targetHints":{"allow":["GET"]}}],"collection":[{"href":"https:\/\/www.europesays.com\/es\/wp-json\/wp\/v2\/posts"}],"about":[{"href":"https:\/\/www.europesays.com\/es\/wp-json\/wp\/v2\/types\/post"}],"author":[{"embeddable":true,"href":"https:\/\/www.europesays.com\/es\/wp-json\/wp\/v2\/users\/2"}],"replies":[{"embeddable":true,"href":"https:\/\/www.europesays.com\/es\/wp-json\/wp\/v2\/comments?post=151229"}],"version-history":[{"count":0,"href":"https:\/\/www.europesays.com\/es\/wp-json\/wp\/v2\/posts\/151229\/revisions"}],"wp:featuredmedia":[{"embeddable":true,"href":"https:\/\/www.europesays.com\/es\/wp-json\/wp\/v2\/media\/151230"}],"wp:attachment":[{"href":"https:\/\/www.europesays.com\/es\/wp-json\/wp\/v2\/media?parent=151229"}],"wp:term":[{"taxonomy":"category","embeddable":true,"href":"https:\/\/www.europesays.com\/es\/wp-json\/wp\/v2\/categories?post=151229"},{"taxonomy":"post_tag","embeddable":true,"href":"https:\/\/www.europesays.com\/es\/wp-json\/wp\/v2\/tags?post=151229"}],"curies":[{"name":"wp","href":"https:\/\/api.w.org\/{rel}","templated":true}]}}