{"id":151231,"date":"2025-10-01T19:02:13","date_gmt":"2025-10-01T19:02:13","guid":{"rendered":"https:\/\/www.europesays.com\/es\/151231\/"},"modified":"2025-10-01T19:02:13","modified_gmt":"2025-10-01T19:02:13","slug":"real-madrid-valverde-responde-a-todo-el-lio-de-mi-pueden-decir-muchas-cosas-pero-no-que-me-niego-a-jugar","status":"publish","type":"post","link":"https:\/\/www.europesays.com\/es\/151231\/","title":{"rendered":"Real Madrid | Valverde responde a todo el l\u00edo: \u00abDe m\u00ed pueden decir muchas cosas pero no que me niego a jugar\u00bb"},"content":{"rendered":"<p data-gtm-element-container=\"modulo-texto-link\" class=\"paragraph\"><strong>Fede<\/strong> <strong>Valverde<\/strong> ha salido al paso de las informaciones, rumores y an\u00e1lisis que se han hecho en las \u00faltimas horas despu\u00e9s de que su actitud ante la suplencia que vivi\u00f3 en <strong>Almaty<\/strong> se haya se\u00f1alado como el embri\u00f3n de un problema en el vestuario del <a href=\"https:\/\/www.mundodeportivo.com\/futbol\/real-madrid\/20251001\/1002542876\/mbappe-cinco-goles-champions-valen-4-2-millones-euros.html\" rel=\"nofollow noopener\" target=\"_blank\">Real Madrid<\/a>.\u00a0<\/p>\n<p data-gtm-element-container=\"modulo-texto-link\" class=\"paragraph\">Lo ha hecho a trav\u00e9s de un mensaje publicado en &#8216;X&#8217; en el que ha asegurado \u00abestar triste\u00bb por lo ocurrido pero en el que tambi\u00e9n se defiende de las acusaciones que ha sufrido, seg\u00fan \u00e9l, en las \u00faltimas horas.\u00a0<\/p>\n<p>    M\u00e1s sobre el Real Madrid<\/p>\n<p data-gtm-element-container=\"modulo-texto-link\" class=\"paragraph\">\u00abHe le\u00eddo varios art\u00edculos da\u00f1ando mi persona. S\u00e9 que he tenido partidos malos, soy consciente. No me escondo y doy la cara. Realmente estoy triste. De m\u00ed pueden decir muchas cosas, pero bajo ning\u00fan punto de vista pueden decir que me niego a jugar. He dado todo y m\u00e1s por este club, he jugado fracturado, lesionado y jam\u00e1s me he quejado ni he pedido un descanso\u00bb, comenz\u00f3 diciendo el uruguayo.\u00a0<\/p>\n<p data-gtm-element-container=\"modulo-texto-link\" class=\"paragraph\">Para despu\u00e9s, continuar apuntando: \u00abTengo una buena relaci\u00f3n con el entrenador la cual me hace sentir con la confianza de poder decirle cu\u00e1l es la posici\u00f3n que m\u00e1s me gusta dentro del campo, pero siempre, siempre le hice saber que estoy disponible para cumplir en cualquier lugar, en cualquier viaje y en todos los partidos\u00bb.\u00a0<\/p>\n<blockquote class=\"twitter-tweet\" data-lang=\"es\"><p>\n<a href=\"https:\/\/twitter.com\/fedeevalverde\/status\/1973374318634533271\" rel=\"nofollow noopener\" target=\"_blank\">\n<\/p><\/blockquote>\n<p data-gtm-element-container=\"modulo-texto-link\" class=\"paragraph\">Por \u00faltimo, se\u00f1al\u00f3: \u00abDeje el alma en este club y lo seguir\u00e9 haciendo, aunque a veces no alcance o no est\u00e9 jugando como quisiera, lo juro por mi orgullo que jam\u00e1s me rendir\u00e9 y luchar\u00e9 hasta el final jugando donde sea\u00bb.\u00a0<\/p>\n<p><script async src=\"https:\/\/platform.twitter.com\/widgets.js\" charset=\"utf-8\"><\/script><\/p>\n","protected":false},"excerpt":{"rendered":"Fede Valverde ha salido al paso de las informaciones, rumores y an\u00e1lisis que se han hecho en las&hellip;\n","protected":false},"author":2,"featured_media":151232,"comment_status":"","ping_status":"","sticky":false,"template":"","format":"standard","meta":{"footnotes":""},"categories":[5],"tags":[17,18,25,24,13,14,11,19,20,9,10,15,16,23,12,21,22],"class_list":{"0":"post-151231","1":"post","2":"type-post","3":"status-publish","4":"format-standard","5":"has-post-thumbnail","7":"category-titulares","8":"tag-breaking-news","9":"tag-breakingnews","10":"tag-es","11":"tag-espana","12":"tag-featured-news","13":"tag-featurednews","14":"tag-headlines","15":"tag-latest-news","16":"tag-latestnews","17":"tag-news","18":"tag-noticias","19":"tag-noticias-destacadas","20":"tag-noticiasdestacadas","21":"tag-spain","22":"tag-titulares","23":"tag-ultimas-noticias","24":"tag-ultimasnoticias"},"share_on_mastodon":{"url":"","error":""},"_links":{"self":[{"href":"https:\/\/www.europesays.com\/es\/wp-json\/wp\/v2\/posts\/151231","targetHints":{"allow":["GET"]}}],"collection":[{"href":"https:\/\/www.europesays.com\/es\/wp-json\/wp\/v2\/posts"}],"about":[{"href":"https:\/\/www.europesays.com\/es\/wp-json\/wp\/v2\/types\/post"}],"author":[{"embeddable":true,"href":"https:\/\/www.europesays.com\/es\/wp-json\/wp\/v2\/users\/2"}],"replies":[{"embeddable":true,"href":"https:\/\/www.europesays.com\/es\/wp-json\/wp\/v2\/comments?post=151231"}],"version-history":[{"count":0,"href":"https:\/\/www.europesays.com\/es\/wp-json\/wp\/v2\/posts\/151231\/revisions"}],"wp:featuredmedia":[{"embeddable":true,"href":"https:\/\/www.europesays.com\/es\/wp-json\/wp\/v2\/media\/151232"}],"wp:attachment":[{"href":"https:\/\/www.europesays.com\/es\/wp-json\/wp\/v2\/media?parent=151231"}],"wp:term":[{"taxonomy":"category","embeddable":true,"href":"https:\/\/www.europesays.com\/es\/wp-json\/wp\/v2\/categories?post=151231"},{"taxonomy":"post_tag","embeddable":true,"href":"https:\/\/www.europesays.com\/es\/wp-json\/wp\/v2\/tags?post=151231"}],"curies":[{"name":"wp","href":"https:\/\/api.w.org\/{rel}","templated":true}]}}