{"id":151233,"date":"2025-10-01T19:03:19","date_gmt":"2025-10-01T19:03:19","guid":{"rendered":"https:\/\/www.europesays.com\/es\/151233\/"},"modified":"2025-10-01T19:03:19","modified_gmt":"2025-10-01T19:03:19","slug":"puertas-abiertas-en-el-bm-costa-del-sol-antes-de-ir-a-europa","status":"publish","type":"post","link":"https:\/\/www.europesays.com\/es\/151233\/","title":{"rendered":"Puertas abiertas en el BM Costa del Sol antes de ir a Europa"},"content":{"rendered":"<p>            <a href=\"https:\/\/www.merchanendirecto.es\/wp-content\/uploads\/2025\/10\/2.webp\" data-caption=\"\" rel=\"nofollow noopener\" target=\"_blank\"><img loading=\"lazy\" decoding=\"async\" width=\"696\" height=\"524\" class=\"entry-thumb td-modal-image\" src=\"https:\/\/www.europesays.com\/es\/wp-content\/uploads\/2025\/10\/2-696x524.webp.webp\"   alt=\"\" title=\"2\"\/><\/a><\/p>\n<p><strong>AUTOR: DANIEL FERN\u00c1NDEZ<\/strong><\/p>\n<p>En pleno coraz\u00f3n de M\u00e1laga, la Plaza de la Constituci\u00f3n ha sido testigo del Media Day del <strong>Costa del Sol M\u00e1laga<\/strong> previo al inicio de la <strong>EHF European Cup 2025\/26<\/strong>. Tanto las jugadoras de la plantilla como el cuerpo t\u00e9cnico posaron en la caracter\u00edstica fotograf\u00eda institucional con los principales patrocinadores del club antes de firmar aut\u00f3grafos para los seguidores del conjunto malague\u00f1o. La mascota de las Panteras, Vega, no ha querido perderse la cita, al igual que no han faltado tres de sus t\u00edtulos m\u00e1s importantes, los cuales han sido expuestos para que los aficionados pudieran fotografiarse junto a ellos. La European Cup, la Supercopa de Espa\u00f1a (ambos t\u00edtulos logrados en la temporada 2020\/21) y el trofeo de campeonas de la Divisi\u00f3n de Honor \u00c9lite, conseguido en la 2022\/23, han sido los galardones exhibidos en la Plaza de la Constituci\u00f3n.<\/p>\n<p>El equipo dirigido por Suso Gallardo debuta este fin de semana en la ya mencionada European Cup ante el Dudelange luxemburgu\u00e9s. Tanto el viernes 3 a las 19:30 como el s\u00e1bado 4 a las 19:00, el pabell\u00f3n <strong>Jos\u00e9 Luis P\u00e9rez Canca de Carranque <\/strong>albergar\u00e1 esta eliminatoria, a modo de ida y vuelta, por un ansiado billete a los dieciseisavos de final de la competici\u00f3n europea.<\/p>\n<p><img fetchpriority=\"high\" decoding=\"async\" width=\"2040\" height=\"1536\" data-id=\"320666\" src=\"https:\/\/www.europesays.com\/es\/wp-content\/uploads\/2025\/10\/1-1024x771.webp.webp\" alt=\"\" class=\"wp-image-320666\"  \/><\/p>\n<p><img loading=\"lazy\" decoding=\"async\" width=\"1024\" height=\"771\" data-id=\"320667\" src=\"https:\/\/www.europesays.com\/es\/wp-content\/uploads\/2025\/10\/3-1024x771.webp.webp\" alt=\"\" class=\"wp-image-320667\"  \/><\/p>\n<p><img loading=\"lazy\" decoding=\"async\" width=\"1536\" height=\"2040\" data-id=\"320668\" src=\"https:\/\/www.europesays.com\/es\/wp-content\/uploads\/2025\/10\/4-771x1024.webp.webp\" alt=\"\" class=\"wp-image-320668\"  \/><\/p>\n<p><img loading=\"lazy\" decoding=\"async\" width=\"771\" height=\"1024\" data-id=\"320669\" src=\"https:\/\/www.europesays.com\/es\/wp-content\/uploads\/2025\/10\/6-771x1024.webp.webp\" alt=\"\" class=\"wp-image-320669\"  \/><\/p>\n<p><img loading=\"lazy\" decoding=\"async\" width=\"771\" height=\"1024\" data-id=\"320670\" src=\"https:\/\/www.europesays.com\/es\/wp-content\/uploads\/2025\/10\/7-771x1024.webp.webp\" alt=\"\" class=\"wp-image-320670\"  \/><\/p>\n<p>\u201cEstamos muy centradas en conseguir la clasificaci\u00f3n a la siguiente ronda y en qu\u00e9 es lo que hay que hacer este fin de semana\u201d, resaltaba Merche Castellanos, portera del Costa del Sol M\u00e1laga, en una entrevista a Radio MARCA M\u00e1laga. La guardameta de las Panteras advert\u00eda adem\u00e1s que, a pesar de que ambos encuentros se disputen en Carranque, ser\u00e1n dos partidos dif\u00edciles y vitales dada la importancia que le otorga el club a la propia European Cup.<\/p>\n<p>Dos victorias y dos empates avalan el inicio liguero del conjunto malague\u00f1o previo al enfrentamiento ante el Dudelange. Espe L\u00f3pez, jugadora del Costa del Sol M\u00e1laga, destaca la notable diferencia de f\u00edsico entre ambos equipos como uno de los factores a tener en cuenta en el partido contra el club de Luxemburgo. \u201cTenemos que estar muy centradas en todas las facetas del juego, ya que ellas tienen ese plus f\u00edsico que nosotras no tenemos, por lo que tenemos que compaginarlo con otras caracter\u00edsticas nuestras\u201d, expresaba la n\u00famero 20 de las Panteras a Radio MARCA M\u00e1laga.<\/p>\n<p>Al disputarse la totalidad de la eliminatoria en territorio malague\u00f1o, las jugadoras son conscientes del apoyo que pueden llegar a recibir y de poseer el factor campo a su favor. \u201cVan a disfrutar de dos partidos muy interesantes e importantes para el equipo en Carranque y les esperamos con los brazos abiertos\u201d, animaba la portera Merche Castellanos a la afici\u00f3n de las Panteras, mientras que Espe L\u00f3pez se muestra con ganas de \u201cregalarle a M\u00e1laga el pase a la siguiente fase\u201d.<\/p>\n","protected":false},"excerpt":{"rendered":"AUTOR: DANIEL FERN\u00c1NDEZ En pleno coraz\u00f3n de M\u00e1laga, la Plaza de la Constituci\u00f3n ha sido testigo del Media&hellip;\n","protected":false},"author":2,"featured_media":151234,"comment_status":"","ping_status":"","sticky":false,"template":"","format":"standard","meta":{"footnotes":""},"categories":[278],"tags":[376,37690,168,25,24,375,23,167],"class_list":{"0":"post-151233","1":"post","2":"type-post","3":"status-publish","4":"format-standard","5":"has-post-thumbnail","7":"category-balonmano","8":"tag-balonmano","9":"tag-bm-costa-del-sol-malaga","10":"tag-deportes","11":"tag-es","12":"tag-espana","13":"tag-handball","14":"tag-spain","15":"tag-sports"},"share_on_mastodon":{"url":"","error":""},"_links":{"self":[{"href":"https:\/\/www.europesays.com\/es\/wp-json\/wp\/v2\/posts\/151233","targetHints":{"allow":["GET"]}}],"collection":[{"href":"https:\/\/www.europesays.com\/es\/wp-json\/wp\/v2\/posts"}],"about":[{"href":"https:\/\/www.europesays.com\/es\/wp-json\/wp\/v2\/types\/post"}],"author":[{"embeddable":true,"href":"https:\/\/www.europesays.com\/es\/wp-json\/wp\/v2\/users\/2"}],"replies":[{"embeddable":true,"href":"https:\/\/www.europesays.com\/es\/wp-json\/wp\/v2\/comments?post=151233"}],"version-history":[{"count":0,"href":"https:\/\/www.europesays.com\/es\/wp-json\/wp\/v2\/posts\/151233\/revisions"}],"wp:featuredmedia":[{"embeddable":true,"href":"https:\/\/www.europesays.com\/es\/wp-json\/wp\/v2\/media\/151234"}],"wp:attachment":[{"href":"https:\/\/www.europesays.com\/es\/wp-json\/wp\/v2\/media?parent=151233"}],"wp:term":[{"taxonomy":"category","embeddable":true,"href":"https:\/\/www.europesays.com\/es\/wp-json\/wp\/v2\/categories?post=151233"},{"taxonomy":"post_tag","embeddable":true,"href":"https:\/\/www.europesays.com\/es\/wp-json\/wp\/v2\/tags?post=151233"}],"curies":[{"name":"wp","href":"https:\/\/api.w.org\/{rel}","templated":true}]}}