{"id":151242,"date":"2025-10-01T19:09:09","date_gmt":"2025-10-01T19:09:09","guid":{"rendered":"https:\/\/www.europesays.com\/es\/151242\/"},"modified":"2025-10-01T19:09:09","modified_gmt":"2025-10-01T19:09:09","slug":"los-tres-pilotos-que-sumo-cadillac-a-su-equipo-de-cara-al-estreno-en-la-formula-1-el-proximo-ano-el-rol-que-tendran","status":"publish","type":"post","link":"https:\/\/www.europesays.com\/es\/151242\/","title":{"rendered":"Los tres pilotos que sum\u00f3 Cadillac a su equipo de cara al estreno en la F\u00f3rmula 1 el pr\u00f3ximo a\u00f1o: el rol que tendr\u00e1n"},"content":{"rendered":"<p><img alt=\"El brasile\u00f1o Pietro Fittipaldi ser\u00e1\" class=\"global-image\" decoding=\"async\" fetchpriority=\"high\" height=\"1413\" loading=\"eager\" src=\"https:\/\/www.europesays.com\/es\/wp-content\/uploads\/2025\/10\/A5S2ZHIN4FE4NDOQ54CPLBCIPI.jpg\" width=\"1920\"\/>El brasile\u00f1o Pietro Fittipaldi ser\u00e1 uno de los tres pilotos de simulador de Cadillac<\/p>\n<p class=\"paragraph\"><b>Cadillac <\/b>tiene su estructura completa para iniciar una nueva era de la <b>F\u00f3rmula 1<\/b>. Con <a rel=\"noopener noreferrer nofollow\" href=\"https:\/\/www.infobae.com\/deportes\/2025\/08\/26\/cadillac-confirmo-a-checo-perez-y-valtteri-bottas-como-pilotos-titulares-para-el-estreno-como-la-11-escuderia-de-la-formula-1\/\" target=\"_blank\" title=\"https:\/\/www.infobae.com\/deportes\/2025\/08\/26\/cadillac-confirmo-a-checo-perez-y-valtteri-bottas-como-pilotos-titulares-para-el-estreno-como-la-11-escuderia-de-la-formula-1\/\"><b>Valtteri Bottas<\/b> y <b>Sergio <\/b><b>Checo<\/b><b> P\u00e9rez<\/b><\/a> como titulares, m\u00e1s el <a rel=\"noopener noreferrer nofollow\" href=\"https:\/\/www.infobae.com\/deportes\/2025\/09\/03\/cadillac-confirmo-a-uno-de-los-pilotos-mas-buscados-como-reserva-en-la-f1-que-pasara-con-el-argentino-nico-varrone\/\" target=\"_blank\" title=\"https:\/\/www.infobae.com\/deportes\/2025\/09\/03\/cadillac-confirmo-a-uno-de-los-pilotos-mas-buscados-como-reserva-en-la-f1-que-pasara-con-el-argentino-nico-varrone\/\">norteamericano <b>Colton Herta<\/b> como reserva<\/a>, la flamante escuder\u00eda de la M\u00e1xima anunci\u00f3 el desembarco de otros <b>tres corredores para desarrollar el coche<\/b> que estar\u00e1 en pista en el 2026: <b>Pietro Fittipaldi, Charlie Eastwood y Simon Pagenaud<\/b>.<\/p>\n<p class=\"paragraph\">El brasile\u00f1o <b>Fittipaldi<\/b>, de 29 a\u00f1os, fue suplente de <b>Haas <\/b>durante dos temporadas en la F1 e incluso sum\u00f3 dos carreras en su historial cuando debi\u00f3 reemplazar al franc\u00e9s Romain Grosjean tras el impactante accidente que sufri\u00f3 <a rel=\"noopener noreferrer nofollow\" href=\"https:\/\/www.infobae.com\/deportes\/2025\/09\/29\/el-emocionante-regreso-a-la-f1-del-piloto-que-hace-cinco-anos-sufrio-un-dramatico-accidente-entre-llamas-me-hicieron-llorar\/\" target=\"_blank\" title=\"https:\/\/www.infobae.com\/deportes\/2025\/09\/29\/el-emocionante-regreso-a-la-f1-del-piloto-que-hace-cinco-anos-sufrio-un-dramatico-accidente-entre-llamas-me-hicieron-llorar\/\">durante el final del calendario 2020<\/a>. Fue 17\u00b0 en el GP de Sakhir que tuvo tres abandonos y volvi\u00f3 a quedar \u00faltimo en el GP de Abu Dhabi que cerr\u00f3 el calendario, en ambos casos por detr\u00e1s de su compa\u00f1ero de equipo Kevin Magnussen.<\/p>\n<p class=\"paragraph\">Tras participar el a\u00f1o pasado en IndyCar Series con Rahal Letterman Lanigan Racing, el nieto del m\u00edtico Emerson Fittipaldi, estar\u00e1 otra vez vinculado a la F1 como corredor del simulador: \u201c\u00a1Estoy muy orgulloso de finalmente compartir que me he unido al Cadillac F1 Team! <b>Hemos estado trabajando juntos en el desarrollo del coche de F1 2026 del equipo<\/b>. Junto con mis compa\u00f1eros de equipo hemos estado <b>haciendo extensas pruebas de simulador y simulaciones completas de fin de semana de carrera<\/b> para prepararnos para la pr\u00f3xima temporada. Es un privilegio aportar mi experiencia a un proyecto de esta escala y ser parte de una marca tan ic\u00f3nica como Cadillac\u00bb, indic\u00f3 en sus redes sociales.<\/p>\n<p><img alt=\"El anuncio de Charlie Eastwood\" class=\"global-image\" decoding=\"async\" fetchpriority=\"low\" height=\"1321\" loading=\"lazy\" src=\"https:\/\/www.europesays.com\/es\/wp-content\/uploads\/2025\/10\/B73QEYUQ3FCNPKE5KNS3CMUXPU.jpg\" width=\"1920\"\/>El anuncio de Charlie Eastwood<\/p>\n<p class=\"paragraph\">Ese mismo rol ocupan el franc\u00e9s Pagenaud y el irland\u00e9s Eastwood. \u201c<b>Me siento honrado de anunciar que me voy a unir a Cadillac F1 como conductor de simulador<\/b>. Voy a poder contribuir a su entrada en F\u00f3rmula 1 apoyando al equipo a trav\u00e9s del trabajo de simulador y programas de desarrollo apoyados en experiencias pasadas. Quiero agradecer a Cadillac por la confianza que han depositado en m\u00ed, especialmente en un momento tan importante\u201d, escribi\u00f3 <b>Eastwood <\/b>en su Instagram. Charlie tiene <b>30 a\u00f1os<\/b> y representa a General Motors a nivel oficial con un GT3 de Corvette, pero lo m\u00e1s importante para su flamante rol es que ejerci\u00f3 como <b>corredor de simulador de Mercedes<\/b> durante varios a\u00f1os hasta su reciente salida de esa estructura.<\/p>\n<p class=\"paragraph\">La historia de <b>Pagenaud<\/b>, de <b>41 a\u00f1os<\/b>, es la m\u00e1s particular de este nuevo grupo de apoyo de Cadillac. A mediados del 2023, el campe\u00f3n IndyCar Series del 2016 protagoniz\u00f3 un brutal accidente tras sufrir una aver\u00eda en los frenos y no volvi\u00f3 a competir desde entonces. Hab\u00eda sido reclutado por GM para realizar pruebas de simulador de IndyCar en su centro de simulaci\u00f3n en Charlotte y luego dio el salto al equipo de F1.<\/p>\n<p class=\"paragraph\">\u201cFeliz de anunciar oficialmente mi papel en este ambicioso y emocionante proyecto de F\u00f3rmula 1!\u201d, escribi\u00f3 en su perfil oficial de Instagram para confirmar formalmente su rol.<\/p>\n<p><img alt=\"Simon Pagenaud confirm\u00f3 que es\" class=\"global-image\" decoding=\"async\" fetchpriority=\"low\" height=\"1584\" loading=\"lazy\" src=\"https:\/\/www.europesays.com\/es\/wp-content\/uploads\/2025\/10\/SQFRNR72DFDBFKLVYGV3HDISRY.jpg\" width=\"1920\"\/>Simon Pagenaud confirm\u00f3 que es parte del equipo Cadillac<\/p>\n<p class=\"paragraph\">El director del equipo Cadillac F1, Graeme Lowdon, se refiri\u00f3 a este triple anuncio: \u201cNuestro trabajo en el simulador en Charlotte es extremadamente importante para la construcci\u00f3n del equipo. <b>Es crucial en muchos aspectos: consolidar nuestro rendimiento base y la configuraci\u00f3n aerodin\u00e1mica, permitirnos estar listos para competir durante un fin de semana de gran premio, validar sistemas y protocolos, pero tambi\u00e9n establecer canales de comunicaci\u00f3n claros<\/b> y eficientes entre nuestras sedes en Estados Unidos, Reino Unido y, finalmente, en pista\u201d.<\/p>\n<p class=\"paragraph\">El flamante team que se unir\u00e1 como 11\u00b0 equipo a la F1 en 2026 tendr\u00e1 de este modo a estos tres experimentados corredores en el desarrollo del coche, que ser\u00e1 vital ya que iniciar\u00e1 con nuevas reglamentaciones. Bottas y Checo P\u00e9rez ser\u00e1n los principales, con el destacado piloto norteamericano Herta como relevo ante una posible baja de los dos experimentados titulares.<\/p>\n","protected":false},"excerpt":{"rendered":"El brasile\u00f1o Pietro Fittipaldi ser\u00e1 uno de los tres pilotos de simulador de Cadillac Cadillac tiene su estructura&hellip;\n","protected":false},"author":2,"featured_media":151243,"comment_status":"","ping_status":"","sticky":false,"template":"","format":"standard","meta":{"footnotes":""},"categories":[270],"tags":[168,25,24,306,271,272,23,167],"class_list":{"0":"post-151242","1":"post","2":"type-post","3":"status-publish","4":"format-standard","5":"has-post-thumbnail","7":"category-formula-1","8":"tag-deportes","9":"tag-es","10":"tag-espana","11":"tag-f1","12":"tag-formula-1","13":"tag-formula1","14":"tag-spain","15":"tag-sports"},"share_on_mastodon":{"url":"","error":""},"_links":{"self":[{"href":"https:\/\/www.europesays.com\/es\/wp-json\/wp\/v2\/posts\/151242","targetHints":{"allow":["GET"]}}],"collection":[{"href":"https:\/\/www.europesays.com\/es\/wp-json\/wp\/v2\/posts"}],"about":[{"href":"https:\/\/www.europesays.com\/es\/wp-json\/wp\/v2\/types\/post"}],"author":[{"embeddable":true,"href":"https:\/\/www.europesays.com\/es\/wp-json\/wp\/v2\/users\/2"}],"replies":[{"embeddable":true,"href":"https:\/\/www.europesays.com\/es\/wp-json\/wp\/v2\/comments?post=151242"}],"version-history":[{"count":0,"href":"https:\/\/www.europesays.com\/es\/wp-json\/wp\/v2\/posts\/151242\/revisions"}],"wp:featuredmedia":[{"embeddable":true,"href":"https:\/\/www.europesays.com\/es\/wp-json\/wp\/v2\/media\/151243"}],"wp:attachment":[{"href":"https:\/\/www.europesays.com\/es\/wp-json\/wp\/v2\/media?parent=151242"}],"wp:term":[{"taxonomy":"category","embeddable":true,"href":"https:\/\/www.europesays.com\/es\/wp-json\/wp\/v2\/categories?post=151242"},{"taxonomy":"post_tag","embeddable":true,"href":"https:\/\/www.europesays.com\/es\/wp-json\/wp\/v2\/tags?post=151242"}],"curies":[{"name":"wp","href":"https:\/\/api.w.org\/{rel}","templated":true}]}}