{"id":151244,"date":"2025-10-01T19:10:15","date_gmt":"2025-10-01T19:10:15","guid":{"rendered":"https:\/\/www.europesays.com\/es\/151244\/"},"modified":"2025-10-01T19:10:15","modified_gmt":"2025-10-01T19:10:15","slug":"unicaja-i-el-unicaja-regresa-a-los-entrenamientos-para-preparar-el-partido-contra-el-bilbao-basket","status":"publish","type":"post","link":"https:\/\/www.europesays.com\/es\/151244\/","title":{"rendered":"UNICAJA I El Unicaja regresa a los entrenamientos para preparar el partido contra el Bilbao Basket"},"content":{"rendered":"<p class=\"ft-text\"><strong>El <\/strong><a class=\"ft-link ft-link--decoration\" href=\"https:\/\/www.laopiniondemalaga.es\/unicaja\/\" rel=\"nofollow noopener\" target=\"_blank\"><strong>Unicaja<\/strong><\/a><strong> regresa este mi\u00e9rcoles por la ma\u00f1ana al trabajo.<\/strong> Despu\u00e9s de tres d\u00edas de descanso, tras perder contra el Valencia Basket, el pasado s\u00e1bado, en la semifinal de la Supercopa Endesa, jugada en el Mart\u00edn Carpena, la plantilla cajista vuelve al tajo para comenzar a preparar el inminente inicio de la <a class=\"ft-link ft-link--decoration\" href=\"https:\/\/www.laopiniondemalaga.es\/deportes\/baloncesto\/acb\/clasificacion-liga.html\" rel=\"nofollow noopener\" target=\"_blank\">Liga Endesa<\/a>, el pr\u00f3ximo fin de semana.<\/p>\n<p>Cita en el Carpena<\/p>\n<p class=\"ft-text\">Los verdes est\u00e1n citados en el Palacio para poner la mirada ya en el duelo del <strong>pr\u00f3ximo s\u00e1bado, a partir de las 18 horas, contra el Surne Bilbao Basket, <\/strong>correspondiente a la jornada 1 de la Fase Regular liguera.<\/p>\n<p class=\"ft-text\"><strong>El nombre propio de esta primera cita de la semana es el del ala-p\u00edvot dominicano Tyson P\u00e9rez<\/strong>, que no pudo jugar el pasado s\u00e1bado contra el Valencia <a class=\"ft-link ft-link--decoration\" href=\"https:\/\/www.laopiniondemalaga.es\/unicaja\/2025\/09\/27\/descarte-ibon-navarro-semifinal-supercopa-valencia-122006546.html\" rel=\"nofollow noopener\" target=\"_blank\">por unas molestias f\u00edsicas que habr\u00e1 que evaluar,<\/a> para saber si puede volver a la convocatoria el fin de semana.<\/p>\n<p>13 jugadores<\/p>\n<p class=\"ft-text\"><strong>Hay que recordar que la plantilla cajista esta temporada la componen 13 jugadores,<\/strong> uno menos que el curso pasado, por lo que Ibon Navarro debe hacer un descarte para cada convocatoria. Ese jugador que descansa puede ser de cualquier nacionalidad ya que tanto en <a class=\"ft-link ft-link--decoration\" href=\"https:\/\/www.laopiniondemalaga.es\/deportes\/futbol\/primera-division\/clasificacion-liga.html\" target=\"_blank\" rel=\"nofollow noopener\">la Liga<\/a> Endesa como en la BCL,<strong> el Unicaja cuenta con un extra de \u00abcupos\u00bb<\/strong> que le permite dejar fuera en cualquiera de las dos competiciones a un jugador nacional, si es que as\u00ed lo considera necesario Ibon Navarro.<\/p>\n<p>Ofrenda<\/p>\n<p class=\"ft-text\">Ser\u00e1 un mi\u00e9rcoles de mucha actividad ya que habr\u00e1 entrenamiento en la sesi\u00f3n matinal y por la tarde se llevar\u00e1 a cabo la <strong>tradicional ofrenda a la Virgen de la Victoria<\/strong>, en el que se aprovechar\u00e1 tambi\u00e9n para celebrar con los aficionados que se den cita en los exteriores del Santuario la <a class=\"ft-link ft-link--decoration\" href=\"https:\/\/www.laopiniondemalaga.es\/unicaja\/2025\/09\/21\/unicaja-repite-exito-intercontinental-singapur-g-league-2025-121802358.html\" rel=\"nofollow noopener\" target=\"_blank\">consecuci\u00f3n, hace un par de fines de semana, de la Copa Intercontinental en Singapur.<\/a><\/p>\n<p>Surne Bilbao, primera etapa de una marat\u00f3n<\/p>\n<p class=\"ft-text\">El equipo cajista seguir\u00e1 trabajando jueves, viernes y s\u00e1bado pensando en el <strong>Surne Bilbao de Melwin Pantzar<\/strong> y en un <a class=\"ft-link ft-link--decoration\" href=\"https:\/\/www.laopiniondemalaga.es\/unicaja\/2025\/09\/30\/octubre-exigente-unicaja-calendario-acb-liga-endesa-bcl-122124121.html\" rel=\"nofollow noopener\" target=\"_blank\">mes de octubre cargado de retos, con 7 partidos en solo 26 d\u00edas<\/a> que exigir\u00e1n una mejor\u00eda del equipo respecto a lo visto en la Copa Intercontinental y en la Supercopa.<\/p>\n","protected":false},"excerpt":{"rendered":"El Unicaja regresa este mi\u00e9rcoles por la ma\u00f1ana al trabajo. Despu\u00e9s de tres d\u00edas de descanso, tras perder&hellip;\n","protected":false},"author":2,"featured_media":151245,"comment_status":"","ping_status":"","sticky":false,"template":"","format":"standard","meta":{"footnotes":""},"categories":[269],"tags":[299,298,168,25,24,10957,34705,18234,738,1429,2902,23,167,2752,45840,2246],"class_list":{"0":"post-151244","1":"post","2":"type-post","3":"status-publish","4":"format-standard","5":"has-post-thumbnail","7":"category-baloncesto","8":"tag-baloncesto","9":"tag-basketball","10":"tag-deportes","11":"tag-es","12":"tag-espana","13":"tag-fin-de-semana","14":"tag-ibon-navarro","15":"tag-pendiente","16":"tag-perez","17":"tag-plantilla","18":"tag-regresa","19":"tag-spain","20":"tag-sports","21":"tag-trabajo","22":"tag-tyson","23":"tag-unicaja"},"share_on_mastodon":{"url":"","error":""},"_links":{"self":[{"href":"https:\/\/www.europesays.com\/es\/wp-json\/wp\/v2\/posts\/151244","targetHints":{"allow":["GET"]}}],"collection":[{"href":"https:\/\/www.europesays.com\/es\/wp-json\/wp\/v2\/posts"}],"about":[{"href":"https:\/\/www.europesays.com\/es\/wp-json\/wp\/v2\/types\/post"}],"author":[{"embeddable":true,"href":"https:\/\/www.europesays.com\/es\/wp-json\/wp\/v2\/users\/2"}],"replies":[{"embeddable":true,"href":"https:\/\/www.europesays.com\/es\/wp-json\/wp\/v2\/comments?post=151244"}],"version-history":[{"count":0,"href":"https:\/\/www.europesays.com\/es\/wp-json\/wp\/v2\/posts\/151244\/revisions"}],"wp:featuredmedia":[{"embeddable":true,"href":"https:\/\/www.europesays.com\/es\/wp-json\/wp\/v2\/media\/151245"}],"wp:attachment":[{"href":"https:\/\/www.europesays.com\/es\/wp-json\/wp\/v2\/media?parent=151244"}],"wp:term":[{"taxonomy":"category","embeddable":true,"href":"https:\/\/www.europesays.com\/es\/wp-json\/wp\/v2\/categories?post=151244"},{"taxonomy":"post_tag","embeddable":true,"href":"https:\/\/www.europesays.com\/es\/wp-json\/wp\/v2\/tags?post=151244"}],"curies":[{"name":"wp","href":"https:\/\/api.w.org\/{rel}","templated":true}]}}