{"id":151246,"date":"2025-10-01T19:11:11","date_gmt":"2025-10-01T19:11:11","guid":{"rendered":"https:\/\/www.europesays.com\/es\/151246\/"},"modified":"2025-10-01T19:11:11","modified_gmt":"2025-10-01T19:11:11","slug":"el-granada-ensaya-con-bouldini-y-faye-como-nueves-ante-la-ausencia-de-pascual","status":"publish","type":"post","link":"https:\/\/www.europesays.com\/es\/151246\/","title":{"rendered":"El Granada ensaya con Bouldini y Faye como &#8216;nueves&#8217; ante la ausencia de Pascual"},"content":{"rendered":"<p>El Granada ensay\u00f3 en el entrenamiento del mi\u00e9rcoles con Mohamed Bouldini y Souleymane Faye como &#8216;nueves&#8217; ante la ausencia de Jorge Pascual. El almeriense realiz\u00f3  &#8230; trabajo aparte junto con el readaptador Manu Dimas despu\u00e9s de arrancar la jornada en el gimnasio junto al resto de compa\u00f1eros. Rub\u00e9n Alcaraz y Manu Lama no aparecieron siquiera por el verde.<\/p>\n<p class=\"v-p\">Las del delantero, el centrocampista y el defensa fueron las bajas m\u00e1s significativas de la sesi\u00f3n, que arranc\u00f3 a puerta abierta para la prensa cerca de las 11 horas en la Ciudad Deportiva. Tras unos ejercicios de control y pase con cambio de ritmo iniciales, Pacheta dividi\u00f3 al grupo en dos equipos para practicar el despliegue t\u00e1ctico del equipo en situaciones de ataque, defensa y contraataque. Fue en esta actividad cuando se vio a Faye atacando como punta de lanza pese a su condici\u00f3n de extremo, una posici\u00f3n alternativa que el propio t\u00e9cnico siempre confirm\u00f3 tener en cuenta en caso de necesidad.<\/p>\n<p class=\"v-p\">Est\u00e1 por ver si dicho planteamiento se mantiene de cara al pr\u00f3ximo s\u00e1bado en el partido de los rojiblancos contra la Real Sociedad B. Lo l\u00f3gico es que dicha plaza sea para Mohamed Bouldini o para el propio Pascual si supera sus molestias. Se desconoce qu\u00e9 tipo de problema f\u00edsico arrastra, aunque en Huesca no tuvo un buen rendimiento, por lo que el marroqu\u00ed podr\u00eda tener una nueva oportunidad para empezar como titular al ejercitarse tambi\u00e9n como referencia arriba.<\/p>\n<p class=\"v-p\">En el centro del campo, Pacheta mantuvo el trivote a lo largo de la pr\u00e1ctica con el desempe\u00f1o de Sergio Ruiz, Luka Gagnidze, Pedro Alema\u00f1, Manu Trigueros y Martin Hongla, quien por momentos actu\u00f3 casi como de delantero en la presi\u00f3n. Los recreativistas Carlos Guirao, Samu Cort\u00e9s, Obi, Flores y Dominique completaron la jornada de trabajo de los &#8216;mayores&#8217;, marcada \u00edntegramente por mini partidos centrados en ataque y defensa.<\/p>\n<p>Retirados<\/p>\n<p class=\"v-p\">A mitad de la sesi\u00f3n, se retiraron Alema\u00f1, Sergio Ruiz, Diego Hormigo y \u00c1lex Sola. El grupo redujo el campo y pas\u00f3 a llevar a cabo ejercicios de seis contra seis antes de concluir el d\u00eda con lanzamientos de penaltis, por los que pasaron delanteros, centrocampistas y defensas antes de poner rumbo a los vestuarios.<\/p>\n","protected":false},"excerpt":{"rendered":"El Granada ensay\u00f3 en el entrenamiento del mi\u00e9rcoles con Mohamed Bouldini y Souleymane Faye como &#8216;nueves&#8217; ante la&hellip;\n","protected":false},"author":2,"featured_media":151247,"comment_status":"","ping_status":"","sticky":false,"template":"","format":"standard","meta":{"footnotes":""},"categories":[268],"tags":[1575,3272,45841,168,26332,25,24,45842,280,282,494,45843,4582,281,23,167],"class_list":{"0":"post-151246","1":"post","2":"type-post","3":"status-publish","4":"format-standard","5":"has-post-thumbnail","7":"category-futbol","8":"tag-ante","9":"tag-ausencia","10":"tag-bouldini","11":"tag-deportes","12":"tag-ensaya","13":"tag-es","14":"tag-espana","15":"tag-faye","16":"tag-football","17":"tag-futbol","18":"tag-granada","19":"tag-nueves","20":"tag-pascual","21":"tag-soccer","22":"tag-spain","23":"tag-sports"},"share_on_mastodon":{"url":"","error":""},"_links":{"self":[{"href":"https:\/\/www.europesays.com\/es\/wp-json\/wp\/v2\/posts\/151246","targetHints":{"allow":["GET"]}}],"collection":[{"href":"https:\/\/www.europesays.com\/es\/wp-json\/wp\/v2\/posts"}],"about":[{"href":"https:\/\/www.europesays.com\/es\/wp-json\/wp\/v2\/types\/post"}],"author":[{"embeddable":true,"href":"https:\/\/www.europesays.com\/es\/wp-json\/wp\/v2\/users\/2"}],"replies":[{"embeddable":true,"href":"https:\/\/www.europesays.com\/es\/wp-json\/wp\/v2\/comments?post=151246"}],"version-history":[{"count":0,"href":"https:\/\/www.europesays.com\/es\/wp-json\/wp\/v2\/posts\/151246\/revisions"}],"wp:featuredmedia":[{"embeddable":true,"href":"https:\/\/www.europesays.com\/es\/wp-json\/wp\/v2\/media\/151247"}],"wp:attachment":[{"href":"https:\/\/www.europesays.com\/es\/wp-json\/wp\/v2\/media?parent=151246"}],"wp:term":[{"taxonomy":"category","embeddable":true,"href":"https:\/\/www.europesays.com\/es\/wp-json\/wp\/v2\/categories?post=151246"},{"taxonomy":"post_tag","embeddable":true,"href":"https:\/\/www.europesays.com\/es\/wp-json\/wp\/v2\/tags?post=151246"}],"curies":[{"name":"wp","href":"https:\/\/api.w.org\/{rel}","templated":true}]}}