{"id":151250,"date":"2025-10-01T19:13:14","date_gmt":"2025-10-01T19:13:14","guid":{"rendered":"https:\/\/www.europesays.com\/es\/151250\/"},"modified":"2025-10-01T19:13:14","modified_gmt":"2025-10-01T19:13:14","slug":"el-escultor-jaime-mulet-y-su-vinculacion-con-xabia-noticias-de-xabia-javea","status":"publish","type":"post","link":"https:\/\/www.europesays.com\/es\/151250\/","title":{"rendered":"El escultor Jaime Mulet y su vinculaci\u00f3n con X\u00e0bia | Noticias de X\u00e0bia \/ J\u00e1vea"},"content":{"rendered":"<p style=\"text-align:center;\"><strong>David Guti\u00e9rrez Pulido \u00b7 Historiador del arte \u00b7 <\/strong><a href=\"http:\/\/www.sorollajavea.wordpress.com\/\" rel=\"nofollow noopener\" target=\"_blank\"><strong>www.sorollajavea.wordpress.com<\/strong><\/a><\/p>\n<p style=\"text-align:justify;\">\u00a0<\/p>\n<p style=\"text-align:justify;\">La semana pasada dimos a conocer la noticia de la recuperaci\u00f3n de la placa de yeso dedicada al pintor Joaqu\u00edn Sorolla y la historia de conmemoraci\u00f3n de su centenario ante la inauguraci\u00f3n de una plaza en 1925 (<a href=\"https:\/\/xabiaaldia.com\/art\/158163\/centenario-de-la-primera-plaza-dedicada-a-sorolla-en-xabia\" rel=\"nofollow noopener\" target=\"_blank\"><strong>ver art\u00edculo<\/strong><\/a>). <strong>Esta placa pose\u00eda la firma de Jaime Mulet, y con esta excusa vamos a acercarnos a saber un poco m\u00e1s sobre este escultor y la vinculaci\u00f3n que tuvo con X\u00e0bia<\/strong>, gracias a la investigaci\u00f3n que llev\u00f3 a cabo el historiador Juan Bautista Codina Bas en colaboraci\u00f3n con el cronista de Gata de Gorgos, Miguel Vives Signes.<\/p>\n<p style=\"text-align:justify;\">\u00a0<\/p>\n<p style=\"text-align:justify;\">Jaime Mulet Mulet naci\u00f3 el 17 de febrero de 1878 en Gata de Gorgos. Con tan s\u00f3lo tres a\u00f1os, su familia se traslad\u00f3 a vivir a Valencia en 1881, en el barrio del Carmen, junto a la Real Academia de Bellas Artes de San Carlos, por lo que se rode\u00f3 de un ambiente art\u00edstico. En 1889 sabemos que era jornalero, pero alguna inclinaci\u00f3n art\u00edstica ya ten\u00eda que haberse despertado cuando entre los a\u00f1os de 1901 y 1903 se encontraba cursando asignaturas sueltas en la instituci\u00f3n valenciana. Posteriormente consta que instal\u00f3 su taller escult\u00f3rico en su domicilio, en la calle Cadirers, 12.<\/p>\n<p style=\"text-align:justify;\">\u00a0<\/p>\n<p style=\"text-align:justify;\"><img decoding=\"async\" alt=\"[Img #11900]\" class=\"RichTextAlignCenter\" src=\"https:\/\/www.europesays.com\/es\/wp-content\/uploads\/2025\/10\/3982_fig-2.png\" style=\"width:670px;height:475px;\"\/><\/p>\n<p style=\"text-align:justify;\">\u00a0<\/p>\n<p style=\"text-align:justify;\"><strong>No se conocen obras documentadas de juventud. Tan s\u00f3lo, la placa de la Plaza Pintor Sorolla de X\u00e0bia es la obra m\u00e1s antigua conocida a su persona hasta el momento<\/strong>. El hecho de realizar esta obra viene motivado por la amistad que ten\u00eda que tener con el pintor xabiero Pedro Bas Codina, el cual fue el que ide\u00f3 la propuesta de crear una plaza conmemorativa para Sorolla en X\u00e0bia. Pedro Bas se hab\u00eda formado en gracias a la protecci\u00f3n del pintor Leopoldo Garc\u00eda Ram\u00f3n, y gracias a una beca, continu\u00f3 su formaci\u00f3n, primero en Valencia para luego trasladarse a Par\u00eds. Fue en estos a\u00f1os cuando ten\u00eda que haber un contacto estrecho entre Bas y Mulet, sumado al hecho de que era natural de Gata de Gorgos.<\/p>\n<p style=\"text-align:justify;\">\u00a0<\/p>\n<p style=\"text-align:justify;\">La placa de yeso, en donde aparece encuadrado en retrato de perfil de Sorolla, y con unas letras modernistas con la inscripci\u00f3n de la plaza, no resulta ser muy realista. Est\u00e1 ejecutada con unos trazos sencillos sin ahondar en los rasgos detallados hacia el pintor. Es obvio que para poder llevarla a cabo, no pudo tener a Sorolla como modelo, y tampoco sabemos si lo lleg\u00f3 a conocer personalmente. El caso, es que tuvo que inspirarse en alguna otra obra o bien imagen para poder reproducirlo. <strong>En este sentido, pensamos que la inspiraci\u00f3n para ejecutar esta placa fue la pieza en bronce que hab\u00eda realizado el gran escultor Mariano Benlliure con ocasi\u00f3n de la inauguraci\u00f3n de la Calle Pintor Sorolla de Valencia, en 1900, la cual fue fundida y ubicada en su lugar actual en 1909<\/strong>. El bronce muestra tambi\u00e9n un retrato en perfil de Sorolla, y es m\u00e1s que evidente ver, que el naturalismo y detallismo que muestra Benlliure en su obra dista mucho del retrato ejecutado por Mulet. Tampoco tenemos que descartar que hubiera una inspiraci\u00f3n en la placa de bronce de la Plaza Mariano Benlliure de Valencia, cuya composici\u00f3n y letras son muy parecidas a la placa de yeso de X\u00e0bia. Esta \u00faltima fue dise\u00f1ada por el mismo Sorolla a pesar de no ser su \u00e1mbito art\u00edstico.<\/p>\n<p style=\"text-align:justify;\">\u00a0<\/p>\n<p style=\"text-align:justify;\"><img decoding=\"async\" alt=\"[Img #11901]\" class=\"RichTextAlignCenter\" src=\"https:\/\/www.europesays.com\/es\/wp-content\/uploads\/2025\/10\/8262_fig-3.png\" style=\"width:670px;height:475px;\"\/><\/p>\n<p style=\"text-align:justify;\">\u00a0<\/p>\n<p style=\"text-align:justify;\">Es curioso ver, que la presente placa de yeso se quedara en este material, y no se decidiera traspasarla al bronce ya que esto supondr\u00eda una mayor calidad y perdurabilidad, pero hay que pensar que un trabajo as\u00ed supondr\u00eda un mayor coste econ\u00f3mico que el ayuntamiento de X\u00e0bia no pudo asumir, qued\u00e1ndose solamente en este material m\u00e1s barato pero al mismo tiempo, m\u00e1s factible de acelerar su deterioro al estar expuesto a la intemperie y humedad.<\/p>\n<p style=\"text-align:justify;\">\u00a0<\/p>\n<p style=\"text-align:justify;\"><strong>La obra de Jaime Mulet Mulet m\u00e1s conocida se produce una vez concluida la Guerra Civil Espa\u00f1ola<\/strong>. En tiempos de guerra es sabido que muchas iglesias y conventos, as\u00ed como retablos e imaginer\u00eda religiosa fueron destrozados o quemados. Esto provoc\u00f3 que desde el Arzobispado de Valencia, se creara la llamada Comisi\u00f3n de Arte Sacro, cuya misi\u00f3n era impedir que se adquirieran im\u00e1genes de baja calidad y realizadas en serie y potenciar m\u00e1s a los escultores y talleres valencianos para crear obras de talla propia y de calidad. En este marco es donde destac\u00f3 el taller escult\u00f3rico de Jaime Mulet Mulet, del cual, Juan Bautista Codina publica una relaci\u00f3n de m\u00e1s de cincuenta tallas que quedan registradas entre los a\u00f1os de 1939 y 1953.<\/p>\n<p style=\"text-align:justify;\">\u00a0<\/p>\n<p style=\"text-align:justify;\"><img decoding=\"async\" alt=\"[Img #11902]\" class=\"RichTextAlignCenter\" src=\"https:\/\/www.europesays.com\/es\/wp-content\/uploads\/2025\/10\/3113_fig-4.jpg\" style=\"width:670px;height:502px;\"\/><\/p>\n<p style=\"text-align:justify;\">\u00a0<\/p>\n<p>De todas las que aparecen registradas, cuatro tallas fueron esculpidas para la iglesia San Miguel Arc\u00e1ngel de Gata de Gorgos, lugar natural del escultor, entre los a\u00f1os de 1940 y 1942, aunque sabemos que no fueron las \u00fanicas. <strong>En lo que se refiere a X\u00e0bia, vuelve a tener una relaci\u00f3n directa al encargarle una talla nueva, la imagen de San Jos\u00e9 para su altar<\/strong>. La capilla con su retablo e imagen hab\u00eda desaparecido el 25 de julio de 1936, momento en que se llev\u00f3 a cabo la quema de im\u00e1genes. Desde entonces, la capilla, como todas las de la iglesia, quedaron vac\u00edas, hasta que poco a poco se fueron restableciendo en la d\u00e9cada de 1940.<\/p>\n<p>\u00a0<\/p>\n<p>La imagen de San Jos\u00e9 se trata de una talla en madera policromada, con la efigie de pie portando la vara floreada que le identifica y con el Ni\u00f1o Jes\u00fas en sus brazos, quien porta una peque\u00f1a cruz en su brazo. El tierno gesto de cabeza ladeada y la mano del Ni\u00f1o acariciando su barba infunden mucha ternura. La talla es de madera policromada al \u00f3leo, con los tonos pardos que caracterizan al santo, y decorada con capas metalizadas doradas. La efigie se sit\u00faa sobre una base representando unas nubes con peque\u00f1os querubines de cuerpo entero y otros con cabezas y alas solamente. <strong>Sabemos que la fecha del proyecto que firma Jaime Mulet est\u00e1 fechada el 10 de enero de 1948, y que el retablo neog\u00f3tico que dise\u00f1\u00f3 el conocido tosquero Vicent de Gracia, lo concluy\u00f3 en el mes de abril de 1948<\/strong>. Tambi\u00e9n, por tradici\u00f3n oral, se dice que los gastos de este altar fueron sufragados por los Jos\u00e9s y Josefas de X\u00e0bia.<\/p>\n<p>\u00a0<\/p>\n<p>Por tanto, adem\u00e1s de conocer algunas peculiaridades sobre el escultor gatero Jaime Mulet Mulet, podemos concluir con que en X\u00e0bia, se conserva la obra escult\u00f3rica m\u00e1s antigua hasta ahora conocida y adem\u00e1s relacionada con Sorolla y su relaci\u00f3n con la poblaci\u00f3n.<\/p>\n<p>\u00a0<\/p>\n<p>\u00a0<\/p>\n<p><strong>BIBLIOGRAF\u00cdA<\/strong><\/p>\n<p>CODINA BAS, Juan Bautista: \u201cJaime Mulet Mulet (escultor) (Gata 1878 \u2013 Valencia 1963)\u201d, Festes Gata\u201911. Gata de Gorgos. 2011, pp. 80-82.<\/p>\n<p>\u00a0<\/p>\n<p>Agradecemos a\u00a0 Vicent Catal\u00e1, Restauraci\u00f3n y Antig\u00fcedades, por su colaboraci\u00f3n y aportaciones.<\/p>\n","protected":false},"excerpt":{"rendered":"David Guti\u00e9rrez Pulido \u00b7 Historiador del arte \u00b7 www.sorollajavea.wordpress.com \u00a0 La semana pasada dimos a conocer la noticia&hellip;\n","protected":false},"author":2,"featured_media":151251,"comment_status":"","ping_status":"","sticky":false,"template":"","format":"standard","meta":{"footnotes":""},"categories":[173],"tags":[229,233,45849,231,230,26403,45847,45848,232,234,146,147,25,24,45844,45845,45846,23],"class_list":{"0":"post-151250","1":"post","2":"type-post","3":"status-publish","4":"format-standard","5":"has-post-thumbnail","7":"category-arte-y-diseno","8":"tag-arte","9":"tag-arte-y-diseno","10":"tag-articulos-david-gutierrez","11":"tag-arts","12":"tag-arts-and-design","13":"tag-david-gutierrez","14":"tag-david-gutierrez-javea","15":"tag-david-gutierrez-xabia","16":"tag-design","17":"tag-diseno","18":"tag-entertainment","19":"tag-entretenimiento","20":"tag-es","21":"tag-espana","22":"tag-jaime-mulet","23":"tag-jaime-mulet-escultor","24":"tag-jaime-mulet-gata-de-gorgos","25":"tag-spain"},"share_on_mastodon":{"url":"","error":""},"_links":{"self":[{"href":"https:\/\/www.europesays.com\/es\/wp-json\/wp\/v2\/posts\/151250","targetHints":{"allow":["GET"]}}],"collection":[{"href":"https:\/\/www.europesays.com\/es\/wp-json\/wp\/v2\/posts"}],"about":[{"href":"https:\/\/www.europesays.com\/es\/wp-json\/wp\/v2\/types\/post"}],"author":[{"embeddable":true,"href":"https:\/\/www.europesays.com\/es\/wp-json\/wp\/v2\/users\/2"}],"replies":[{"embeddable":true,"href":"https:\/\/www.europesays.com\/es\/wp-json\/wp\/v2\/comments?post=151250"}],"version-history":[{"count":0,"href":"https:\/\/www.europesays.com\/es\/wp-json\/wp\/v2\/posts\/151250\/revisions"}],"wp:featuredmedia":[{"embeddable":true,"href":"https:\/\/www.europesays.com\/es\/wp-json\/wp\/v2\/media\/151251"}],"wp:attachment":[{"href":"https:\/\/www.europesays.com\/es\/wp-json\/wp\/v2\/media?parent=151250"}],"wp:term":[{"taxonomy":"category","embeddable":true,"href":"https:\/\/www.europesays.com\/es\/wp-json\/wp\/v2\/categories?post=151250"},{"taxonomy":"post_tag","embeddable":true,"href":"https:\/\/www.europesays.com\/es\/wp-json\/wp\/v2\/tags?post=151250"}],"curies":[{"name":"wp","href":"https:\/\/api.w.org\/{rel}","templated":true}]}}