{"id":151253,"date":"2025-10-01T19:15:10","date_gmt":"2025-10-01T19:15:10","guid":{"rendered":"https:\/\/www.europesays.com\/es\/151253\/"},"modified":"2025-10-01T19:15:10","modified_gmt":"2025-10-01T19:15:10","slug":"a-mi-no-me-hace-gracia","status":"publish","type":"post","link":"https:\/\/www.europesays.com\/es\/151253\/","title":{"rendered":"A m\u00ed no me hace gracia"},"content":{"rendered":"<p class=\"article-text\">\n        <strong>Gonzalo Mir\u00f3<\/strong> y <strong>Andrea Levy<\/strong> protagonizaron este mi\u00e9rcoles un peque\u00f1o rifirrafe en <strong>Directo al grano<\/strong> (La 1) por la sensibilidad pol\u00edtica del <strong>Partido Popular<\/strong>.\n    <\/p>\n<p>    <a href=\"https:\/\/www.eldiario.es\/vertele\/noticias\/imanol-arias-reaparece-la-1-final-cuentame-disculpa-criticas-rtve-vino-ver-diablo_1_12647798.html\" data-mrf-recirculation=\"saber-mas\" data-dl-event=\"saber-mas\" rel=\"nofollow noopener\" target=\"_blank\"><\/p>\n<p class=\"know-more__title\">Imanol Arias reaparece en La 1 tras el final de &#8216;Cu\u00e9ntame&#8217; y se disculpa por sus cr\u00edticas a RTVE: \u00abMe vino a ver el diablo\u00bb<\/p>\n<p>            <img decoding=\"async\" class=\"lazy\" loading=\"lazy\" data-src=\"https:\/\/static.eldiario.es\/clip\/7c18ab2b-2fc3-486e-87e6-00fa59ee9552_16-9-aspect-ratio_default_0.jpg\" src=\"data:image\/svg+xml,%3Csvg xmlns=\" http:=\"\" viewbox=\"0 0 880 495\" alt=\"Imanol Arias reaparece en La 1 tras el final de 'Cu\u00e9ntame' y se disculpa por sus cr\u00edticas a RTVE: &quot;Me vino a ver el diablo&quot;\"\/><\/p>\n<p>                        <\/a><\/p>\n<p class=\"article-text\">\n        Ocurri\u00f3 mientras en el programa se debat\u00eda la <a href=\"https:\/\/www.eldiario.es\/madrid\/somos\/pp-madrid-aprueba-propuesta-vox-obligar-informar-mujeres-supuesto-sindrome-post-aborto_1_12645853.html\" target=\"_blank\" data-mrf-recirculation=\"links-noticia\" class=\"link\" rel=\"nofollow noopener\">propuesta de Vox<\/a> que ha sido aprobada en el pleno del Ayuntamiento de Madrid \u2013con el apoyo del PP\u2013 para que las mujeres que deseen abortar reciban informaci\u00f3n \u201cde manera obligatoria, verbal y escrita, permanente y visible, sobre el S\u00edndrome Post Aborto\u201d.\n    <\/p>\n<p class=\"article-text\">\n        Para <strong>Marta Flich<\/strong>, este es otro ejemplo de que \u201cel PP de Madrid se acerca cada vez m\u00e1s a Vox\u201d, sin embargo, Andrea Levy reivindica que \u201calgunos\u201d pol\u00edticos del PP, entre los que se incluye, siempre han tenido una posici\u00f3n moderada.\n    <\/p>\n<p class=\"article-text\">\n        <strong>\u201cAlgunos hemos sido de centro siempre\u201d<\/strong>, contest\u00f3 la concejala madrile\u00f1a, cuyas palabras provocaron una carcajada del presentador. A Levy le cambi\u00f3 la cara por completo. <strong>\u201cA m\u00ed no me hace gracia lo que he dicho\u201d<\/strong>, reaccion\u00f3 la tertuliana. \u201cA m\u00ed s\u00ed\u201d, contest\u00f3 Mir\u00f3.\n    <\/p>\n<p>    <a href=\"https:\/\/www.eldiario.es\/vertele\/noticias\/ironia-marc-giro-rtve-semana-despues-monologo-critico-vox-socialista-no-paso_1_12646753.html\" data-mrf-recirculation=\"saber-mas-abajo\" data-dl-event=\"saber-mas-abajo\" rel=\"nofollow noopener\" target=\"_blank\"><\/p>\n<p class=\"know-more__title\">La iron\u00eda de Marc Gir\u00f3 en RTVE, una semana despu\u00e9s del mon\u00f3logo que critic\u00f3 Vox: \u201cPor lo de socialista no paso\u201d<\/p>\n<p>            <img decoding=\"async\" class=\"lazy\" loading=\"lazy\" data-src=\"https:\/\/static.eldiario.es\/clip\/3e57d685-3711-43c3-b716-629251caeb00_16-9-aspect-ratio_default_0.jpg\" src=\"data:image\/svg+xml,%3Csvg xmlns=\" http:=\"\" viewbox=\"0 0 880 495\" alt=\"La iron\u00eda de Marc Gir\u00f3 en RTVE, una semana despu\u00e9s del mon\u00f3logo que critic\u00f3 Vox: &quot;Por lo de socialista no paso&quot;\"\/><\/p>\n<p>                        <\/a><\/p>\n<p class=\"article-text\">\n        La concejala hizo una mueca de desaprobaci\u00f3n. Es evidente que la carcajada del presentador le hab\u00eda molestado. Pero \u00e9l no dio su brazo a torcer. <strong>\u201cYo al PP no lo he visto nunca de centro, jam\u00e1s. Por eso me r\u00edo\u201d<\/strong>, se justific\u00f3 ante la incomodidad de su invitada, que aprovech\u00f3 este tira y afloja para decir por qu\u00e9 Gonzalo Mir\u00f3 no ve de centro al PP: \u201cPorque est\u00e1s dando muchas vueltas\u201d.\n    <\/p>\n","protected":false},"excerpt":{"rendered":"Gonzalo Mir\u00f3 y Andrea Levy protagonizaron este mi\u00e9rcoles un peque\u00f1o rifirrafe en Directo al grano (La 1) por&hellip;\n","protected":false},"author":2,"featured_media":151254,"comment_status":"","ping_status":"","sticky":false,"template":"","format":"standard","meta":{"footnotes":""},"categories":[171],"tags":[45850,45851,2125,146,147,25,24,26322,956,518,23,8487,214],"class_list":{"0":"post-151253","1":"post","2":"type-post","3":"status-publish","4":"format-standard","5":"has-post-thumbnail","7":"category-tv","8":"tag-al-grano","9":"tag-andrea-levy","10":"tag-directo","11":"tag-entertainment","12":"tag-entretenimiento","13":"tag-es","14":"tag-espana","15":"tag-gonzalo-miro","16":"tag-pp","17":"tag-rtve","18":"tag-spain","19":"tag-tension","20":"tag-tv"},"share_on_mastodon":{"url":"","error":""},"_links":{"self":[{"href":"https:\/\/www.europesays.com\/es\/wp-json\/wp\/v2\/posts\/151253","targetHints":{"allow":["GET"]}}],"collection":[{"href":"https:\/\/www.europesays.com\/es\/wp-json\/wp\/v2\/posts"}],"about":[{"href":"https:\/\/www.europesays.com\/es\/wp-json\/wp\/v2\/types\/post"}],"author":[{"embeddable":true,"href":"https:\/\/www.europesays.com\/es\/wp-json\/wp\/v2\/users\/2"}],"replies":[{"embeddable":true,"href":"https:\/\/www.europesays.com\/es\/wp-json\/wp\/v2\/comments?post=151253"}],"version-history":[{"count":0,"href":"https:\/\/www.europesays.com\/es\/wp-json\/wp\/v2\/posts\/151253\/revisions"}],"wp:featuredmedia":[{"embeddable":true,"href":"https:\/\/www.europesays.com\/es\/wp-json\/wp\/v2\/media\/151254"}],"wp:attachment":[{"href":"https:\/\/www.europesays.com\/es\/wp-json\/wp\/v2\/media?parent=151253"}],"wp:term":[{"taxonomy":"category","embeddable":true,"href":"https:\/\/www.europesays.com\/es\/wp-json\/wp\/v2\/categories?post=151253"},{"taxonomy":"post_tag","embeddable":true,"href":"https:\/\/www.europesays.com\/es\/wp-json\/wp\/v2\/tags?post=151253"}],"curies":[{"name":"wp","href":"https:\/\/api.w.org\/{rel}","templated":true}]}}