{"id":151260,"date":"2025-10-01T19:19:08","date_gmt":"2025-10-01T19:19:08","guid":{"rendered":"https:\/\/www.europesays.com\/es\/151260\/"},"modified":"2025-10-01T19:19:08","modified_gmt":"2025-10-01T19:19:08","slug":"identifican-perfiles-diferentes-de-autismo-segun-la-edad-de-diagnostico","status":"publish","type":"post","link":"https:\/\/www.europesays.com\/es\/151260\/","title":{"rendered":"Identifican perfiles diferentes de autismo seg\u00fan la edad de diagn\u00f3stico"},"content":{"rendered":"<p>Actualizado  Mi\u00e9rcoles,<br \/>\n1<br \/>\noctubre<br \/>\n2025<br \/>\n&#8211;<br \/>\n17:18<\/p>\n<p class=\"ue-c-article__paragraph\">Las personas con <strong>autismo <\/strong>tienen <strong>perfiles gen\u00e9ticos y de desarrollo distintos seg\u00fan la edad<\/strong> en la que recibieron su diagn\u00f3stico, seg\u00fan afirma un estudio publicado en <a href=\"https:\/\/urldefense.com\/v3\/__https:\/\/www.nature.com\/articles\/s41586-025-09542-6__;!!GgY6cLU_GgY!RINsH_nR9-_sBtGjDPv42XH_ySmXj0TbLsrXYi9RQ2DlpQnJPA3lALvf7QTIfQnjs8UmiREHxCIjlTih-4H-WZrGpSA$\" target=\"_blank\" rel=\"nofollow noopener\">Nature<\/a> . Los autores distinguen dos grupos: el primero recibe un diagn\u00f3stico de autismo en la infancia temprana, con habilidades sociales y de comunicaci\u00f3n menores y una correlaci\u00f3n moderada con el trastorno por d\u00e9ficit de atenci\u00f3n e hiperactividad (TDAH) y trastornos de salud mental.<\/p>\n<p class=\"ue-c-article__paragraph\">El trabajo, fruto de una amplia colaboraci\u00f3n internacional que ha dirigido el departamento de psiquiatr\u00eda de la <strong>Universidad brit\u00e1nica de Cambridge<\/strong>, concluye que los menores diagnosticados tempranamente, antes de los seis a\u00f1os, forman un subgrupo muy diferente de aquellos a los que se le detecta el trastorno m\u00e1s tarde, y confirma que el autismo no es una condici\u00f3n unitaria.<\/p>\n<p class=\"ue-c-article__paragraph\">Los datos gen\u00e9ticos proceden de <strong>m\u00e1s de 45.000 personas de m\u00faltiples cohortes de Europa y Estados Unidos<\/strong>, y los de comportamiento de muestras m\u00e1s peque\u00f1as, de entre <strong>89 y 188 personas autistas por grupo<\/strong>, obtenidas a trav\u00e9s de cuestionarios de fortalezas y dificultades respondidos por los cuidadores.<\/p>\n<p class=\"ue-c-article__paragraph\">Los hallazgos indican que los ni\u00f1os diagnosticados con <strong>autismo a una edad m\u00e1s temprana<\/strong> (normalmente antes de los seis a\u00f1os) son m\u00e1s propensos a <strong>mostrar dificultades de comportamiento desde la primera infancia<\/strong>, como problemas de interacci\u00f3n social.<\/p>\n<p class=\"ue-c-article__paragraph\">Los diagnosticados con <strong>autismo m\u00e1s tarde<\/strong>, hacia la adolescencia o incluso m\u00e1s all\u00e1, son m\u00e1s propensos a <strong>experimentar dificultades sociales y de comportamiento durante la adolescencia<\/strong> y tienen m\u00e1s probabilidades de padecer trastornos de salud mental, como la depresi\u00f3n. Investigando las caracter\u00edsticas gen\u00e9ticas en funci\u00f3n de la edad de diagn\u00f3stico, los cient\u00edficos vieron dos perfiles muy diferentes.<\/p>\n<p class=\"ue-c-article__paragraph\"><strong>Michael Absoud<\/strong>, profesor adjunto de Neurodiscapacidad Pedi\u00e1trica del Departamento de Salud de la Mujer y el Ni\u00f1o del King&#8217;s College de Londres (Reino Unido), comenta a SMC UK, que este trabajo \u00abconfirma que <strong>el autismo no solo es altamente hereditario<\/strong> y un espectro de trastornos, sino que la edad en la que se diagnostica tambi\u00e9n es hereditaria\u00bb. Al tiempo, resalta algunas limitaciones como la necesidad de poblaciones m\u00e1s diversas \u00abpara replicar los resultados, con medidas m\u00e1s detalladas de la calidad de vida, el funcionamiento cotidiano y la evaluaci\u00f3n directa\u00bb.<\/p>\n<p>M\u00e1s cerca de la depresi\u00f3n<\/p>\n<p class=\"ue-c-article__paragraph\">Descubrieron que el perfil gen\u00e9tico medio del autismo diagnosticado m\u00e1s tarde se acerca m\u00e1s al del <strong>Trastorno por D\u00e9ficit de Atenci\u00f3n e Hiperactividad (TDAH)<\/strong>, al <strong>Trastorno de Estr\u00e9s Postraum\u00e1tico<\/strong> y a la <a href=\"https:\/\/www.elmundo.es\/e\/de\/depresion.html\" target=\"_blank\" rel=\"nofollow noopener\">depresi\u00f3n<\/a>, que al del autismo diagnosticado en la primera infancia.<\/p>\n<p class=\"ue-c-article__paragraph\">Esa mayor <strong>coincidencia gen\u00e9tica entre el autismo diagnosticado a partir de la adolescencia<\/strong> y ciertos trastornos psiqui\u00e1tricos indicar\u00eda, seg\u00fan los cient\u00edficos, que puede haber algunos factores gen\u00e9ticos que aumentan el riesgo de trastornos mentales entre las personas diagnosticadas con autismo m\u00e1s tarde.<\/p>\n<p class=\"ue-c-article__paragraph\">El diagn\u00f3stico tard\u00edo tambi\u00e9n implica m\u00e1s falta de apoyo en la primera infancia, lo que influir\u00eda en el aumento del riesgo de problemas de salud mental en el grupo diagnosticado m\u00e1s tarde, al ser m\u00e1s vulnerables al acoso escolar entre otros, se\u00f1alan los investigadores.<\/p>\n<p class=\"ue-c-article__paragraph\">El equipo advirti\u00f3 adem\u00e1s que los<strong> factores g\u00e9nicos com\u00fanmente hereditarios<\/strong> en estos trastornos influyen en la edad de diagn\u00f3stico, que tambi\u00e9n se heredar\u00eda.<\/p>\n<p class=\"ue-c-article__paragraph\">\u00abYa hemos descubierto que <strong>el autismo diagnosticado de forma temprana y tard\u00eda tiene perfiles biol\u00f3gicos y de desarrollo diferentes<\/strong>, el siguiente paso ser\u00e1 comprender la compleja interacci\u00f3n entre la gen\u00e9tica y los factores sociales que implican una peor salud mental entre las personas autistas diagnosticadas tard\u00edamente\u00bb, se\u00f1ala uno de los autores, Varun Warrier, investigador de la Universidad de Cambridge.<\/p>\n<p class=\"ue-c-article__paragraph\">\u00abHay influencias gen\u00e9ticas que predisponen a las personas a mostrar rasgos autistas desde una edad muy temprana que pueden identificarse m\u00e1s f\u00e1cilmente, lo que conduce a un diagn\u00f3stico m\u00e1s precoz, mientras que hay otras que hacen que los rasgos no sean evidentes hasta al \u00faltima etapa de la infancia o la adolescencia\u00bb, a\u00f1ade Warrier.<\/p>\n<p class=\"ue-c-article__paragraph\">\u00abComprender c\u00f3mo emergen las caracter\u00edsticas del autismo no solo en la primera infancia, sino tambi\u00e9n m\u00e1s tarde, podr\u00eda ayudarnos a reconocer, diagnosticar y apoyar mejor a las personas autistas de todas las edades\u00bb, concluye.<\/p>\n","protected":false},"excerpt":{"rendered":"Actualizado Mi\u00e9rcoles, 1 octubre 2025 &#8211; 17:18 Las personas con autismo tienen perfiles gen\u00e9ticos y de desarrollo distintos&hellip;\n","protected":false},"author":2,"featured_media":151261,"comment_status":"","ping_status":"","sticky":false,"template":"","format":"standard","meta":{"footnotes":""},"categories":[92],"tags":[5243,21846,25,24,165,11289,2932,17168,1600,166,23],"class_list":{"0":"post-151260","1":"post","2":"type-post","3":"status-publish","4":"format-standard","5":"has-post-thumbnail","7":"category-salud","8":"tag-ciencia-y-salud","9":"tag-ciencia-y-salud-salud","10":"tag-es","11":"tag-espana","12":"tag-health","13":"tag-neurologia","14":"tag-ninos","15":"tag-pediatria","16":"tag-psicologia","17":"tag-salud","18":"tag-spain"},"share_on_mastodon":{"url":"","error":""},"_links":{"self":[{"href":"https:\/\/www.europesays.com\/es\/wp-json\/wp\/v2\/posts\/151260","targetHints":{"allow":["GET"]}}],"collection":[{"href":"https:\/\/www.europesays.com\/es\/wp-json\/wp\/v2\/posts"}],"about":[{"href":"https:\/\/www.europesays.com\/es\/wp-json\/wp\/v2\/types\/post"}],"author":[{"embeddable":true,"href":"https:\/\/www.europesays.com\/es\/wp-json\/wp\/v2\/users\/2"}],"replies":[{"embeddable":true,"href":"https:\/\/www.europesays.com\/es\/wp-json\/wp\/v2\/comments?post=151260"}],"version-history":[{"count":0,"href":"https:\/\/www.europesays.com\/es\/wp-json\/wp\/v2\/posts\/151260\/revisions"}],"wp:featuredmedia":[{"embeddable":true,"href":"https:\/\/www.europesays.com\/es\/wp-json\/wp\/v2\/media\/151261"}],"wp:attachment":[{"href":"https:\/\/www.europesays.com\/es\/wp-json\/wp\/v2\/media?parent=151260"}],"wp:term":[{"taxonomy":"category","embeddable":true,"href":"https:\/\/www.europesays.com\/es\/wp-json\/wp\/v2\/categories?post=151260"},{"taxonomy":"post_tag","embeddable":true,"href":"https:\/\/www.europesays.com\/es\/wp-json\/wp\/v2\/tags?post=151260"}],"curies":[{"name":"wp","href":"https:\/\/api.w.org\/{rel}","templated":true}]}}