{"id":151262,"date":"2025-10-01T19:20:11","date_gmt":"2025-10-01T19:20:11","guid":{"rendered":"https:\/\/www.europesays.com\/es\/151262\/"},"modified":"2025-10-01T19:20:11","modified_gmt":"2025-10-01T19:20:11","slug":"se-marcha-adriano-del-palacio","status":"publish","type":"post","link":"https:\/\/www.europesays.com\/es\/151262\/","title":{"rendered":"\u00bfse marcha Adriano del palacio?"},"content":{"rendered":"\n<ul class=\"bodyList bodyList--unordered\">\n<li class=\"bodyList__item\"><strong><a href=\"https:\/\/www.elconfidencial.com\/television\/series-tv\/2025-09-10\/la-promesa-isabel-serrano-secuencia-muerte-jana-1qrt_4206096\/\" target=\"_self\" rel=\"nofollow noopener\">Isabel Serrano, actriz de La Promesa:<\/a> \u00abCruz tambi\u00e9n se enamor\u00f3 de Jana\u00bb<\/strong><\/li>\n<li class=\"bodyList__item\"><strong><a href=\"https:\/\/www.elconfidencial.com\/television\/series-tv\/2023-06-12\/la-promesa-serie-tve1-conoce-todos-los-personajes_3636732\/\" target=\"_self\" rel=\"nofollow noopener\">Reparto de La Promesa: conoce a todos los personajes de la serie de TVE<\/a><\/strong><\/li>\n<\/ul>\n<p> Ni el personaje de Curro ni el de \u00c1ngela est\u00e1n dispuestos a que Lorenzo de la Mata acabe ganando la partida en la serie <a href=\"https:\/\/www.elconfidencial.com\/tags\/personajes\/la-promesa-serie-21315\/\" target=\"_self\" rel=\"nofollow noopener\">La Promesa<\/a>. La pareja prohibida de la ficci\u00f3n de \u00e9poca, que La 1 de Televisi\u00f3n Espa\u00f1ola emite entre semana, a las 18:25 horas, es capaz de fugarse antes que ver c\u00f3mo su amor es pisoteado por la voluntad del militar. Pero en el nuevo cap\u00edtulo de <strong>este jueves, 2 de octubre<\/strong>, ellos no ser\u00e1n los \u00fanicos que piensen en abandonar el palacete cordob\u00e9s. <\/p>\n<p> Durante la entrega anterior, emitida este mi\u00e9rcoles, de la producci\u00f3n protagonizada por <a href=\"https:\/\/www.elconfidencial.com\/television\/series-tv\/2023-06-07\/la-promesa-serie-tve-quien-es-actor-xavi-lock-curro_3628381\/\" target=\"_self\" rel=\"nofollow noopener\">Xavi Lock<\/a>, Arturo Garc\u00eda Sancho e Isabel Serrano, entre otros int\u00e9rpretes, la vuelta de P\u00eda se ha antojado complicada; Leocadia ha intervenido para evitar que Alonso se meta en el asunto. Inesperada fue la marcha de Catalina, pero tambi\u00e9n lo ha sido <strong>la decisi\u00f3n dram\u00e1tica que Adriano ha anunciado<\/strong> al marqu\u00e9s. <\/p>\n<p>              <img decoding=\"async\" class=\"inTextNews__img\" alt=\"Foto: la-promesa-eva-martin-cruz-razon-salida-tve\" src=\"https:\/\/www.europesays.com\/es\/wp-content\/uploads\/2025\/10\/f.elconfidencial.com\/original\/915\/a20\/d3a\/915a20d3a4dd1b2403def4172a507b1e.jpg\"  \/>     <\/p>\n<p>TE PUEDE INTERESAR<\/p>\n<p>      <a class=\"inTextNews__title\" href=\"https:\/\/www.elconfidencial.com\/television\/series-tv\/2025-09-26\/la-promesa-eva-martin-cruz-razon-salida-tve_4216627\/\" onclick=\"window.ECCO.emit(&#039;amplitude&#039;, { dataEventName: &#039;click_related_article_module&#039;, data: { related_article_url: &#039;https:\/\/www.elconfidencial.com\/television\/series-tv\/2025-09-26\/la-promesa-eva-martin-cruz-razon-salida-tve_4216627\/&#039;, related_article_author: &#039;Nay\u00edn Costas&#039;, related_article_section: &#039;series-tv&#039; } })\" rel=\"nofollow noopener\" target=\"_blank\"> Eva Mart\u00edn, Cruz en &#8216;La Promesa&#8217;, revela la verdadera raz\u00f3n de su salida de la serie de TVE y aclara si regresar\u00e1 pr\u00f3ximamente <\/a>   <\/p>\n<p>    N. Costas   <\/p>\n<p> La salud de Petra ha seguido siendo un drama, y ni siquiera los masajes de Mar\u00eda Fern\u00e1ndez han conseguido ayudarla. Leocadia se ha mostrado <strong>m\u00e1s decepcionada que nunca<\/strong> con su hija, cuando esta ha intentado acercar posturas con una conversaci\u00f3n que podr\u00eda tener sus consecuencias. <\/p>\n<p>            Avance del cap\u00edtulo 688           <\/p>\n<p> Adriano <strong>contempla marcharse de La Promesa<\/strong> con sus hijos tras la partida de Catalina, generando alarma en toda la familia. Manuel intenta recomponer su amistad con To\u00f1o y le promete que no seguir\u00e1 investigando a <a href=\"https:\/\/www.elconfidencial.com\/television\/series-tv\/2025-06-25\/la-promesa-actriz-sara-font-llega-conquistar-manuel_4158944\/\" target=\"_self\" rel=\"nofollow noopener\">Enora<\/a>. <\/p>\n<p> Petra, por su parte, sufre<strong> un grave deterioro de salud<\/strong> que preocupa cada vez m\u00e1s a sus compa\u00f1eros. Federico enfrenta la verdad sobre su padre y se al\u00eda con Lope para proteger a Vera. Mientras, el servicio se rebela contra el r\u00e9gimen de faltas impuesto por Crist\u00f3bal, al que Ricardo le ruega, sin \u00e9xito, que permita a P\u00eda volver. <\/p>\n<blockquote class=\"twitter-tweet\">\n<p lang=\"es\" dir=\"ltr\">Petra cada vez est\u00e1 peor <a href=\"https:\/\/twitter.com\/hashtag\/LaPromesa?src=hash&amp;ref_src=twsrc%5Etfw\" rel=\"nofollow noopener\" target=\"_blank\">#LaPromesa<\/a><\/p>\n<p>\u2b55 <a href=\"https:\/\/t.co\/HG2b5Elrg7\" rel=\"nofollow\">https:\/\/t.co\/HG2b5Elrg7<\/a> <a href=\"https:\/\/t.co\/DjdiX4zlvy\" rel=\"nofollow\">pic.twitter.com\/DjdiX4zlvy<\/a><\/p>\n<p>\u2014 La Promesa (@lapromesa_tve) <a href=\"https:\/\/twitter.com\/lapromesa_tve\/status\/1973078639035195755?ref_src=twsrc%5Etfw\" rel=\"nofollow noopener\" target=\"_blank\">September 30, 2025<\/a><\/p><\/blockquote>\n<p> Los planes de fuga de Curro y \u00c1ngela peligran tras el chantaje emocional de Leocadia. Por ello, el muchacho<strong> propone marcharse \u00e9l lejos<\/strong>, a cambio de que la se\u00f1ora de Figueroa acceda a que \u00c1ngela no se case con el capit\u00e1n. <\/p>\n<ul class=\"bodyList bodyList--unordered\">\n<li class=\"bodyList__item\"><strong><a href=\"https:\/\/www.elconfidencial.com\/television\/series-tv\/2025-09-10\/la-promesa-isabel-serrano-secuencia-muerte-jana-1qrt_4206096\/\" target=\"_self\" rel=\"nofollow noopener\">Isabel Serrano, actriz de La Promesa:<\/a> \u00abCruz tambi\u00e9n se enamor\u00f3 de Jana\u00bb<\/strong><\/li>\n<li class=\"bodyList__item\"><strong><a href=\"https:\/\/www.elconfidencial.com\/television\/series-tv\/2023-06-12\/la-promesa-serie-tve1-conoce-todos-los-personajes_3636732\/\" target=\"_self\" rel=\"nofollow noopener\">Reparto de La Promesa: conoce a todos los personajes de la serie de TVE<\/a><\/strong><\/li>\n<\/ul>\n<p> Ni el personaje de Curro ni el de \u00c1ngela est\u00e1n dispuestos a que Lorenzo de la Mata acabe ganando la partida en la serie <a href=\"https:\/\/www.elconfidencial.com\/tags\/personajes\/la-promesa-serie-21315\/\" target=\"_self\" rel=\"nofollow noopener\">La Promesa<\/a>. La pareja prohibida de la ficci\u00f3n de \u00e9poca, que La 1 de Televisi\u00f3n Espa\u00f1ola emite entre semana, a las 18:25 horas, es capaz de fugarse antes que ver c\u00f3mo su amor es pisoteado por la voluntad del militar. Pero en el nuevo cap\u00edtulo de <strong>este jueves, 2 de octubre<\/strong>, ellos no ser\u00e1n los \u00fanicos que piensen en abandonar el palacete cordob\u00e9s. <\/p>\n<p>              <script async src=\"https:\/\/platform.twitter.com\/widgets.js\" charset=\"utf-8\"><\/script><\/p>\n","protected":false},"excerpt":{"rendered":"Isabel Serrano, actriz de La Promesa: \u00abCruz tambi\u00e9n se enamor\u00f3 de Jana\u00bb Reparto de La Promesa: conoce a&hellip;\n","protected":false},"author":2,"featured_media":151263,"comment_status":"","ping_status":"","sticky":false,"template":"","format":"standard","meta":{"footnotes":""},"categories":[91],"tags":[146,147,25,24,23],"class_list":{"0":"post-151262","1":"post","2":"type-post","3":"status-publish","4":"format-standard","5":"has-post-thumbnail","7":"category-entretenimiento","8":"tag-entertainment","9":"tag-entretenimiento","10":"tag-es","11":"tag-espana","12":"tag-spain"},"share_on_mastodon":{"url":"","error":""},"_links":{"self":[{"href":"https:\/\/www.europesays.com\/es\/wp-json\/wp\/v2\/posts\/151262","targetHints":{"allow":["GET"]}}],"collection":[{"href":"https:\/\/www.europesays.com\/es\/wp-json\/wp\/v2\/posts"}],"about":[{"href":"https:\/\/www.europesays.com\/es\/wp-json\/wp\/v2\/types\/post"}],"author":[{"embeddable":true,"href":"https:\/\/www.europesays.com\/es\/wp-json\/wp\/v2\/users\/2"}],"replies":[{"embeddable":true,"href":"https:\/\/www.europesays.com\/es\/wp-json\/wp\/v2\/comments?post=151262"}],"version-history":[{"count":0,"href":"https:\/\/www.europesays.com\/es\/wp-json\/wp\/v2\/posts\/151262\/revisions"}],"wp:featuredmedia":[{"embeddable":true,"href":"https:\/\/www.europesays.com\/es\/wp-json\/wp\/v2\/media\/151263"}],"wp:attachment":[{"href":"https:\/\/www.europesays.com\/es\/wp-json\/wp\/v2\/media?parent=151262"}],"wp:term":[{"taxonomy":"category","embeddable":true,"href":"https:\/\/www.europesays.com\/es\/wp-json\/wp\/v2\/categories?post=151262"},{"taxonomy":"post_tag","embeddable":true,"href":"https:\/\/www.europesays.com\/es\/wp-json\/wp\/v2\/tags?post=151262"}],"curies":[{"name":"wp","href":"https:\/\/api.w.org\/{rel}","templated":true}]}}