{"id":151268,"date":"2025-10-01T19:23:08","date_gmt":"2025-10-01T19:23:08","guid":{"rendered":"https:\/\/www.europesays.com\/es\/151268\/"},"modified":"2025-10-01T19:23:08","modified_gmt":"2025-10-01T19:23:08","slug":"hamas-quiere-garantias-de-seguridad-para-sus-lideres-y-pide-mas-tiempo-para-estudiar-el-plan-de-paz-de-trum-abc","status":"publish","type":"post","link":"https:\/\/www.europesays.com\/es\/151268\/","title":{"rendered":"Ham\u00e1s quiere garant\u00edas de seguridad para sus l\u00edderes y pide m\u00e1s tiempo para estudiar el plan de paz de Trum&#8230; &#8211; ABC"},"content":{"rendered":"<ol>\n<li><a href=\"https:\/\/news.google.com\/rss\/articles\/CBMitgFBVV95cUxPUkx3OUFVSlA3QU1QZjVEbDg0OWowX1pFSm9jTFpKb2ZIWG1hdjNJWVJjZEpuZkhtNnVLNm1JRUgtOVhVS0E4bHQ5cDdNTjlSa1JjcFBFbFNHdldtSmZWZWJaQjJEZWFTYVZYeDFVQ0dvMnRLUll6N21SLTRuMFNkanB0M0drZUlEbkpySWV0a0ZsbW5mNWdzaW41UDBlSWZkOVZVYTU4Rzg1YmxTUUl5aXdCUmc3QQ?oc=5\" target=\"_blank\" rel=\"nofollow noopener\">Ham\u00e1s quiere garant\u00edas de seguridad para sus l\u00edderes y pide m\u00e1s tiempo para estudiar el plan de paz de Trum&#8230;<\/a>&nbsp;&nbsp;ABC<\/li>\n<li><a href=\"https:\/\/news.google.com\/rss\/articles\/CBMiygFBVV95cUxPbEFwQWV5d25kRjVmUjVlaERjNzg1VFdwdkVkLWE2RkkzSXdlRzY5RHpvVmhrVEJvMkRoN09nYnNESTM1RnN1bkJiM2pqWlZYQkRKUXBNelhNU3M5YVY2aXMzUGNKNVFPQlhYc2p5UnZuVW1jRjNmeWJDb25ZenUtbk4xWVl2MkxoMkVoUmJXdnJ0OGJsRDBzWnN1eWJva1dJMlliMXVNTUlhYlRqQXVuLVo0VGNzZU9sMklETDZfandISnNDSGFrM1B3?oc=5\" target=\"_blank\" rel=\"nofollow noopener\">Ham\u00e1s exige un calendario de retirada de las tropas para aceptar el plan de Trump<\/a>&nbsp;&nbsp;EL PA\u00cdS<\/li>\n<li><a href=\"https:\/\/news.google.com\/rss\/articles\/CBMi-gFBVV95cUxOVjVIYmJQazF5VjltTUZrQmRtRE5ONE9uT0VwcFlDZUdsS00tRmhjSmpGeXVGd21FS3YtV01qc3plX2QwWkhpeHVteUI2OGVhTGZQSHNpUzAzeWZ4bEtWZ2JKTWY3UVctdUotc0g1Y2tDZm1QX01VeWZGZXZMT2RVb180X24wVGstaDlQQ3ljaU1vZXdZMkJUTHVoZ29ERGszblkyM0VjallUaTVrSFlyNUNnQm5VX0VibWJUU01sRWRMdVd0amtiUzRXdjQwb2N4cU10S1dfbjgtYUVfNExEeGFaRHpNcVZlb1JpUm1ZVnc5bDEtaUM1OGNn?oc=5\" target=\"_blank\" rel=\"nofollow noopener\">Ham\u00e1s reclama garant\u00edas sobre la retirada total de Israel en Gaza antes de responder al plan de paz<\/a>&nbsp;&nbsp;La Voz de Galicia<\/li>\n<li><a href=\"https:\/\/news.google.com\/rss\/articles\/CBMiekFVX3lxTE1kZWhxSmo0N2d6WDhfUGNqQTBtNVA3RWpZWHVoTUhla3czM1JYTktpTXhHa1hmZ01mTjdQd3JiV1NLbk1vT0dfdlJ1d3lndHF6bC1IOFZBOGpxNDVkbFNiemxKZlRwVjhiZE04LVRiWndyZXNvLU8wWU1n0gF6QVVfeXFMT0NxUE85WG1VSmNBeGthNmlDTEp3RDdGdFJGOEdVaG10Mk12d0kyS2JFdnBfZ3VMSWVJUzQwcDFKR3FNM3JRYVp0Sm9wNG92WkdpVWJ5TE5jY1F2VXktaU0waDlsRmJPeDBWNmI5azFOdy1IeDdINUpJTWc?oc=5\" target=\"_blank\" rel=\"nofollow noopener\">La beligerancia de S\u00e1nchez contra Israel deja a Espa\u00f1a en los m\u00e1rgenes del plan de paz: \u00abAhora somos un actor inc\u00f3modo\u00bb<\/a>&nbsp;&nbsp;El Mundo<\/li>\n<li><a href=\"https:\/\/news.google.com\/rss\/articles\/CBMipwFBVV95cUxNV0dXZGUyczNWOWJXYnNyQWpmeVRSLXhwdWFERVBwOVMwTHJOMXRORU14eFBzNjJnY2RUNW5ZWnVUY2ZxMkw1X2pWMUQ4SXlRaW1oMzAwaXRYeVJaNHE2cktaaXNERFVwT1VMejJyR2pFb2Z2TTcwRWJoeHkwamphNHE3MGFFSFFVc1k2WEt0WU9HNkRoZkFrTklfcmhUS1J6M3h0cmd4UQ?oc=5\" target=\"_blank\" rel=\"nofollow noopener\">Un tramposo plan de paz para la monetizaci\u00f3n de Gaza<\/a>&nbsp;&nbsp;elconfidencial.com<\/li>\n<\/ol>\n","protected":false},"excerpt":{"rendered":"Ham\u00e1s quiere garant\u00edas de seguridad para sus l\u00edderes y pide m\u00e1s tiempo para estudiar el plan de paz&hellip;\n","protected":false},"author":2,"featured_media":151269,"comment_status":"","ping_status":"","sticky":false,"template":"","format":"standard","meta":{"footnotes":""},"categories":[42],"tags":[17,18,13,14,11,61,62,63,64,19,20,9,10,15,16,12,21,22,65,66,67],"class_list":{"0":"post-151268","1":"post","2":"type-post","3":"status-publish","4":"format-standard","5":"has-post-thumbnail","7":"category-internacional","8":"tag-breaking-news","9":"tag-breakingnews","10":"tag-featured-news","11":"tag-featurednews","12":"tag-headlines","13":"tag-internacional","14":"tag-international","15":"tag-international-news","16":"tag-internationalnews","17":"tag-latest-news","18":"tag-latestnews","19":"tag-news","20":"tag-noticias","21":"tag-noticias-destacadas","22":"tag-noticiasdestacadas","23":"tag-titulares","24":"tag-ultimas-noticias","25":"tag-ultimasnoticias","26":"tag-world","27":"tag-world-news","28":"tag-worldnews"},"share_on_mastodon":{"url":"","error":""},"_links":{"self":[{"href":"https:\/\/www.europesays.com\/es\/wp-json\/wp\/v2\/posts\/151268","targetHints":{"allow":["GET"]}}],"collection":[{"href":"https:\/\/www.europesays.com\/es\/wp-json\/wp\/v2\/posts"}],"about":[{"href":"https:\/\/www.europesays.com\/es\/wp-json\/wp\/v2\/types\/post"}],"author":[{"embeddable":true,"href":"https:\/\/www.europesays.com\/es\/wp-json\/wp\/v2\/users\/2"}],"replies":[{"embeddable":true,"href":"https:\/\/www.europesays.com\/es\/wp-json\/wp\/v2\/comments?post=151268"}],"version-history":[{"count":0,"href":"https:\/\/www.europesays.com\/es\/wp-json\/wp\/v2\/posts\/151268\/revisions"}],"wp:featuredmedia":[{"embeddable":true,"href":"https:\/\/www.europesays.com\/es\/wp-json\/wp\/v2\/media\/151269"}],"wp:attachment":[{"href":"https:\/\/www.europesays.com\/es\/wp-json\/wp\/v2\/media?parent=151268"}],"wp:term":[{"taxonomy":"category","embeddable":true,"href":"https:\/\/www.europesays.com\/es\/wp-json\/wp\/v2\/categories?post=151268"},{"taxonomy":"post_tag","embeddable":true,"href":"https:\/\/www.europesays.com\/es\/wp-json\/wp\/v2\/tags?post=151268"}],"curies":[{"name":"wp","href":"https:\/\/api.w.org\/{rel}","templated":true}]}}