{"id":15127,"date":"2025-07-31T00:40:08","date_gmt":"2025-07-31T00:40:08","guid":{"rendered":"https:\/\/www.europesays.com\/es\/15127\/"},"modified":"2025-07-31T00:40:08","modified_gmt":"2025-07-31T00:40:08","slug":"real-sociedad-osasuna-4-1-kubo-es-la-estrella","status":"publish","type":"post","link":"https:\/\/www.europesays.com\/es\/15127\/","title":{"rendered":"Real Sociedad &#8211; Osasuna (4-1): Kubo es la estrella"},"content":{"rendered":"<p>\n        <strong>Take Kubo<\/strong> esper\u00f3 a la <strong>Real Sociedad<\/strong> en Jap\u00f3n y recibi\u00f3 a sus compa\u00f1eros en la puerta del hotel, a pie de autocar. Aunque lo sab\u00eda de antemano, se dio cuenta ah\u00ed de que <strong>conoc\u00eda a todos y cada uno de los futbolistas que bajaron del veh\u00edculo<\/strong>. As\u00ed que apenas 48 horas despu\u00e9s <a href=\"https:\/\/www.noticiasdegipuzkoa.eus\/reala\/2025\/07\/21\/take-kubo-claro-fichajes-vine-9904847.html\" title=\"ya estaba pidiendo caras nuevas ante los periodistas\" class=\"link copy\" rel=\"nofollow noopener\" target=\"_blank\">ya estaba pidiendo caras nuevas ante los periodistas<\/a>, con su habitual desparpajo. Record\u00f3 que, cuando \u00e9l lleg\u00f3 al club hace tres a\u00f1os, <strong>se encontr\u00f3 en el vestuario con una constelaci\u00f3n de estrellas<\/strong>. \u201cZubimendi, Merino, Silva&#8230;\u201d, enumer\u00f3. Y haci\u00e9ndolo olvid\u00f3 en cierto modo que la referencia ofensiva del \u201cnuevo libro\u201d, <strong>m\u00e1s que del mercado, deb\u00eda proceder de su propia persona.<\/strong>\n<\/p>\n<blockquote class=\"twitter-tweet\" data-lang=\"es\">\n<p lang=\"es\" dir=\"ltr\">\ud83d\udcab Marca de la casa. \u00a1A por la segunda mitad!<\/p>\n<p>\ud83c\udfa5\ud83d\udd34 \ud835\uddd7\ud835\udddc\ud835\udde5\ud835\uddd8\ud835\uddd6\ud835\udde7\ud835\udde2<a href=\"https:\/\/twitter.com\/hashtag\/RealSociedadOsasuna?src=hash&amp;ref_src=twsrc%5Etfw\" rel=\"nofollow noopener\" target=\"_blank\">#RealSociedadOsasuna<\/a> <a href=\"https:\/\/t.co\/3TE2qT1mHJ\" rel=\"nofollow\">https:\/\/t.co\/3TE2qT1mHJ<\/a> <a href=\"https:\/\/t.co\/pGCZ4Y5QE5\" rel=\"nofollow\">pic.twitter.com\/pGCZ4Y5QE5<\/a><\/p>\n<p>\u2014 Real Sociedad F\u00fatbol (@RealSociedad) <a href=\"https:\/\/twitter.com\/RealSociedad\/status\/1950618462805463215?ref_src=twsrc%5Etfw\" rel=\"nofollow noopener\" target=\"_blank\">30 de julio de 2025<\/a><\/p><\/blockquote>\n<p class=\"article-body__text \">\n        Lo de este mi\u00e9rcoles s\u00f3lo era un amistoso, pero el japon\u00e9s<strong> vino a echarse el equipo a la espalda<\/strong>, marcando la diferencia como se le demanda y como, por cierto, no hizo muy asiduamente durante la pasada campa\u00f1a. <strong>Marc\u00f3 un golazo para abrir el marcador. Sirvi\u00f3 el segundo en bandeja a Karrikaburu<\/strong>. Y puso as\u00ed cuesta abajo un encuentro saldado con abultada victoria. Lo mejor, m\u00e1s all\u00e1 del 4-0 y y\u00e9ndonos ya a lo colectivo, residi\u00f3 en que la Real mostr\u00f3 <strong>una muy variada amalgama de recursos t\u00e1cticos y futbol\u00edsticos<\/strong> para abrir una lata de esas que se le hab\u00edan resistido durante los \u00faltimos meses. Una buena noticia que, en cualquier caso, cabe pregonar con cautela a 30 de julio.\n<\/p>\n<p class=\"article-body__text \">\n        Sergio Francisco apost\u00f3 para empezar<strong> por un claro 4-3-3<\/strong> mediante el que insisti\u00f3 con su ya habitual reparto de perfiles entre los centrales: Jon Mart\u00edn, en la derecha; Igor Zubeldia, en la izquierda. Los txuri-urdin tuvieron que afrontar desde la citada disposici\u00f3n<strong> un contexto de partido muy similar al que se vienen encontrando<\/strong> durante las \u00faltimas temporadas. Osasuna esper\u00f3 desde un bloque medio organizado en 4-4-2, con Aimar Oroz en punta junto a Budimir, y a la Real<strong> le toc\u00f3 explorar f\u00f3rmulas sobre la marcha<\/strong> para meter mano a un rival que se tapaba dentro y conced\u00eda los pases hacia fuera.\n<\/p>\n<p>  Soluciones varias<\/p>\n<p class=\"article-body__text \">\n        <strong>No le faltaron alternativas<\/strong> al conjunto blanquiazul, que lo intent\u00f3 de diversas formas. <strong>Retrasando a recibir a Karrikaburu<\/strong> para estirar a un profundo Pablo Mar\u00edn. <strong>Buscando en corto a Gorrotxategi como tercer hombre <\/strong>para lograr jugar de cara en\u00a0el carril central. Y modificando tambi\u00e9n el dibujo,<strong> haci\u00e9ndolo mutar a una especie de 3-4-3<\/strong> y deparando circunstancias dignas de menci\u00f3n. En el citado esquema, el propio Gorrotxa es central junto a Jon Mart\u00edn y Zubeldia. La amplitud corre a cargo de Aramburu (derecha) y Barrene (izquierda). <strong>E insiste Sergio Francisco con la ubicaci\u00f3n interior de Aihen<\/strong>, pr\u00e1cticamente pivote. Moviendo as\u00ed el bal\u00f3n, la Real pudo hallar situaciones interesantes, con Kubo meti\u00e9ndose al carril del 8 ante la proyecci\u00f3n del propio Aramburu y haciendo da\u00f1o mediante carreras diagonales.\u00a0\n<\/p>\n<p class=\"article-body__text \">\n        Los txuri-urdin <strong>consiguieron mostrarse superiores<\/strong> a un aguerrido Osasuna, generando con el esf\u00e9rico y tambi\u00e9n acelerando tras robo. Aqu\u00ed toca decir que, por el momento, la Real de Sergio Francisco <strong>no se muestra tan agresiva en la presi\u00f3n<\/strong> como la de Imanol, estructuralmente hablando al menos. <strong>Pero la idea sigue siendo la misma<\/strong>, por mucho que los saltos por fuera de los extremos no resulten tan n\u00edtidos. Ayer Barrene y Kubo, por ejemplo, se manten\u00edan sin bal\u00f3n en posiciones intermedias, dispuestos a incomodar un posible avance de los centrales rivales pero sin terminar de acosarles, lo que evitaba a Aramburu y Aihen tener que corregir desde atr\u00e1s para emparejarse con los laterales rojillos.<strong> Iremos viendo c\u00f3mo se comporta durante el curso<\/strong> un equipo txuri-urdin que est\u00e1 combinando esta actitud con una<strong> marcada idea de verticalidad despu\u00e9s de recuperar<\/strong>: si se puede, hay que correr, intenci\u00f3n que facilitar\u00e1 la llegada en el mercado de alg\u00fan atacante m\u00e1s r\u00e1pido y m\u00e1s agresivo al espacio. \u00bfGuedes quiz\u00e1s?\n<\/p>\n<p>  &#8230; Y lleg\u00f3 el primero<\/p>\n<p class=\"article-body__text \">\n        El encuentro marchaba sin goles en el minuto 41 porque <strong>Kubo se hab\u00eda entretenido en exceso<\/strong> tras recibir de Karrikaburu en una transici\u00f3n, y porque la defensa rojilla hab\u00eda despejado in extremis un caramelo del propio Karrika a Barrene. Sin embargo, el japon\u00e9s, el\u00e9ctrico, se desquit\u00f3 entonces de su fallo previo<strong> al convertir una gran presi\u00f3n tras p\u00e9rdida de Aramburu en su gol marca de la casa<\/strong>: disparo cruzado con la zurda al palo para hacer el 1-0 y empatar con un aplaudido Jon Gorrotxategi como blanquiazul m\u00e1s destacado del primer acto.\n<\/p>\n<p><strong>REAL SOCIEDAD (4)<\/strong> Remiro (Marrero, m. 45); Aramburu, Jon Mart\u00edn, Zubeldia, Aihen; Gorrotxategi, Pablo Mar\u00edn, Brais; Kubo, Karrrikaburu, Barrene. A partir del minuto 60 jugaron Marrero; Rup\u00e9rez, Aritz, Pacheco, Sergio G\u00f3mez; Urko, Turrientes, Sucic; Goti; Oyarzabal, \u00d3skarsson.<\/p>\n<p><strong>OSASUNA (1)<\/strong> Aitor Fern\u00e1ndez, Rosier, Catena, Osambela, Bretones; Iker Mu\u00f1oz, Mauro; Moi G\u00f3mez, Aimar, V\u00edctor; Budimir. Segunda parte: Aitor Fern\u00e1ndez; Iker Benito, Boyomo, Herrando, Juan Cruz; Torr\u00f3, Moncayola; Yoldi, Moi G\u00f3mez (Pedroarena, m. 63), Kike Barja; Ra\u00fal Fern\u00e1ndez.<\/p>\n<p><strong>GOLES<\/strong> 1-0, m. 41: Kubo. 2-0, m. 51: Karrikaburu. 3-0, m. 63: \u00d3skarsson de penalti. 4-0, m. 66: Turrientes. 4-1, m. 73: Kike Barja.<\/p>\n<p><strong>\u00c1RBITRO<\/strong> Etayo Herrera (Colegio Vasco). Expuls\u00f3 con roja directa al txuri-urdin Jon Pacheco tras deribar este a Yoldi siendo el \u00faltimo defensa txuri-urdin, aunque Aritz defend\u00eda la jugada de forma casi paralela al navarro. Se\u00f1al\u00f3 un penalti por una falta de Herrando sobre \u00d3skarsson que la posterior repetici\u00f3n demostr\u00f3 haber sido cometida fuera del \u00e1rea. No mostr\u00f3 tarjeras amarillas<\/p>\n<p><strong>INCIDENCIAS<\/strong> Partido disputado en el campo Jos\u00e9 Luis Orbegozo de las instalaciones de Zubieta, con el aforo de 1.100 espectadores lleno pese a no haberse completado las solicitudes previas.<\/p>\n<p class=\"article-body__text \">\n        Tras el intermedio, la Real acredit\u00f3 amplitud de miras y de alternativas haciendo el segundo<strong> tras un env\u00edo directo y frontal de Aramburu para la carrera por banda de Take<\/strong>, quien asisti\u00f3 a Karrikaburu. Y lleg\u00f3 luego <strong>el cambio multitudinario de Sergio Francisco<\/strong> en el minuto 60, para sustituir a los diez futbolistas de campo (Marrero hab\u00eda entrado al campo en el descanso) y pasar <strong>a un 4-4-2 de rombo en la medular<\/strong>. Con \u00d3skarsson y Oyarzabal en la doble punta, el nuevo esquema <strong>acredit\u00f3 fortalezas y debilidades<\/strong>. Atrayendo dentro a Osasuna con cuatro jugadores interiores, el equipo hall\u00f3 el penalti sobre el island\u00e9s que \u00e9l mismo transform\u00f3 (a lo Panenka) y la proyecci\u00f3n de Rup\u00e9rez para que marcara Turrientes. Por contra,<strong> los riesgos que el equipo corri\u00f3<\/strong> para encontrar esa primera conexi\u00f3n con la sala de m\u00e1quinas generaron <strong>el definitivo 4-1 tras p\u00e9rdida del propio Turrientes<\/strong>.\n<\/p>\n<p class=\"article-body__text \">\n        Otro mal pase, este de Goti, se tradujo enseguida en<strong> la expulsi\u00f3n de Jon Pacheco<\/strong>, jugando la Real los minutos finales con la ambici\u00f3n de marcar el quinto pese a su inferioridad num\u00e9rica. Con las l\u00edneas algo m\u00e1s retrasadas y saliendo al contragolpe, <strong>termin\u00f3 de demostrar eso a lo que ya hab\u00eda apuntado con once<\/strong>: que no va a aferrarse a ning\u00fan registro y que, tal y como solicita el f\u00fatbol moderno, va a tratar de adaptarse a todos los panoramas posibles. Fue un buen ensayo para un equipo al que vamos poniendo cara y ojos. No tiene mala pinta.\n<\/p>\n<p>            <script async src=\"https:\/\/platform.twitter.com\/widgets.js\" charset=\"utf-8\"><\/script><\/p>\n","protected":false},"excerpt":{"rendered":"Take Kubo esper\u00f3 a la Real Sociedad en Jap\u00f3n y recibi\u00f3 a sus compa\u00f1eros en la puerta del&hellip;\n","protected":false},"author":2,"featured_media":15128,"comment_status":"","ping_status":"","sticky":false,"template":"","format":"standard","meta":{"footnotes":""},"categories":[268],"tags":[10082,3331,168,25,24,280,282,10081,621,798,281,492,23,167],"class_list":{"0":"post-15127","1":"post","2":"type-post","3":"status-publish","4":"format-standard","5":"has-post-thumbnail","7":"category-futbol","8":"tag-4-1","9":"tag-amistoso","10":"tag-deportes","11":"tag-es","12":"tag-espana","13":"tag-football","14":"tag-futbol","15":"tag-kubo","16":"tag-osasuna","17":"tag-real","18":"tag-soccer","19":"tag-sociedad","20":"tag-spain","21":"tag-sports"},"share_on_mastodon":{"url":"","error":""},"_links":{"self":[{"href":"https:\/\/www.europesays.com\/es\/wp-json\/wp\/v2\/posts\/15127","targetHints":{"allow":["GET"]}}],"collection":[{"href":"https:\/\/www.europesays.com\/es\/wp-json\/wp\/v2\/posts"}],"about":[{"href":"https:\/\/www.europesays.com\/es\/wp-json\/wp\/v2\/types\/post"}],"author":[{"embeddable":true,"href":"https:\/\/www.europesays.com\/es\/wp-json\/wp\/v2\/users\/2"}],"replies":[{"embeddable":true,"href":"https:\/\/www.europesays.com\/es\/wp-json\/wp\/v2\/comments?post=15127"}],"version-history":[{"count":0,"href":"https:\/\/www.europesays.com\/es\/wp-json\/wp\/v2\/posts\/15127\/revisions"}],"wp:featuredmedia":[{"embeddable":true,"href":"https:\/\/www.europesays.com\/es\/wp-json\/wp\/v2\/media\/15128"}],"wp:attachment":[{"href":"https:\/\/www.europesays.com\/es\/wp-json\/wp\/v2\/media?parent=15127"}],"wp:term":[{"taxonomy":"category","embeddable":true,"href":"https:\/\/www.europesays.com\/es\/wp-json\/wp\/v2\/categories?post=15127"},{"taxonomy":"post_tag","embeddable":true,"href":"https:\/\/www.europesays.com\/es\/wp-json\/wp\/v2\/tags?post=15127"}],"curies":[{"name":"wp","href":"https:\/\/api.w.org\/{rel}","templated":true}]}}