{"id":151270,"date":"2025-10-01T19:24:13","date_gmt":"2025-10-01T19:24:13","guid":{"rendered":"https:\/\/www.europesays.com\/es\/151270\/"},"modified":"2025-10-01T19:24:13","modified_gmt":"2025-10-01T19:24:13","slug":"la-comision-permanente-del-poder-judicial-propone-sancionar-al-juez-que-llamo-barbigona-a-la-mujer-de-pedro-sanchez-cadena-ser","status":"publish","type":"post","link":"https:\/\/www.europesays.com\/es\/151270\/","title":{"rendered":"La comisi\u00f3n permanente del Poder Judicial propone sancionar al juez que llam\u00f3 &quot;Barbigo\u00f1a&quot; a la mujer de Pedro S\u00e1nchez &#8211; Cadena SER"},"content":{"rendered":"<ol>\n<li><a href=\"https:\/\/news.google.com\/rss\/articles\/CBMi_gFBVV95cUxPb0t3c2JwWm8xSDR0V3UwWEtBajFheVFxcjVJcDhpdEx5UmtaYjJNWEhRaG01N2ZoX1JwREx0MFNXZkNRWk9Ic0RpR3FQQ0dSMEhMOHdsQmJXRm5oMWZEM3RXZDhwNjRSVUNFYVNZdWJmRzdsa0xFREU2QXZ6V1ZjMUVPd2dqSEJRU1UydTA5a19JTjRQWmRhZ3FFcEZ3c01mYms2cVZYa1J5Y3hzbjg3dFg3U0R0b3FyR0tTOTgwYlBCcEZJNWRQMDg5NkRMSDc0R2tUX01uRzhYSTRtLU0zWV80R3c4Y2IwTlBENTJrT19KaUZpQ3EtY0c1cjJmUdIBkgJBVV95cUxPOXowMC1SUlp0NXo4cy1CUURIckdMNWxpMnZiT2hWWmRoelplMVVYbHBIbTF4QnhwSEJ4ejgtTlRBeVZqN0JPRjB4dUVrLU5vTXVGeHhnU0U3Mk1iU0JicktKeWlDVnFzX1Jhb2R3cVRDVlhDSjFLS094WUdxRFp2bTVkLVNQRGNlTkRjTVcwdUN4SXlXUm9YcFdRSHdSazZvOEd6bDdkOTZPakl3VmVzRWhoMGdzdERyNWEyeEl4Y0RRZkgyR0NEb0lfb2Nfd2UzTkNNckNxWDZwclRneWpqYjlsdHBwNjN1R0I5a1JBeGl6TzdoUnl6c0lzMXVMa3RneHpiUGt4dXRTWE45Si1DS3FB?oc=5\" target=\"_blank\" rel=\"nofollow noopener\">La comisi\u00f3n permanente del Poder Judicial propone sancionar al juez que llam\u00f3 \u00abBarbigo\u00f1a\u00bb a la mujer de Pedro S\u00e1nchez<\/a>&nbsp;&nbsp;Cadena SER<\/li>\n<li><a href=\"https:\/\/news.google.com\/rss\/articles\/CBMiekFVX3lxTFBZYnhHbWV4cDNKSWRrSmwzbWdKVkEzQkc1VWxlVVQyZDJMejVtZEdwNnBIY2NxTVVsRHVvVGNueGY3OVFiYTMtSjJ6ZFFIRDgxSXVQazQzMTZIYnNPQXo1QWM2ZGQtbnV6emJsYWZ4VVVlaGxDa0dneE930gF6QVVfeXFMUGJqTWNHTHdZZU9wdERYWC1OVEpWc1dHdmZuYUtDQTBJUzE3NVM3TnFoZl8yRWtpR2NwQ3cwdUdudFVFTzZmbmFXQ3o0VUZvb00zTXI2OGs4UUt5V05uUkZSQUUwVFlaYlZEQWJFeDJzZTM0US05VmpMRVE?oc=5\" target=\"_blank\" rel=\"nofollow noopener\">El CGPJ abre expediente disciplinario al juez que llam\u00f3 \u00abgolpista\u00bb a S\u00e1nchez y \u00abbarbigo\u00f1a\u00bb a su esposa Bego\u00f1a G\u00f3mez en la red social X<\/a>&nbsp;&nbsp;El Mundo<\/li>\n<li><a href=\"https:\/\/news.google.com\/rss\/articles\/CBMisAFBVV95cUxPTjAzc2MySTZ6Vkdjekt0RS1FSUhHXzk0X0JnUjliTmlXNmZfRmZxZVVJcmFPVkg4TDVnMnJvVE4xVmc5V2huVTRHU1E4Zmx6LUVCQVNuM1l2R0RXTlpNeHgyakFqV3dNTkpqWXZiWllNYmJQWGx3ek05d2JFNGZUX00zVXQ2Yll1SXpZWlNHcXFlbmxxN21panVOUEJUbzF6YVk3Zmx5MlZqUnNfamhWeA?oc=5\" target=\"_blank\" rel=\"nofollow noopener\">El Poder Judicial abre expediente al juez que acus\u00f3 a Pedro S\u00e1nchez de \u201cgolpismo\u201d<\/a>&nbsp;&nbsp;EL PA\u00cdS<\/li>\n<li><a href=\"https:\/\/news.google.com\/rss\/articles\/CBMi-AFBVV95cUxNSTJlMmRWc1ZYSTN2RXBNNU1FZjI5V2c0R3d4ZWYxa2N1V3VJc3lTOWJUMnN2cmlsM0hUdkRJSzFJSFhUM2djVktjcUR1b2p2OTM4SVhsdUpXQjI5cjNDcUxBbzNsTGdkd3ZpdGhUU0ZDSEJrTm1tSzNoZU1QTkxYaHJGRnVRNU9CYkNfbEtod2xRUkticEJ2WThpNUg1RF81bl91aV83dExzbVZZWmJyd0EyNTJhNHNVbTR1aFNDY1VYQkRuTlh0MVFrTk9EbkJVT1AtWW1BOXBVdk9nUm9Wd0p6OXBUSnVxc09PZW9kQm9VNkFYa3QyWA?oc=5\" target=\"_blank\" rel=\"nofollow noopener\">\u00daltima hora pol\u00edtica, en directo | Margarita Robles pide \u00abresponsabilidad\u00bb a la Flotilla: \u00abPueden poner en riesgo la vida de muchas personas\u00bb<\/a>&nbsp;&nbsp;El Espa\u00f1ol<\/li>\n<li><a href=\"https:\/\/news.google.com\/rss\/articles\/CBMixgFBVV95cUxPNWFwbVhzdEhtQXZGVUs1NEN1NGF2blZVdU9fcWhhS25vWUJTZW9SalBORmVJeGNIanNWLUlTVDJqNWhFdVY1TFA0dW0zVXQ5ZFYwcnNJclczQzd2TEpSYXZDZzV6Zmk3YWl0NVZvQlFKODJvUjF0QzkwMHZEMXVyek00X1FwVFBzTHJyekw4d0JFbmF3NnVUR1lVdmJuekxQZHFMZlhjTFVkR3h2QmFjeE5tYzg5X3hwRzBxekZfTzdHbW5CYmfSAcYBQVVfeXFMTWxTX002MHo0Z3UwbjZFRDFkU0U1RGpreXduNVlXWWV2UFB6V1BTSlkzRVVQOE43SktHTHNMY0NWMldudUFzMENudUFOLV9fUllVb0ZwYUFvQWRGWmRHVk9scDJTcDJKU1o1WWNfbkFudFhlanZQRFlUcHRBa0xRLWpyemxYQloyTXJLcXFRclh2SFdCWnB2b3B1Tk5jZ0ZwZTBhX0kzdnYzZ3BHUzdKYWd6Y21Za1dFaXJ3VmxreGVJQWxIX25R?oc=5\" target=\"_blank\" rel=\"nofollow noopener\">El voto de calidad de la presidenta del Poder Judicial determina la apertura de un expediente al juez que llam\u00f3 a la mujer de S\u00e1nchez \u00abBarbigo\u00f1a\u00bb<\/a>&nbsp;&nbsp;El Peri\u00f3dico<\/li>\n<\/ol>\n","protected":false},"excerpt":{"rendered":"La comisi\u00f3n permanente del Poder Judicial propone sancionar al juez que llam\u00f3 \u00abBarbigo\u00f1a\u00bb a la mujer de Pedro&hellip;\n","protected":false},"author":2,"featured_media":151271,"comment_status":"","ping_status":"","sticky":false,"template":"","format":"standard","meta":{"footnotes":""},"categories":[8],"tags":[17,18,25,24,13,14,11,19,20,9,10,15,16,23,12,21,22],"class_list":{"0":"post-151270","1":"post","2":"type-post","3":"status-publish","4":"format-standard","5":"has-post-thumbnail","7":"category-espana","8":"tag-breaking-news","9":"tag-breakingnews","10":"tag-es","11":"tag-espana","12":"tag-featured-news","13":"tag-featurednews","14":"tag-headlines","15":"tag-latest-news","16":"tag-latestnews","17":"tag-news","18":"tag-noticias","19":"tag-noticias-destacadas","20":"tag-noticiasdestacadas","21":"tag-spain","22":"tag-titulares","23":"tag-ultimas-noticias","24":"tag-ultimasnoticias"},"share_on_mastodon":{"url":"","error":""},"_links":{"self":[{"href":"https:\/\/www.europesays.com\/es\/wp-json\/wp\/v2\/posts\/151270","targetHints":{"allow":["GET"]}}],"collection":[{"href":"https:\/\/www.europesays.com\/es\/wp-json\/wp\/v2\/posts"}],"about":[{"href":"https:\/\/www.europesays.com\/es\/wp-json\/wp\/v2\/types\/post"}],"author":[{"embeddable":true,"href":"https:\/\/www.europesays.com\/es\/wp-json\/wp\/v2\/users\/2"}],"replies":[{"embeddable":true,"href":"https:\/\/www.europesays.com\/es\/wp-json\/wp\/v2\/comments?post=151270"}],"version-history":[{"count":0,"href":"https:\/\/www.europesays.com\/es\/wp-json\/wp\/v2\/posts\/151270\/revisions"}],"wp:featuredmedia":[{"embeddable":true,"href":"https:\/\/www.europesays.com\/es\/wp-json\/wp\/v2\/media\/151271"}],"wp:attachment":[{"href":"https:\/\/www.europesays.com\/es\/wp-json\/wp\/v2\/media?parent=151270"}],"wp:term":[{"taxonomy":"category","embeddable":true,"href":"https:\/\/www.europesays.com\/es\/wp-json\/wp\/v2\/categories?post=151270"},{"taxonomy":"post_tag","embeddable":true,"href":"https:\/\/www.europesays.com\/es\/wp-json\/wp\/v2\/tags?post=151270"}],"curies":[{"name":"wp","href":"https:\/\/api.w.org\/{rel}","templated":true}]}}