{"id":151272,"date":"2025-10-01T19:25:09","date_gmt":"2025-10-01T19:25:09","guid":{"rendered":"https:\/\/www.europesays.com\/es\/151272\/"},"modified":"2025-10-01T19:25:09","modified_gmt":"2025-10-01T19:25:09","slug":"estamos-ante-la-situacion-mas-dificil-desde-la-segunda-guerra-mundial","status":"publish","type":"post","link":"https:\/\/www.europesays.com\/es\/151272\/","title":{"rendered":"\u00abEstamos ante la situaci\u00f3n m\u00e1s dif\u00edcil desde la Segunda Guerra Mundial\u00bb"},"content":{"rendered":"<p>Las palabras de la primera ministra danesa llegan despu\u00e9s de que el Kremlin haya invadido con drones el espacio de diversos pa\u00edses europeos<\/p>\n<p><img fetchpriority=\"high\" class=\"voc-img\" src=\"https:\/\/www.europesays.com\/es\/wp-content\/uploads\/2025\/10\/1501409118-kfPE-U701679264232CTE-1200x840@diario_abc.jpg\" loading=\"eager\" decoding=\"async\" alt=\"La primera ministra danesa, Mette Frederiksen\" width=\"1200\" height=\"840\"\/><\/p>\n<p>La primera ministra danesa, Mette Frederiksen    afp  <\/p>\n<p><img decoding=\"async\" class=\"voc-author__img\" src=\"https:\/\/www.europesays.com\/es\/wp-content\/uploads\/2025\/07\/autor-2045-foto-15.jpeg\" alt=\"Enrique Serbeto\"\/><\/p>\n<p>01\/10\/2025<br \/>\n<br \/><strong><br \/>\nActualizado a las 20:40h.<br \/>\n<\/strong><\/p>\n<p class=\"voc-p\" style=\"\">La primera ministra danesa, la socialista <strong>Mette Fredriksen<\/strong> considera que \u00abEuropa se encuentra en la situaci\u00f3n m\u00e1s dif\u00edcil y peligrosa desde la Segunda Guerra Mundial\u00bb debido a la <a href=\"https:\/\/www.abc.es\/internacional\/rusia-intensifica-ataques-aereos-ucrania-ue-otan-20250930100022-nt.html\" target=\"_self\" data-voc-vtm-id=\"in-text-traffic\" title=\"actitud agresiva de Rusia\" rel=\"nofollow noopener\">actitud agresiva de Rusia<\/a>. La dirigente danesa ha hecho estas declaraciones a la llegada a  &#8230; la reuni\u00f3n informal del Consejo Europeo que se celebra esta tarde en Copenhague. <\/p>\n<p class=\"voc-p\" style=\"\">Seg\u00fan Frederiksen, la situaci\u00f3n actual despu\u00e9s de tres a\u00f1os de guerra por la invasi\u00f3n rusa de Ucrania es \u00abmucho peor que durante la Guerra Fr\u00eda\u00bb que mantuvo una extraordinaria tensi\u00f3n y una carrera de armamentos entre <a href=\"https:\/\/www.abc.es\/internacional\/foto-poder-trump-obligo-netanyahu-pedir-perdon-20251001134107-nt.html\" target=\"_self\" data-voc-vtm-id=\"in-text-traffic\" title=\"Estados Unidos\" rel=\"nofollow noopener\">Estados Unidos<\/a> y la entonces Uni\u00f3n Sovi\u00e9tica durante d\u00e9cadas.<\/p>\n<p class=\"voc-p\" style=\"\">\u00abCreo que es grave. Creo que <a href=\"https:\/\/www.abc.es\/internacional\/john-muller-zelenski-netanyahu-dos-guerreros-judios-20251001042315-nt.html\" target=\"_self\" data-voc-vtm-id=\"in-text-traffic\" title=\"la guerra en Ucrania\" rel=\"nofollow noopener\">la guerra en Ucrania<\/a> es muy grave. Cuando miro a Europa hoy, creo que nos encontramos en la situaci\u00f3n m\u00e1s dif\u00edcil y peligrosa desde el final de la Segunda Guerra Mundial, mucho peor que en la Guerra Fr\u00eda\u00bb.<\/p>\n<p class=\"voc-p\" style=\"\">Los dirigentes europeos tienen previsto reflexionar esta tarde sobre <a href=\"https:\/\/www.abc.es\/internacional\/debemos-derribarlo-dilema-ue-ante-incursiones-rusas-20251001042148-nt.html\" target=\"_self\" data-voc-vtm-id=\"in-text-traffic\" title=\"las medidas a tomar para proteger el territorio europeo\" data-mrf-link=\"www.abc.es\" rel=\"nofollow noopener\">las medidas a tomar para proteger el territorio europeo<\/a>, entre las que figura el muro anti drones que promueve <a href=\"https:\/\/www.abc.es\/internacional\/von-der-leyen-lucha-mantener-apoyo-socialdemocratas-20250922192312-nt.html\" target=\"_self\" data-voc-vtm-id=\"in-text-traffic\" title=\"la presidenta de la Comisi\u00f3n Europea, Ursula von der Leyen\" rel=\"nofollow noopener\">la presidenta de la Comisi\u00f3n Europea, Ursula von der Leyen<\/a>. Una de las cuestiones a debatir es c\u00f3mo tomar la decisi\u00f3n de derribar o no a un dron hostil que invada el espacio a\u00e9reo europeo una vez que se haya instalado este sistema. Al ser preguntada sobre las incursiones con drones, la primera ministra danesa ha respondido que, en general, <strong>est\u00e1 a favor de derribarlos<\/strong>, pero advierte que \u00abdebe hacerse de la manera correcta\u00bb.<\/p>\n<p class=\"voc-p\" style=\"\">La reuni\u00f3n informal se celebra en el castillo de Christiansborg, en Copenhague, cuyo aeropuerto ha sido recientemente el objetivo de sobrevuelos inquietantes de drones de procedencia desconocida.<\/p>\n<p><img loading=\"lazy\" decoding=\"async\" width=\"530\" height=\"64\" class=\"logo-premium\" src=\"data:image\/gif;base64,R0lGODlhAQABAAAAACH5BAEKAAEALAAAAAABAAEAAAICTAEAOw==\" alt=\"ABC Premium\"\/><br \/>\nL\u00edmite de sesiones alcanzadas<\/p>\n<ul class=\"listado\">\n<li>El acceso al contenido Premium est\u00e1 abierto por cortes\u00eda del establecimiento donde te encuentras, pero ahora mismo hay demasiados usuarios conectados a la vez. Por favor, int\u00e9ntalo pasados unos minutos.<\/li>\n<\/ul>\n<p>Volver a intentar<\/p>\n<p><img loading=\"lazy\" decoding=\"async\" width=\"530\" height=\"64\" class=\"logo-premium\" src=\"data:image\/gif;base64,R0lGODlhAQABAAAAACH5BAEKAAEALAAAAAABAAEAAAICTAEAOw==\" alt=\"ABC Premium\"\/><br \/>\nHas superado el l\u00edmite de sesiones<\/p>\n<ul class=\"listado\">\n<li>S\u00f3lo puedes tener tres sesiones iniciadas a la vez. Hemos cerrado la sesi\u00f3n m\u00e1s antigua para que sigas navegando sin l\u00edmites en el resto.<\/li>\n<\/ul>\n<p>Sigue navegando<\/p>\n<p>\nArt\u00edculo solo para suscriptores\n<\/p>\n<p>Reportar un error<\/p>\n","protected":false},"excerpt":{"rendered":"Las palabras de la primera ministra danesa llegan despu\u00e9s de que el Kremlin haya invadido con drones el&hellip;\n","protected":false},"author":2,"featured_media":151273,"comment_status":"","ping_status":"","sticky":false,"template":"","format":"standard","meta":{"footnotes":""},"categories":[5],"tags":[17,18,346,2496,25,24,700,13,14,69,11,45853,19,20,9,10,15,16,34,8013,1614,23,12,21,22],"class_list":{"0":"post-151272","1":"post","2":"type-post","3":"status-publish","4":"format-standard","5":"has-post-thumbnail","7":"category-titulares","8":"tag-breaking-news","9":"tag-breakingnews","10":"tag-contundente","11":"tag-dinamarca","12":"tag-es","13":"tag-espana","14":"tag-europa","15":"tag-featured-news","16":"tag-featurednews","17":"tag-guerra","18":"tag-headlines","19":"tag-hibrida","20":"tag-latest-news","21":"tag-latestnews","22":"tag-news","23":"tag-noticias","24":"tag-noticias-destacadas","25":"tag-noticiasdestacadas","26":"tag-pide","27":"tag-respuesta","28":"tag-rusia","29":"tag-spain","30":"tag-titulares","31":"tag-ultimas-noticias","32":"tag-ultimasnoticias"},"share_on_mastodon":{"url":"","error":""},"_links":{"self":[{"href":"https:\/\/www.europesays.com\/es\/wp-json\/wp\/v2\/posts\/151272","targetHints":{"allow":["GET"]}}],"collection":[{"href":"https:\/\/www.europesays.com\/es\/wp-json\/wp\/v2\/posts"}],"about":[{"href":"https:\/\/www.europesays.com\/es\/wp-json\/wp\/v2\/types\/post"}],"author":[{"embeddable":true,"href":"https:\/\/www.europesays.com\/es\/wp-json\/wp\/v2\/users\/2"}],"replies":[{"embeddable":true,"href":"https:\/\/www.europesays.com\/es\/wp-json\/wp\/v2\/comments?post=151272"}],"version-history":[{"count":0,"href":"https:\/\/www.europesays.com\/es\/wp-json\/wp\/v2\/posts\/151272\/revisions"}],"wp:featuredmedia":[{"embeddable":true,"href":"https:\/\/www.europesays.com\/es\/wp-json\/wp\/v2\/media\/151273"}],"wp:attachment":[{"href":"https:\/\/www.europesays.com\/es\/wp-json\/wp\/v2\/media?parent=151272"}],"wp:term":[{"taxonomy":"category","embeddable":true,"href":"https:\/\/www.europesays.com\/es\/wp-json\/wp\/v2\/categories?post=151272"},{"taxonomy":"post_tag","embeddable":true,"href":"https:\/\/www.europesays.com\/es\/wp-json\/wp\/v2\/tags?post=151272"}],"curies":[{"name":"wp","href":"https:\/\/api.w.org\/{rel}","templated":true}]}}