{"id":151274,"date":"2025-10-01T19:26:13","date_gmt":"2025-10-01T19:26:13","guid":{"rendered":"https:\/\/www.europesays.com\/es\/151274\/"},"modified":"2025-10-01T19:26:13","modified_gmt":"2025-10-01T19:26:13","slug":"barca-veszprem-ortega-ante-pasqui-por-el-mundial-de-clubs","status":"publish","type":"post","link":"https:\/\/www.europesays.com\/es\/151274\/","title":{"rendered":"Bar\u00e7a-Veszpr\u00e9m, Ortega ante Pasqui, por el Mundial de clubs"},"content":{"rendered":"<p data-gtm-element-container=\"modulo-texto-link\" class=\"paragraph\">La final del morbo est\u00e1 servida este jueves en Egipto (19.00 h, Esport3): <a href=\"https:\/\/www.lavanguardia.com\/deportes\/resultados\/laliga-primera-division\/calendario\/barcelona\" target=\"_blank\" rel=\"noopener noreferrer nofollow\">Bar\u00e7a<\/a> contra Veszpr\u00e9m, dos de los grandes favoritos al trono europeo y al mundial, o, lo que es lo mismo, Carlos Ortega contra su predecesor en el banquillo blaugrana, Xavi Pascual. En juego, el Mundial de Clubs.\u00a0<\/p>\n<p data-gtm-element-container=\"modulo-texto-link\" class=\"paragraph\">El Bar\u00e7a aspira a recuperar el t\u00edtulo oficioso de mejor equipo del mundo, tras cuatro frustraciones seguidas (no lo gana desde el 2019, con Pasqui), y el Veszpr\u00e9m, a revalidar su corona despu\u00e9s e cargarse al Magdeburg, el campe\u00f3n de Europa (que llevaba 34 partidos sin perder).\u00a0<\/p>\n<p>Segundo choque en dos a\u00f1os<br \/>\nLa final del 2025 es una reedici\u00f3n de la semifinal del 2024, en la que los h\u00fangaros pasaron en la pr\u00f3rroga (34-39) tras endosar un parcial de 5-10<\/p>\n<p data-gtm-element-container=\"modulo-texto-link\" class=\"paragraph\">Un Bar\u00e7a-Veszpr\u00e9m es un aut\u00e9ntico choque de trenes, uno de los mejores partidos que se pueden ver actualmente, entre los dos grandes candidatos al cetro europeo. Ser\u00e1 el segundo duelo entre ellos con un a\u00f1o de diferencia, justo. Fue el 1 de octubre del 2024 cuando <a href=\"https:\/\/www.lavanguardia.com\/deportes\/20241001\/9987872\/balonmano-mundial-clubs-barca-barcelona-estrella-semifinales-veszprem-xavi-pascual.html\" rel=\"nofollow noopener\" target=\"_blank\">el conjunto blaugrana cay\u00f3 ante el cuadro magiar en semifinales del Mundial de clubs, tambi\u00e9n en Egipto, por 34-39, en la pr\u00f3rroga<\/a>.\u00a0<\/p>\n<p data-gtm-element-container=\"modulo-texto-link\" class=\"paragraph\">En aquel choque, el Bar\u00e7a se enfrentaba por primera vez a Pasqui dirigiendo al Veszpr\u00e9m, tras su paso ef\u00edmero por el Dinamo Bucarest (con el que ya visit\u00f3 el Palau Blaugrana). En esta ocasi\u00f3n, la relaci\u00f3n entre el club y su exentrenador barcelon\u00e9s &#8211;<a href=\"https:\/\/www.lavanguardia.com\/deportes\/fc-barcelona\/20210529\/7490902\/barca-balonmano-despedida-xavi-pascual-david-barrufet-raul-entrerrios-palau.html\" rel=\"nofollow noopener\" target=\"_blank\">despedido de manera poco elegante por la directiva de Joan Laporta en mayo del 2021, junto al m\u00e1nager David Barrufet<\/a>&#8211; se ha agriado en los \u00faltimos tiempos por los fichajes cruzados de jugadores de un equipo a otro: el Bar\u00e7a recuper\u00f3 a Ludo F\u00e0bregas y el Veszpr\u00e9m pesc\u00f3 al portero Nielsen (para el a\u00f1o que viene, tras no aceptar la renovaci\u00f3n que le ofrec\u00eda el club) y a Thiagus Petrus. Desde el Bar\u00e7a acusaron a Pasqui de querer desestabilizar la plantilla tentando a algunos de sus jugadores emblem\u00e1ticos.<\/p>\n<p>Pasado blaugrana\u00a0<br \/>\nAdem\u00e1s de Pasqui y Petrus, el Veszpr\u00e9m cuenta con exblaugranas como Cindric, Zein, Lenne, Corrales, Toni Garcia y Laszlo Nagy<\/p>\n<p data-gtm-element-container=\"modulo-texto-link\" class=\"paragraph\">De hecho, el Veszpr\u00e9m es el segundo equipo m\u00e1s blaugrana del continente: en sus filas figuran, adem\u00e1s de Xavi Pascual y el referido Petrus, exjugadores el croata Luka Cindric -al que el Bar\u00e7a le abri\u00f3 la puerta-, el egipcio Ali Zein, el portero Rodrigo Corrales, el franc\u00e9s Yanis Lenne, y en el cuerpo t\u00e9cnico, el segundo entrenador Toni Garcia, el t\u00e9cnico de videos Ivan Pascual (hijo del entrenador) y el m\u00e1nager Laszlo Nagy.<\/p>\n<p>Sexta o segunda<br \/>\nEl Bar\u00e7a persigue la que ser\u00eda su sexta corona mundial, despu\u00e9s de perder las \u00faltimas cuatro ediciones, y el Veszpr\u00e9m quiere la segunda<\/p>\n<p data-gtm-element-container=\"modulo-texto-link\" class=\"paragraph\">\u201cLos partidos entre Bar\u00e7a y Veszpr\u00e9m siempre son especiales\u201d, dec\u00eda en la previa el capit\u00e1n blaugrana Dika Mem, que siempre se ha considerado hijo deportivo de Pasqui.<\/p>\n<p data-gtm-element-container=\"modulo-texto-link\" class=\"paragraph\">El Veszpr\u00e9m defiende el t\u00edtulo despu\u00e9s de derrotar en su semifinal al Magdeburg (23-20), mientras que el Bar\u00e7a super\u00f3 al Al-Ahly egipcio (26-21).\u00a0<\/p>\n<p data-gtm-element-container=\"modulo-texto-link\" class=\"paragraph\">Ser\u00e1 la tercera final del Mundial de Clubs para el Veszpr\u00e9m y la s\u00e9ptima para Xavi Pascual, que gan\u00f3 cinco con el Bar\u00e7a y una con los h\u00fangaros.<\/p>\n<p data-gtm-element-container=\"modulo-texto-link\" class=\"paragraph\">Para Carlos Ortega ser\u00e1 la tercera final con el Bar\u00e7a, despu\u00e9s de perder dos ante el Magdeburg (2021 y 2022) y caer en las dos \u00faltimas semifinales (F\u00fcchse y Veszpr\u00e9m). El conjunto blaugrana persigue la que ser\u00eda su sexta corona mundial y el Veszpr\u00e9m la segunda.<\/p>\n","protected":false},"excerpt":{"rendered":"La final del morbo est\u00e1 servida este jueves en Egipto (19.00 h, Esport3): Bar\u00e7a contra Veszpr\u00e9m, dos de&hellip;\n","protected":false},"author":2,"featured_media":151275,"comment_status":"","ping_status":"","sticky":false,"template":"","format":"standard","meta":{"footnotes":""},"categories":[278],"tags":[376,168,25,24,375,23,167],"class_list":{"0":"post-151274","1":"post","2":"type-post","3":"status-publish","4":"format-standard","5":"has-post-thumbnail","7":"category-balonmano","8":"tag-balonmano","9":"tag-deportes","10":"tag-es","11":"tag-espana","12":"tag-handball","13":"tag-spain","14":"tag-sports"},"share_on_mastodon":{"url":"","error":""},"_links":{"self":[{"href":"https:\/\/www.europesays.com\/es\/wp-json\/wp\/v2\/posts\/151274","targetHints":{"allow":["GET"]}}],"collection":[{"href":"https:\/\/www.europesays.com\/es\/wp-json\/wp\/v2\/posts"}],"about":[{"href":"https:\/\/www.europesays.com\/es\/wp-json\/wp\/v2\/types\/post"}],"author":[{"embeddable":true,"href":"https:\/\/www.europesays.com\/es\/wp-json\/wp\/v2\/users\/2"}],"replies":[{"embeddable":true,"href":"https:\/\/www.europesays.com\/es\/wp-json\/wp\/v2\/comments?post=151274"}],"version-history":[{"count":0,"href":"https:\/\/www.europesays.com\/es\/wp-json\/wp\/v2\/posts\/151274\/revisions"}],"wp:featuredmedia":[{"embeddable":true,"href":"https:\/\/www.europesays.com\/es\/wp-json\/wp\/v2\/media\/151275"}],"wp:attachment":[{"href":"https:\/\/www.europesays.com\/es\/wp-json\/wp\/v2\/media?parent=151274"}],"wp:term":[{"taxonomy":"category","embeddable":true,"href":"https:\/\/www.europesays.com\/es\/wp-json\/wp\/v2\/categories?post=151274"},{"taxonomy":"post_tag","embeddable":true,"href":"https:\/\/www.europesays.com\/es\/wp-json\/wp\/v2\/tags?post=151274"}],"curies":[{"name":"wp","href":"https:\/\/api.w.org\/{rel}","templated":true}]}}