{"id":151276,"date":"2025-10-01T19:27:28","date_gmt":"2025-10-01T19:27:28","guid":{"rendered":"https:\/\/www.europesays.com\/es\/151276\/"},"modified":"2025-10-01T19:27:28","modified_gmt":"2025-10-01T19:27:28","slug":"marco-perez-sustituira-a-roca-rey-en-el-festejo-taurino-de-ubeda","status":"publish","type":"post","link":"https:\/\/www.europesays.com\/es\/151276\/","title":{"rendered":"Marco P\u00e9rez sustituir\u00e1 a Roca Rey en el festejo taurino de \u00dabeda"},"content":{"rendered":"<p>El diestro Andr\u00e9s Roca Rey se cae del cartel del festejo taurino del pr\u00f3ximo 4 de octubre en \u00dabeda. El torero ha informado a trav\u00e9s de un comunicado de prensa que pone fin a su temporada \u201ctras las diferentes lesiones que ha venido arrastrando durante todo el a\u00f1o\u201d.<\/p>\n<p>En el comunicado se se\u00f1ala que la m\u00e1s preocupante, una hernia que padece desde 2019 y que requiere un tratamiento cr\u00f3nico y continuado, se reactiv\u00f3 tras la voltereta sufrida en Valladolid, provoc\u00e1ndole p\u00e9rdida de fuerza en el hombro y el brazo izquierdo.<\/p>\n<p>Roca Rey lamenta en el comunicado perderse tres corridas, entre las que est\u00e1 incluida \u00dabeda, y tras el obligado par\u00f3n, reaparecer\u00e1 en Lima el pr\u00f3ximo 2 de noviembre. En su lugar, tal y como se ha confirmado ya desde la empresa gestora \u2018Arenas de San Nicasio\u2019, estar\u00e1 el joven Marco P\u00e9rez junto a Morante y Juan Ortega.<\/p>\n<p>En palabras del empresario Jorge Cuti\u00f1o, \u201cEs una pena que Roca Rey no pueda estar, pero bueno, son por motivos m\u00e1s que justificados. Y dentro de las posibilidades que hab\u00eda para sustituirlo, hemos pensado que la mejor opci\u00f3n era Marco P\u00e9rez. Triunf\u00f3 en Nimes, en Murcia, en Salamanca, es uno de los toreros nuevos con mayor proyecci\u00f3n para ser figura del toreo y hemos optado por esa opci\u00f3n\u201d.<\/p>\n","protected":false},"excerpt":{"rendered":"El diestro Andr\u00e9s Roca Rey se cae del cartel del festejo taurino del pr\u00f3ximo 4 de octubre en&hellip;\n","protected":false},"author":2,"featured_media":151277,"comment_status":"","ping_status":"","sticky":false,"template":"","format":"standard","meta":{"footnotes":""},"categories":[277],"tags":[373,168,25,24,23,167,374],"class_list":{"0":"post-151276","1":"post","2":"type-post","3":"status-publish","4":"format-standard","5":"has-post-thumbnail","7":"category-toreo","8":"tag-bullfighting","9":"tag-deportes","10":"tag-es","11":"tag-espana","12":"tag-spain","13":"tag-sports","14":"tag-toreo"},"share_on_mastodon":{"url":"","error":""},"_links":{"self":[{"href":"https:\/\/www.europesays.com\/es\/wp-json\/wp\/v2\/posts\/151276","targetHints":{"allow":["GET"]}}],"collection":[{"href":"https:\/\/www.europesays.com\/es\/wp-json\/wp\/v2\/posts"}],"about":[{"href":"https:\/\/www.europesays.com\/es\/wp-json\/wp\/v2\/types\/post"}],"author":[{"embeddable":true,"href":"https:\/\/www.europesays.com\/es\/wp-json\/wp\/v2\/users\/2"}],"replies":[{"embeddable":true,"href":"https:\/\/www.europesays.com\/es\/wp-json\/wp\/v2\/comments?post=151276"}],"version-history":[{"count":0,"href":"https:\/\/www.europesays.com\/es\/wp-json\/wp\/v2\/posts\/151276\/revisions"}],"wp:featuredmedia":[{"embeddable":true,"href":"https:\/\/www.europesays.com\/es\/wp-json\/wp\/v2\/media\/151277"}],"wp:attachment":[{"href":"https:\/\/www.europesays.com\/es\/wp-json\/wp\/v2\/media?parent=151276"}],"wp:term":[{"taxonomy":"category","embeddable":true,"href":"https:\/\/www.europesays.com\/es\/wp-json\/wp\/v2\/categories?post=151276"},{"taxonomy":"post_tag","embeddable":true,"href":"https:\/\/www.europesays.com\/es\/wp-json\/wp\/v2\/tags?post=151276"}],"curies":[{"name":"wp","href":"https:\/\/api.w.org\/{rel}","templated":true}]}}