{"id":151278,"date":"2025-10-01T19:29:10","date_gmt":"2025-10-01T19:29:10","guid":{"rendered":"https:\/\/www.europesays.com\/es\/151278\/"},"modified":"2025-10-01T19:29:10","modified_gmt":"2025-10-01T19:29:10","slug":"bradley-dispuesto-a-cambiar-la-regla-del-sobre-para-2027","status":"publish","type":"post","link":"https:\/\/www.europesays.com\/es\/151278\/","title":{"rendered":"Bradley, dispuesto a cambiar la regla del sobre para 2027"},"content":{"rendered":"<p>\t\t\t\t\tEl capit\u00e1n americano critica el inmovilismo de una norma que lleva vigente desde 1979 y se abre a presentar una reforma para la edici\u00f3n de 2027<br \/>\n<img fetchpriority=\"high\" decoding=\"async\" class=\"wp-image-319672 size-full\" src=\"https:\/\/www.europesays.com\/es\/wp-content\/uploads\/2025\/10\/PGA-Tour-DPWT-LIV-Golf-League-Ryder-Cup-25-Bethpage-Keegan-Bradley.jpg\" alt=\"PGA Tour, DPWT, LIV Golf League, Ryder Cup 25, Bethpage, Keegan Bradley,\" width=\"650\" height=\"433\"  \/>El preparador del conjunto americano no pudo completar la misi\u00f3n de devolver la copa. Foto: @RyderCupUSA<\/p>\n<p style=\"text-align: justify;\">Cuando el s\u00e1bado por la tarde se anunci\u00f3 la baja de \u00faltima hora de <strong>Viktor Hovland<\/strong> del encuentro de fourballs y su sustituci\u00f3n por <strong>Tyrrell Hatton<\/strong>, muchos comenzaron a hacerse eco de la regla, aunque pocos vaticinaban hasta ese momento que fuera a ser <strong>determinante<\/strong>. A fin de cuentas; el marcador al t\u00e9rmino del segundo d\u00eda de competici\u00f3n en <strong>Behpage Black<\/strong> se\u00f1alaba un claro <strong>5,5 a 11,5<\/strong> a favor de un bando europeo que solo necesitaba dos puntos y medio para retener la <strong>Ryder Cup<\/strong> durante otros dos a\u00f1os.<\/p>\n<p style=\"text-align: justify;\">Sin embargo, los encuentros individuales posibilitaron el acercamiento del <strong>Team USA<\/strong> y la denominada \u201c<strong>regla del sobre<\/strong>\u201d tom\u00f3 un especial protagonismo despu\u00e9s de que los dos conjuntos fueran <strong>obsequiados<\/strong> con medio punto por no poderse llevar a cabo la partida entre el jugador noruego y <strong>Harris English<\/strong>. Una cuesti\u00f3n que, como no pod\u00eda ser de otra manera; apareci\u00f3 en la rueda de prensa posterior al triunfo del equipo europeo. Y aqu\u00ed <strong>Keegan Bradley<\/strong> fue tajante al respecto: \u201c<strong>Tiene que cambiar<\/strong>\u201d.<\/p>\n<p style=\"text-align: justify;\">\u201cTengo algunas ideas al respecto, pero este <strong>no es momento<\/strong> y lugar para hablar sobre ello. Lo que s\u00ed que tengo claro es que <strong>debe haber modificaciones<\/strong>. Creo que es algo obvio para todos los presentes. No tengo nada en contra de <strong>Viktor<\/strong>, pero debemos <strong>variar<\/strong> cosas de cara a la pr\u00f3xima <strong>Ryder<\/strong>\u201d; se\u00f1al\u00f3 el capit\u00e1n americano visiblemente molesto. Sin embargo, no es la primera vez que se echa mano de esta norma desde que se estableciera por primera vez en <strong>1979<\/strong> -en aquel momento <strong>Gil Morgan<\/strong> tuvo que quedarse sin jugar por una lesi\u00f3n del europeo <strong>Mark James<\/strong>-.<\/p>\n<p style=\"text-align: justify;\">Es m\u00e1s, tal y como apunt\u00f3 posteriormente <strong>Luke Donald<\/strong>, en las otras dos ocasiones en las que se utiliz\u00f3 <strong>Estados Unidos<\/strong> acab\u00f3 ganando por un margen incluso m\u00e1s <strong>estrecho<\/strong> que el que tuvimos en esta edici\u00f3n. \u201cTenemos una serie de <strong>pactos<\/strong> entre los capitanes por diferentes situaciones que puedan ocurrir. Habr\u00eda tenido plena confianza en <strong>Viktor<\/strong> para conseguir el <strong>punto<\/strong>, pero no pod\u00eda jugar y estaba <strong>muy disgustado<\/strong> por ello. La regla es la regla y ha estado vigente mucho tiempo\u201d; sentenci\u00f3 el ingl\u00e9s, que no valor\u00f3 una modificaci\u00f3n de cara a <strong>2027<\/strong>.<\/p>\n<blockquote class=\"twitter-tweet\">\n<p dir=\"ltr\" lang=\"en\">Thank you Captain Keegan for your unbridled passion for this event- for Ryder Cup USA.<a href=\"https:\/\/twitter.com\/hashtag\/GoUSA?src=hash&amp;ref_src=twsrc%5Etfw\" rel=\"nofollow noopener\" target=\"_blank\">#GoUSA<\/a> <a href=\"https:\/\/t.co\/1F0gL2EUxP\" rel=\"nofollow\">pic.twitter.com\/1F0gL2EUxP<\/a><\/p>\n<p>\u2014 Ryder Cup USA (@RyderCupUSA) <a href=\"https:\/\/twitter.com\/RyderCupUSA\/status\/1972420690721853938?ref_src=twsrc%5Etfw\" rel=\"nofollow noopener\" target=\"_blank\">September 28, 2025<\/a><\/p>\n<\/blockquote>\n<p style=\"text-align: justify;\"><strong>Puede seguir a OpenGolf en\u00a0<\/strong><a style=\"color: #008000;\" href=\"https:\/\/www.facebook.com\/opengolfes.es\/\" rel=\"nofollow noopener\" target=\"_blank\"><strong>Facebook<\/strong><\/a><strong>;\u00a0<\/strong><a style=\"color: #008000;\" href=\"https:\/\/twitter.com\/opengolf_news\" rel=\"nofollow noopener\" target=\"_blank\"><strong>Twitter<\/strong><\/a><strong>;\u00a0<\/strong><a style=\"color: #008000;\" href=\"https:\/\/www.linkedin.com\/in\/fernando-molina-b1455a14\/\" rel=\"nofollow noopener\" target=\"_blank\"><strong>LinkedIn<\/strong><\/a><strong>\u00a0y suscribi\u00e9ndose a trav\u00e9s de este enlace a nuestra\u00a0<\/strong><a style=\"color: #008000;\" href=\"https:\/\/opengolf.es\/newsletters.php\" rel=\"nofollow noopener\" target=\"_blank\"><strong>Newsletter Semanal<\/strong><\/a><\/p>\n<p>\t\t\t\t<script async src=\"https:\/\/platform.twitter.com\/widgets.js\" charset=\"utf-8\"><\/script><\/p>\n","protected":false},"excerpt":{"rendered":"El capit\u00e1n americano critica el inmovilismo de una norma que lleva vigente desde 1979 y se abre a&hellip;\n","protected":false},"author":2,"featured_media":151279,"comment_status":"","ping_status":"","sticky":false,"template":"","format":"standard","meta":{"footnotes":""},"categories":[275],"tags":[27917,168,7316,25,24,329,27753,15917,392,1960,45854,2624,23,167],"class_list":{"0":"post-151278","1":"post","2":"type-post","3":"status-publish","4":"format-standard","5":"has-post-thumbnail","7":"category-golf","8":"tag-bethpage","9":"tag-deportes","10":"tag-dp-world-tour","11":"tag-es","12":"tag-espana","13":"tag-golf","14":"tag-keegan-bradley","15":"tag-liv-golf-league","16":"tag-luke-donald","17":"tag-pga-tour","18":"tag-regla-del-sobre-ryder-cup","19":"tag-ryder-cup","20":"tag-spain","21":"tag-sports"},"share_on_mastodon":{"url":"","error":""},"_links":{"self":[{"href":"https:\/\/www.europesays.com\/es\/wp-json\/wp\/v2\/posts\/151278","targetHints":{"allow":["GET"]}}],"collection":[{"href":"https:\/\/www.europesays.com\/es\/wp-json\/wp\/v2\/posts"}],"about":[{"href":"https:\/\/www.europesays.com\/es\/wp-json\/wp\/v2\/types\/post"}],"author":[{"embeddable":true,"href":"https:\/\/www.europesays.com\/es\/wp-json\/wp\/v2\/users\/2"}],"replies":[{"embeddable":true,"href":"https:\/\/www.europesays.com\/es\/wp-json\/wp\/v2\/comments?post=151278"}],"version-history":[{"count":0,"href":"https:\/\/www.europesays.com\/es\/wp-json\/wp\/v2\/posts\/151278\/revisions"}],"wp:featuredmedia":[{"embeddable":true,"href":"https:\/\/www.europesays.com\/es\/wp-json\/wp\/v2\/media\/151279"}],"wp:attachment":[{"href":"https:\/\/www.europesays.com\/es\/wp-json\/wp\/v2\/media?parent=151278"}],"wp:term":[{"taxonomy":"category","embeddable":true,"href":"https:\/\/www.europesays.com\/es\/wp-json\/wp\/v2\/categories?post=151278"},{"taxonomy":"post_tag","embeddable":true,"href":"https:\/\/www.europesays.com\/es\/wp-json\/wp\/v2\/tags?post=151278"}],"curies":[{"name":"wp","href":"https:\/\/api.w.org\/{rel}","templated":true}]}}