{"id":151280,"date":"2025-10-01T19:30:08","date_gmt":"2025-10-01T19:30:08","guid":{"rendered":"https:\/\/www.europesays.com\/es\/151280\/"},"modified":"2025-10-01T19:30:08","modified_gmt":"2025-10-01T19:30:08","slug":"gran-remontada-de-jaume-munar-en-el-masters-1000-de-shanghai","status":"publish","type":"post","link":"https:\/\/www.europesays.com\/es\/151280\/","title":{"rendered":"Gran remontada de Jaume Munar en el Masters 1000 de Shangh\u00e1i"},"content":{"rendered":"<p>El tenista mallorqu\u00edn <a href=\"https:\/\/www.ultimahora.es\/etiqueta\/Jaume+Munar.html?utm_source=Inline-tag&amp;utm_medium=internal\" rel=\"nofollow noopener\" target=\"_blank\">Jaume Munar<\/a> <strong>remont\u00f3 este mi\u00e9rcoles al h\u00fangaro M\u00e1rton Fucsovics<\/strong> (4-6, 7-5 y 6-1) en <strong>2 horas y 43 minutos<\/strong> para clasificarse a la segunda ronda del <a href=\"https:\/\/www.ultimahora.es\/etiqueta\/Masters+1000+de+Shangh%C3%A1i.html?utm_source=Inline-tag&amp;utm_medium=internal\" rel=\"nofollow noopener\" target=\"_blank\">Masters 1000 de Shangh\u00e1i<\/a> (China), pen\u00faltimo de la temporada en esta categor\u00eda y que se disputa sobre pista dura al aire libre.<\/p>\n<p>El partido <strong>auguraba complicaciones para el balear<\/strong> ya desde el primer juego, en el que tuvo que salvar cuatro bolas de rotura para no empezar con desventaja. El magiar sumaba sus juegos de saque sin complicaciones y con el 2-2 en el marcador, Munar no pudo evitar que su rival le rompiera el servicio a la quinta oportunidad que tuvo, encarrilando un set que cerr\u00f3 con el 4-6 en 58 minutos.<\/p>\n<p>El punto de inflexi\u00f3n para el tercer espa\u00f1ol del ranking mundial lleg\u00f3 en el tercer juego del segundo parcial, en el que salv\u00f3 hasta tres opciones de &#8216;break&#8217; para mantener la ventaja de saque, que aguant\u00f3 sin mayores complicaciones hasta el 6-5. En el juego definitivo, con el h\u00fangaro sacando para forzar el &#8216;tie-break&#8217;, el de Santany\u00ed <strong>apret\u00f3 y forz\u00f3 el tercer parcial<\/strong> con la primera oportunidad que tuvo al resto. Y el subid\u00f3n provocado por igualar el partido le llev\u00f3 a volar en el parcial final.<\/p>\n<p>El tenista balear lleg\u00f3 mucho mejor f\u00edsicamente y eso acab\u00f3 marcando la diferencia, con cinco juegos consecutivos que cerraron su clasificaci\u00f3n a la segunda ronda del Masters 1000 chino, en la que se enfrentar\u00e1 al italiano <strong>Flavio Cobolli<\/strong>, n\u00famero 25 del mundo.<\/p>\n","protected":false},"excerpt":{"rendered":"El tenista mallorqu\u00edn Jaume Munar remont\u00f3 este mi\u00e9rcoles al h\u00fangaro M\u00e1rton Fucsovics (4-6, 7-5 y 6-1) en 2&hellip;\n","protected":false},"author":2,"featured_media":151281,"comment_status":"","ping_status":"","sticky":false,"template":"","format":"standard","meta":{"footnotes":""},"categories":[274],"tags":[168,25,24,9018,45855,6894,3439,23,167,327,326],"class_list":{"0":"post-151280","1":"post","2":"type-post","3":"status-publish","4":"format-standard","5":"has-post-thumbnail","7":"category-tenis","8":"tag-deportes","9":"tag-es","10":"tag-espana","11":"tag-jaume-munar","12":"tag-masters-1000-de-shanghai","13":"tag-rafa-nadal","14":"tag-rafael-nadal","15":"tag-spain","16":"tag-sports","17":"tag-tenis","18":"tag-tennis"},"share_on_mastodon":{"url":"","error":""},"_links":{"self":[{"href":"https:\/\/www.europesays.com\/es\/wp-json\/wp\/v2\/posts\/151280","targetHints":{"allow":["GET"]}}],"collection":[{"href":"https:\/\/www.europesays.com\/es\/wp-json\/wp\/v2\/posts"}],"about":[{"href":"https:\/\/www.europesays.com\/es\/wp-json\/wp\/v2\/types\/post"}],"author":[{"embeddable":true,"href":"https:\/\/www.europesays.com\/es\/wp-json\/wp\/v2\/users\/2"}],"replies":[{"embeddable":true,"href":"https:\/\/www.europesays.com\/es\/wp-json\/wp\/v2\/comments?post=151280"}],"version-history":[{"count":0,"href":"https:\/\/www.europesays.com\/es\/wp-json\/wp\/v2\/posts\/151280\/revisions"}],"wp:featuredmedia":[{"embeddable":true,"href":"https:\/\/www.europesays.com\/es\/wp-json\/wp\/v2\/media\/151281"}],"wp:attachment":[{"href":"https:\/\/www.europesays.com\/es\/wp-json\/wp\/v2\/media?parent=151280"}],"wp:term":[{"taxonomy":"category","embeddable":true,"href":"https:\/\/www.europesays.com\/es\/wp-json\/wp\/v2\/categories?post=151280"},{"taxonomy":"post_tag","embeddable":true,"href":"https:\/\/www.europesays.com\/es\/wp-json\/wp\/v2\/tags?post=151280"}],"curies":[{"name":"wp","href":"https:\/\/api.w.org\/{rel}","templated":true}]}}