{"id":151282,"date":"2025-10-01T19:31:08","date_gmt":"2025-10-01T19:31:08","guid":{"rendered":"https:\/\/www.europesays.com\/es\/151282\/"},"modified":"2025-10-01T19:31:08","modified_gmt":"2025-10-01T19:31:08","slug":"leyendas-del-ciclismo-y-un-gran-fondo-disenado-por-miguel-indurain","status":"publish","type":"post","link":"https:\/\/www.europesays.com\/es\/151282\/","title":{"rendered":"leyendas del ciclismo y un Gran Fondo dise\u00f1ado por Miguel Indur\u00e1in"},"content":{"rendered":"<p data-mrf-recirculation=\"Links P\u00e1rrafos\" class=\"ue-c-article__paragraph paragraph ue-c-article--first-letter-highlighted\">La Nuc\u00eda se vuelve a convertir en el epicentro del ciclismo mundial este mes con uno de los eventos m\u00e1s potentes del calendario cicloturista anual: <strong>La Nuc\u00eda Cycling 2025<\/strong>. En \u00e9l tendr\u00e1n lugar <strong>el Criterium La Nuc\u00eda<\/strong>, el s\u00e1bado 18 de octubre, y el <strong>Gran Fondo La Nuc\u00eda<\/strong>, que se celebrar\u00e1 el domingo 19 de octubre, con un recorrido espectacular por la Sierra de Aitana.<\/p>\n<p data-mrf-recirculation=\"Links P\u00e1rrafos\" class=\"ue-c-article__paragraph paragraph\">Como parte de esta gran cita, el <strong>Gran Fondo La Nuc\u00eda<\/strong>, que promete ser una aut\u00e9ntica fiesta para cientos de cicloturistas, anuncia la <strong>reapertura de inscripciones <\/strong>para su distancia corta de 92 km (56 km + 36 km), poniendo a disposici\u00f3n <strong>100 dorsales adicionales<\/strong> tras la elevada demanda registrada en las \u00faltimas semanas.<\/p>\n<p data-mrf-recirculation=\"Links P\u00e1rrafos\" class=\"ue-c-article__paragraph paragraph\">Este recorrido, dise\u00f1ado por <strong>Miguel Indur\u00e1in<\/strong>, ofrece una alternativa intermedia dentro del Gran Fondo, manteniendo la esencia competitiva y paisaj\u00edstica del trazado principal y permitiendo a los ciclistas disfrutar de un reto adaptado a diferentes niveles.<\/p>\n<p data-mrf-recirculation=\"Links P\u00e1rrafos\" class=\"ue-c-article__paragraph paragraph\">En el <strong>km 56 (Benilloba)<\/strong> se establecer\u00e1 el <strong>Punto de Corte<\/strong>: los ciclistas inscritos en el recorrido oficial que lo superen dentro del horario previsto podr\u00e1n continuar hasta completar los <strong>132 km<\/strong>, mientras que los inscritos en el recorrido m\u00e1s reducido entrar\u00e1n por el desv\u00edo hacia <strong>Confrides (CV-70)<\/strong> y, en total, alcanzar\u00e1n\u00a0<strong>92 km<\/strong> hasta meta.<\/p>\n<p data-mrf-recirculation=\"Links P\u00e1rrafos\" class=\"ue-c-article__paragraph paragraph\">El tramo de regreso desde Benilloba se disputar\u00e1 con <strong>tr\u00e1fico abierto<\/strong>, lo que implica que los participantes deber\u00e1n respetar en todo momento las normas de circulaci\u00f3n.<\/p>\n<p>132 kil\u00f3metros de puro ciclismo en la Sierra de Aitana<\/p>\n<p data-mrf-recirculation=\"Links P\u00e1rrafos\" class=\"ue-c-article__paragraph paragraph\">El recorrido oficial del <strong>Gran Fondo La Nuc\u00eda<\/strong> cuenta con <strong>132 km y 2.275 metros de desnivel positivo acumulado<\/strong>. Dise\u00f1ado por el pentacampe\u00f3n del Tour de Francia\u00a0<strong>Miguel Indurain,<\/strong>\u00a0combina tramos exigentes y paisajes \u00fanicos de la <strong>Sierra de Aitana<\/strong>, uno de los entornos m\u00e1s emblem\u00e1ticos de la provincia de Alicante.<\/p>\n<p data-mrf-recirculation=\"Links P\u00e1rrafos\" class=\"ue-c-article__paragraph paragraph\">La ruta atraviesa puertos de monta\u00f1a de gran atractivo para el cicloturismo, carreteras t\u00e9cnicas y descensos espectaculares, consolidando la prueba como un reto de m\u00e1xima exigencia deportiva. Con salida y meta en el <strong>Estadio Ol\u00edmpico Camilo Cano<\/strong>, el evento sit\u00faa a La Nuc\u00eda como epicentro del ciclismo internacional.<\/p>\n<p>Lluvia de estrellas en el Criterium La Nuc\u00eda 2025<\/p>\n<p data-mrf-recirculation=\"Links P\u00e1rrafos\" class=\"ue-c-article__paragraph paragraph\">El programa deportivo de <strong>La Nuc\u00eda Cycling 2025<\/strong> se completar\u00e1 el <strong>18 de octubre<\/strong> con el <strong>Criterium La Nuc\u00eda<\/strong>, que reunir\u00e1 a <strong>leyendas, profesionales y j\u00f3venes promesas<\/strong> en un espect\u00e1culo ciclista \u00fanico para el p\u00fablico. Entre los nombres confirmados destacan:<\/p>\n<ul class=\"ue-c-article__list ue-c-article__ ue-c-article__list--unordered\">\n<li><strong>Pauline Ferrand-Pr\u00e9vot<\/strong>, campeona del Tour de Francia 2025<\/li>\n<li><strong>Isaac del Toro<\/strong>, joven promesa del ciclismo internacional<\/li>\n<li><strong>Dori Ruano<\/strong>, campeona del mundo en pista<\/li>\n<li><strong>Pedro &#8216;Perico&#8217; Delgado<\/strong>, ganador del Tour de Francia<\/li>\n<li><strong>Dylan Van Baarle<\/strong>, especialista en cl\u00e1sicas europeas y ganador de la Par\u00eds-Roubaix 2022<\/li>\n<li><strong>Eric Igual<\/strong>, doble campe\u00f3n del mundo categor\u00eda j\u00fanior en pista<\/li>\n<li><strong>Samuel S\u00e1nchez<\/strong>, campe\u00f3n ol\u00edmpico en Pek\u00edn 2008<\/li>\n<\/ul>\n<p data-mrf-recirculation=\"Links P\u00e1rrafos\" class=\"ue-c-article__paragraph paragraph\">Con estas citas, <strong>La Nuc\u00eda Cycling 2025 refuerza su posici\u00f3n como referente deportivo internacional<\/strong> y punto de encuentro imprescindible para los amantes del ciclismo.<\/p>\n","protected":false},"excerpt":{"rendered":"La Nuc\u00eda se vuelve a convertir en el epicentro del ciclismo mundial este mes con uno de los&hellip;\n","protected":false},"author":2,"featured_media":151283,"comment_status":"","ping_status":"","sticky":false,"template":"","format":"standard","meta":{"footnotes":""},"categories":[273],"tags":[313,312,168,25,24,23,167],"class_list":{"0":"post-151282","1":"post","2":"type-post","3":"status-publish","4":"format-standard","5":"has-post-thumbnail","7":"category-ciclismo","8":"tag-ciclismo","9":"tag-cycling","10":"tag-deportes","11":"tag-es","12":"tag-espana","13":"tag-spain","14":"tag-sports"},"share_on_mastodon":{"url":"","error":""},"_links":{"self":[{"href":"https:\/\/www.europesays.com\/es\/wp-json\/wp\/v2\/posts\/151282","targetHints":{"allow":["GET"]}}],"collection":[{"href":"https:\/\/www.europesays.com\/es\/wp-json\/wp\/v2\/posts"}],"about":[{"href":"https:\/\/www.europesays.com\/es\/wp-json\/wp\/v2\/types\/post"}],"author":[{"embeddable":true,"href":"https:\/\/www.europesays.com\/es\/wp-json\/wp\/v2\/users\/2"}],"replies":[{"embeddable":true,"href":"https:\/\/www.europesays.com\/es\/wp-json\/wp\/v2\/comments?post=151282"}],"version-history":[{"count":0,"href":"https:\/\/www.europesays.com\/es\/wp-json\/wp\/v2\/posts\/151282\/revisions"}],"wp:featuredmedia":[{"embeddable":true,"href":"https:\/\/www.europesays.com\/es\/wp-json\/wp\/v2\/media\/151283"}],"wp:attachment":[{"href":"https:\/\/www.europesays.com\/es\/wp-json\/wp\/v2\/media?parent=151282"}],"wp:term":[{"taxonomy":"category","embeddable":true,"href":"https:\/\/www.europesays.com\/es\/wp-json\/wp\/v2\/categories?post=151282"},{"taxonomy":"post_tag","embeddable":true,"href":"https:\/\/www.europesays.com\/es\/wp-json\/wp\/v2\/tags?post=151282"}],"curies":[{"name":"wp","href":"https:\/\/api.w.org\/{rel}","templated":true}]}}