{"id":151284,"date":"2025-10-01T19:32:11","date_gmt":"2025-10-01T19:32:11","guid":{"rendered":"https:\/\/www.europesays.com\/es\/151284\/"},"modified":"2025-10-01T19:32:11","modified_gmt":"2025-10-01T19:32:11","slug":"la-clausula-especial-en-la-salida-de-christian-horner-de-red-bull-que-le-hizo-perder-una-millonaria-suma-para-volver-a-la-f1-en-2026","status":"publish","type":"post","link":"https:\/\/www.europesays.com\/es\/151284\/","title":{"rendered":"La cl\u00e1usula especial en la salida de Christian Horner de Red Bull que le hizo perder una millonaria suma para volver a la F1 en 2026"},"content":{"rendered":"<p><img alt=\"El ex director de Red\" class=\"global-image\" decoding=\"async\" fetchpriority=\"high\" height=\"3521\" loading=\"eager\" src=\"https:\/\/www.europesays.com\/es\/wp-content\/uploads\/2025\/10\/Y3P3EVGBOJAZLM5IETNJFMCS6Q.jpg\" width=\"5280\"\/>El ex director de Red Bull Christian Horner podr\u00eda volver a la F1 en 2026 (Christian Bruna\/Pool v\u00eda AP)<\/p>\n<p class=\"paragraph\"><b>Christian Horner<\/b>, ex jefe de equipo de <b>Red Bull<\/b>, tom\u00f3 una decisi\u00f3n poco habitual en el mundo del deporte y la <b>F\u00f3rmula 1<\/b>: el hist\u00f3rico CEO de la escuder\u00eda austr\u00edaca <b>acept\u00f3 <\/b><a href=\"https:\/\/www.infobae.com\/deportes\/2025\/09\/22\/red-bull-confirmo-el-despedido-de-christian-horner-el-jefe-todopoderoso-de-la-formula-1-la-millonaria-indemnizacion-que-cobrara\/\" target=\"_blank\" rel=\"noreferrer nofollow noopener\" title=\"https:\/\/www.infobae.com\/deportes\/2025\/09\/22\/red-bull-confirmo-el-despedido-de-christian-horner-el-jefe-todopoderoso-de-la-formula-1-la-millonaria-indemnizacion-que-cobrara\/\"><b>una indemnizaci\u00f3n<\/b><\/a><b> considerablemente menor a la m\u00e1xima posible para poder reincorporarse antes <\/b>de lo estipulado para poder volver a trabajar en la F1 en 2026. <\/p>\n<p class=\"paragraph\">En las \u00faltimas horas, un dato sali\u00f3 a la luz semanas despu\u00e9s de que se oficializ\u00f3 el despedido de Horner de la estructura de la bebida energizante. Seg\u00fan public\u00f3 Daily Mail Sport, <b>Horner recibi\u00f3 cerca de 80 millones de libras esterlinas (94,5 millones de euros)<\/b> tras su salida despu\u00e9s del Gran Premio de Gran Breta\u00f1a en la presente temporada de la M\u00e1xima, <b>una cifra inferior a los \u00a3110 millones (m\u00e1s de 126.000.000 de la moneda europa) que habr\u00eda podido obtener si aceptaba una cl\u00e1usula de no volver a trabajar en la F1 en el corto tiempo<\/b>.<\/p>\n<p class=\"paragraph\">Esta elecci\u00f3n estrat\u00e9gica no solo le permitir\u00e1 regresar a la m\u00e1xima categor\u00eda en el 2026, sino que tambi\u00e9n reaviva el inter\u00e9s sobre su futuro y el impacto que podr\u00eda tener en el equilibrio de poder entre las escuder\u00edas.<\/p>\n<p class=\"paragraph\">Las condiciones de salida de Horner de Red Bull estuvieron marcadas por <a href=\"https:\/\/www.infobae.com\/deportes\/2025\/09\/23\/el-acuerdo-secreto-entre-christian-horner-y-red-bull-tras-su-millonaria-salida-que-tendra-en-vilo-a-la-formula-1-hasta-2026\/\" target=\"_blank\" rel=\"noreferrer nofollow noopener\" title=\"https:\/\/www.infobae.com\/deportes\/2025\/09\/23\/el-acuerdo-secreto-entre-christian-horner-y-red-bull-tras-su-millonaria-salida-que-tendra-en-vilo-a-la-formula-1-hasta-2026\/\">un acuerdo confidencial <\/a>que, de acuerdo con los medios brit\u00e1nicos como The Telegraph y BBC Sport, incluy\u00f3 una compensaci\u00f3n abultada, aunque un sitio de los Pa\u00edses Bajos como De Telegraaf estim\u00f3 un pago menos (\u00a360 millones). El contrato contempl\u00f3 una cl\u00e1usula de no competencia y un periodo de gardening leave, que le impidi\u00f3 negociar con otros equipos hasta que se definieron los t\u00e9rminos de su desvinculaci\u00f3n. <\/p>\n<p class=\"paragraph\">Este periodo de inactividad forzada mantuvo a Horner alejado de la actividad y sin posibilidad de iniciar conversaciones formales con potenciales empleadores. Las fuentes consultadas seg\u00fan el peri\u00f3dico brit\u00e1nico coinciden en que el brit\u00e1nico <b>podr\u00e1 reincorporarse a la F\u00f3rmula 1 a partir del segundo trimestre de 2026<\/b>, una fecha que coincide con el esperado cambio de reglamento en la categor\u00eda y que le permitir\u00e1 evaluar el rendimiento de los equipos antes de tomar una decisi\u00f3n sobre su futuro.<\/p>\n<p><img alt=\"Horner gan\u00f3 8 t\u00edtulos de\" class=\"global-image\" decoding=\"async\" fetchpriority=\"low\" height=\"523\" loading=\"lazy\" src=\"https:\/\/www.europesays.com\/es\/wp-content\/uploads\/2025\/10\/ODPRTCQBENB5JITB4SVK4HT7R4.JPG\" width=\"800\"\/>Horner gan\u00f3 8 t\u00edtulos de pilotos y 6 de equipos en sus dos d\u00e9cadas en Red Bull (REUTERS\/Stephanie Lecocq)<\/p>\n<p class=\"paragraph\">La motivaci\u00f3n principal de <b>Horner<\/b> para priorizar su regreso a la F1 sobre una compensaci\u00f3n econ\u00f3mica mayor radica en su estrecho v\u00ednculo con la categor\u00eda y su deseo de seguir compitiendo al m\u00e1s alto nivel. Seg\u00fan Daily Mail Sport, el ex jefe de Red Bull prefiri\u00f3 renunciar a una suma adicional de \u00a330 millones para evitar una restricci\u00f3n laboral que lo habr\u00eda mantenido fuera del paddock durante varios a\u00f1os. El sitio de deporte motor The Race indic\u00f3 que <b>el directivo de 51 a\u00f1os extra\u00f1a la adrenalina de la competici\u00f3n y considera que su experiencia y \u00e9xitos en Red Bull (ocho t\u00edtulos mundiales de pilotos y seis de constructores) lo convierten en un candidato atractivo<\/b> para cualquier escuder\u00eda que busque dar un salto de calidad. \u201cEstoy incre\u00edblemente orgulloso de lo que hemos logrado como equipo, batiendo r\u00e9cords y alcanzando cotas que nadie jam\u00e1s imagin\u00f3 posibles, y lo llevar\u00e9 conmigo para siempre\u201d, dijo tras su despedida oficial.<\/p>\n<p class=\"paragraph\">El abanico de opciones para el regreso de Horner incluye varias escuder\u00edas de peso. Fueron varios los sitios especializados que apuntaron que <b>Alpine<\/b>, en proceso de renovaci\u00f3n bajo la asesor\u00eda de <b>Flavio Briatore<\/b>, podr\u00eda ofrecerle un puesto directivo con amplio margen de maniobra. Consultado por The Race en el marco del Gran Premio de los Pa\u00edses Bajos, el italiano fue contundente: \u201cNo estoy considerando nada en este momento. Christian no est\u00e1 en la F\u00f3rmula 1 en este momento. Espero que vuelva pronto, pero por ahora, no est\u00e1 en el panorama de Alpine\u201d. <\/p>\n<p class=\"paragraph\">Tambi\u00e9n surge la chance de <b>Aston Martin<\/b> como otra alternativa relevante, aunque la reciente incorporaci\u00f3n de <b>Adrian Newey<\/b> (antiguo aliado de Horner en Red Bull, pero que se fue del equipo por la pelea interna) y la presencia de <b>Andy Cowell<\/b> como director ejecutivo podr\u00edan complicar su llegada. <b>Guenther Steiner<\/b>, ex jefe de Haas, considera improbable que Horner termine en Aston Martin debido a los conflictos recientes con Newey: \u201cEl a\u00f1o pasado, el problema entre Adrian y Christian fue una de las razones por las que Adrian dej\u00f3 Red Bull. As\u00ed que, traer de vuelta a Christian, no creo que funcione en este momento\u201d, dijo. En el caso de <b>Ferrari<\/b> y <b>Cadillac<\/b>, las perspectivas son m\u00e1s cautelosas: la renovaci\u00f3n de <b>Fred Vasseur<\/b> en Maranello y el descarte p\u00fablico del equipo estadounidense para 2026 limitan las opciones inmediatas, aunque la din\u00e1mica del mercado podr\u00eda abrir nuevas oportunidades a medida que avance la temporada.<\/p>\n<p class=\"paragraph\">El contexto de la salida del ex jefe todopoderoso en la estructura estuvo marcado por tensiones internas, luchas de poder y un esc\u00e1ndalo de acoso sexual del que fue absuelto tras dos investigaciones independientes. La muerte del cofundador <b>Dietrich Mateschitz<\/b> en 2022 debilit\u00f3 la estructura del equipo y desencaden\u00f3 una pugna por el liderazgo entre figuras como <b>Oliver Mintzlaff<\/b>, <b>Chalerm Yoovidhya<\/b> y <b>Mark Mateschitz<\/b>. La presi\u00f3n de los accionistas y la matriz austr\u00edaca precipit\u00f3 la decisi\u00f3n final de relevar a Horner tras el GP de Gran Breta\u00f1a. <b>Oliver Mintzlaff<\/b>, director ejecutivo de proyectos corporativos e inversiones de Red Bull, reconoci\u00f3 su legado: \u201cQueremos agradecer a Christian su excepcional trabajo durante los \u00faltimos 20 a\u00f1os. Con su incansable dedicaci\u00f3n, experiencia, conocimientos y pensamiento innovador, ha desempe\u00f1ado un papel fundamental en el establecimiento de Red Bull Racing como uno de los equipos m\u00e1s exitosos y atractivos de la F\u00f3rmula 1\u201d.<\/p>\n<p class=\"paragraph\">Mientras el paddock especula sobre el futuro de Horner, <b>la inc\u00f3gnita sobre su regreso mantiene en vilo a la categor\u00eda<\/b>. La respuesta definitiva sobre cu\u00e1ndo y d\u00f3nde volver\u00e1 a ejercer su influencia en la<b> <\/b>F\u00f3rmula 1<b> <\/b>solo se conocer\u00e1 cuando la temporada 2026 est\u00e9 en marcha y los equipos hayan mostrado sus cartas.<\/p>\n","protected":false},"excerpt":{"rendered":"El ex director de Red Bull Christian Horner podr\u00eda volver a la F1 en 2026 (Christian Bruna\/Pool v\u00eda&hellip;\n","protected":false},"author":2,"featured_media":151285,"comment_status":"","ping_status":"","sticky":false,"template":"","format":"standard","meta":{"footnotes":""},"categories":[270],"tags":[168,25,24,306,45856,271,272,23,167],"class_list":{"0":"post-151284","1":"post","2":"type-post","3":"status-publish","4":"format-standard","5":"has-post-thumbnail","7":"category-formula-1","8":"tag-deportes","9":"tag-es","10":"tag-espana","11":"tag-f1","12":"tag-f1autoz23","13":"tag-formula-1","14":"tag-formula1","15":"tag-spain","16":"tag-sports"},"share_on_mastodon":{"url":"","error":""},"_links":{"self":[{"href":"https:\/\/www.europesays.com\/es\/wp-json\/wp\/v2\/posts\/151284","targetHints":{"allow":["GET"]}}],"collection":[{"href":"https:\/\/www.europesays.com\/es\/wp-json\/wp\/v2\/posts"}],"about":[{"href":"https:\/\/www.europesays.com\/es\/wp-json\/wp\/v2\/types\/post"}],"author":[{"embeddable":true,"href":"https:\/\/www.europesays.com\/es\/wp-json\/wp\/v2\/users\/2"}],"replies":[{"embeddable":true,"href":"https:\/\/www.europesays.com\/es\/wp-json\/wp\/v2\/comments?post=151284"}],"version-history":[{"count":0,"href":"https:\/\/www.europesays.com\/es\/wp-json\/wp\/v2\/posts\/151284\/revisions"}],"wp:featuredmedia":[{"embeddable":true,"href":"https:\/\/www.europesays.com\/es\/wp-json\/wp\/v2\/media\/151285"}],"wp:attachment":[{"href":"https:\/\/www.europesays.com\/es\/wp-json\/wp\/v2\/media?parent=151284"}],"wp:term":[{"taxonomy":"category","embeddable":true,"href":"https:\/\/www.europesays.com\/es\/wp-json\/wp\/v2\/categories?post=151284"},{"taxonomy":"post_tag","embeddable":true,"href":"https:\/\/www.europesays.com\/es\/wp-json\/wp\/v2\/tags?post=151284"}],"curies":[{"name":"wp","href":"https:\/\/api.w.org\/{rel}","templated":true}]}}