{"id":151286,"date":"2025-10-01T19:33:11","date_gmt":"2025-10-01T19:33:11","guid":{"rendered":"https:\/\/www.europesays.com\/es\/151286\/"},"modified":"2025-10-01T19:33:11","modified_gmt":"2025-10-01T19:33:11","slug":"scariolo-intentaremos-mostrar-una-version-cada-vez-mejor","status":"publish","type":"post","link":"https:\/\/www.europesays.com\/es\/151286\/","title":{"rendered":"Scariolo: \u201cIntentaremos mostrar una versi\u00f3n cada vez mejor\u201d"},"content":{"rendered":"<p class=\"\"><b>Sergio Scariolo<\/b>, t\u00e9cnico del Real Madrid, se\u00f1al\u00f3 este mi\u00e9rcoles, en la v\u00edspera del segundo encuentro de Euroliga, ante <b>Olympiacos<\/b>, que el equipo luchar\u00e1 por mostrar una <b>\u201cmejor versi\u00f3n\u201d<\/b> de s\u00ed mismo, despu\u00e9s de caer en su estreno europeo ante el Virtus de Bolonia, marcado por el 3 de 23 en lanzamientos desde el triple. As\u00ed lo indic\u00f3 el entrenador italiano a los medios del club en la previa del encuentro, en el que ser\u00e1 <b>el estreno del nuevo Real Madrid<\/b> en el Movistar Arena, despu\u00e9s de firmar su primera derrota en la Euroliga el martes ante el Virtus, en el regreso de Scariolo a Bolonia, donde fue el l\u00edder del banquillo de 2021 a 2023.<\/p>\n<p class=\"\">Con la vista puesta ya en el choque ante el Olympiacos griego, Scariolo destac\u00f3 la experiencia de su plantilla, guiada por la calidad del ala-p\u00edvot b\u00falgaro <b>Sasha Vezenkov<\/b>. \u201cEstamos muy al inicio de la temporada y los par\u00e1metros normales son diferentes, pero la calidad, el valor y sobre todo el hecho de que tienen muchos jugadores que llevan a\u00f1os jugando juntos con el mismo entrenador se nota mucho. Ellos tambi\u00e9n tienen que mejorar su condici\u00f3n, pero es un gran equipo que <b>juega de memoria<\/b>, con grandes jugadores como Vezenkov. Es una plantilla muy experimentada\u201d, analiz\u00f3.<\/p>\n<p class=\"\">Adem\u00e1s, Scariolo incidi\u00f3 en la idea de mejorar como equipo a pesar de las lesiones y el cansancio: \u201cIntentaremos mostrar <b>una versi\u00f3n cada vez mejor<\/b> de nuestro equipo, aunque sea contra una de las oposiciones m\u00e1s grandes que te puedes encontrar en esta competici\u00f3n\u201d. \u201cHay jugadores cansados y otros tocados, pero esto es t\u00edpico del inicio. Unos no han hecho casi pretemporada y otros han estado lesionados. La homogeneidad que buscamos la encontraremos dentro de algunas semanas\u201d, profundiz\u00f3.<\/p>\n<p>Noticias relacionadas<a href=\"https:\/\/as.com\/baloncesto\/acb\/juan-nunez-seis-meses-de-baja-n\/\" class=\"s_m_w\" title=\"El club azulgrana inform\u00f3 de que al joven base se le ha tenido que extraer un quiste del menisco de su rodilla derecha. Varapalo para el Bar\u00e7a.\" data-tb-link=\"\" rel=\"nofollow noopener\" target=\"_blank\"><img decoding=\"async\" src=\"https:\/\/www.europesays.com\/es\/wp-content\/uploads\/2025\/10\/GCRY4DBAIEEQANRBTA6T6UAMM4.jpg\" alt=\"Juan N\u00fa\u00f1ez, seis meses de baja\" class=\"\" height=\"1\" width=\"1\"   loading=\"lazy\" data-tb-thumbnail=\"\"\/><\/a><a href=\"https:\/\/as.com\/baloncesto\/euroliga\/musa-lidera-la-fiesta-en-dubai-n\/\" class=\"s_m_w\" title=\"El primer partido de la historia de la Euroliga en Dub\u00e1i, con un buen ambiente en las gradas, deja una victoria trabajada, est\u00e9tica y convincente, del equipo local.\" data-tb-link=\"\" rel=\"nofollow noopener\" target=\"_blank\"><img decoding=\"async\" src=\"https:\/\/www.europesays.com\/es\/wp-content\/uploads\/2025\/10\/1759347191_299_M3QNAGTVHJDBTFEE3ORVTIXLF4.jpeg\" alt=\"Musa lidera la fiesta en Dub\u00e1i\" class=\"\" height=\"1\" width=\"1\"   loading=\"lazy\" data-tb-thumbnail=\"\"\/><\/a><\/p>\n<p class=\"\">Por su parte, uno de los reci\u00e9n llegados, el escolta alem\u00e1n <b>David Kramer<\/b>, resalt\u00f3 la importancia de jugar en casa ante su afici\u00f3n en un partido que prev\u00e9 ser\u00e1<b> \u201cmuy duro\u201d<\/b> y para el que tendr\u00e1n que estar \u201cal cien por cien\u201d: \u201cEs un partido de mucha rivalidad que viene de lejos y vamos a intentar conseguir la victoria\u201d. \u201cEn la Euroliga todos los partidos son importantes y debemos ganar en casa y defender nuestra cancha. El equipo est\u00e1 mejorando cada d\u00eda y tenemos que seguir trabajando y adapt\u00e1ndonos a los que nos pide el entrenador\u201d, finaliz\u00f3.<\/p>\n<p class=\"\"><b>\u00a1Tus opiniones importan!<\/b> Comenta en los art\u00edculos y suscr\u00edbete gratis a nuestra <a href=\"https:\/\/asfan.as.com\/newsletters\/\" target=\"_blank\" rel=\"nofollow noopener\" title=\"https:\/\/asfan.as.com\/newsletters\/\">newsletter<\/a> y a las alertas informativas en la <a href=\"https:\/\/as.com\/aplicacion-de-as-n\/\" target=\"_blank\" rel=\"nofollow noopener\" title=\"https:\/\/as.com\/aplicacion-de-as-n\/\">App<\/a> o el canal de <a href=\"https:\/\/www.whatsapp.com\/channel\/0029VaAasdA7j6g745nz9M10\" target=\"_blank\" rel=\"nofollow noopener\" title=\"https:\/\/www.whatsapp.com\/channel\/0029VaAasdA7j6g745nz9M10\">WhatsApp<\/a>. \u00bfBuscas licenciar contenido? Haz clic <a href=\"https:\/\/profesional.elpais.com\/soluciones-sindicacion?utm_medium=interno&amp;utm_source=crosslinking&amp;utm_campaign=sindicacion_as_pie_articulos\" target=\"_blank\" rel=\"nofollow noopener\" title=\"https:\/\/profesional.elpais.com\/soluciones-sindicacion?utm_medium=interno&amp;utm_source=crosslinking&amp;utm_campaign=sindicacion_as_pie_articulos\">aqu\u00ed<\/a><\/p>\n","protected":false},"excerpt":{"rendered":"Sergio Scariolo, t\u00e9cnico del Real Madrid, se\u00f1al\u00f3 este mi\u00e9rcoles, en la v\u00edspera del segundo encuentro de Euroliga, ante&hellip;\n","protected":false},"author":2,"featured_media":151287,"comment_status":"","ping_status":"","sticky":false,"template":"","format":"standard","meta":{"footnotes":""},"categories":[269],"tags":[299,298,168,25,24,23,167],"class_list":{"0":"post-151286","1":"post","2":"type-post","3":"status-publish","4":"format-standard","5":"has-post-thumbnail","7":"category-baloncesto","8":"tag-baloncesto","9":"tag-basketball","10":"tag-deportes","11":"tag-es","12":"tag-espana","13":"tag-spain","14":"tag-sports"},"share_on_mastodon":{"url":"","error":""},"_links":{"self":[{"href":"https:\/\/www.europesays.com\/es\/wp-json\/wp\/v2\/posts\/151286","targetHints":{"allow":["GET"]}}],"collection":[{"href":"https:\/\/www.europesays.com\/es\/wp-json\/wp\/v2\/posts"}],"about":[{"href":"https:\/\/www.europesays.com\/es\/wp-json\/wp\/v2\/types\/post"}],"author":[{"embeddable":true,"href":"https:\/\/www.europesays.com\/es\/wp-json\/wp\/v2\/users\/2"}],"replies":[{"embeddable":true,"href":"https:\/\/www.europesays.com\/es\/wp-json\/wp\/v2\/comments?post=151286"}],"version-history":[{"count":0,"href":"https:\/\/www.europesays.com\/es\/wp-json\/wp\/v2\/posts\/151286\/revisions"}],"wp:featuredmedia":[{"embeddable":true,"href":"https:\/\/www.europesays.com\/es\/wp-json\/wp\/v2\/media\/151287"}],"wp:attachment":[{"href":"https:\/\/www.europesays.com\/es\/wp-json\/wp\/v2\/media?parent=151286"}],"wp:term":[{"taxonomy":"category","embeddable":true,"href":"https:\/\/www.europesays.com\/es\/wp-json\/wp\/v2\/categories?post=151286"},{"taxonomy":"post_tag","embeddable":true,"href":"https:\/\/www.europesays.com\/es\/wp-json\/wp\/v2\/tags?post=151286"}],"curies":[{"name":"wp","href":"https:\/\/api.w.org\/{rel}","templated":true}]}}