{"id":151288,"date":"2025-10-01T19:34:09","date_gmt":"2025-10-01T19:34:09","guid":{"rendered":"https:\/\/www.europesays.com\/es\/151288\/"},"modified":"2025-10-01T19:34:09","modified_gmt":"2025-10-01T19:34:09","slug":"el-athletic-golea-al-dortmund-y-camina-con-paso-firme-en-la-youth-league","status":"publish","type":"post","link":"https:\/\/www.europesays.com\/es\/151288\/","title":{"rendered":"El Athletic golea al Dortmund y camina con paso firme en la Youth League"},"content":{"rendered":"<p>El Athletic va de goleada en goleada en la UEFA Youth League. Tras dar buena cuenta del Arsenal en la primera jornada en Lezama, en  &#8230; esta segunda fecha de competici\u00f3n los rojiblancos se han dado el gusto de endosarle un contundente 0-4 al Borussia, en otro gran partido de los cachorros, con dos mitades diferenciadas. La primera, m\u00e1s pareja y equilibrada. En la segunda, el Athletic aprovech\u00f3 su superioridad num\u00e9rica para desarbolar a los alemanes y acabar venciendo con un marcador que pudo ser m\u00e1s abultado incluso.<\/p>\n<p><a href=\"http:\/\/www.elcorreo.com\/athletic\/selton-sued-vuelve-brillar-luz-propia-uefa-20251001192215-nt.html#vtm_modulosEngag=mod-rel:athletic:noticia:1:cmp:2-not\" class=\"v-a-link\" title=\"Selton Sued vuelve a brillar con luz propia\" rel=\"nofollow noopener\" target=\"_blank\"><br \/>\n<img decoding=\"async\" loading=\"lazy\" class=\"v-a-img\" src=\"https:\/\/www.europesays.com\/es\/wp-content\/uploads\/2025\/10\/G2L6WKjXEAAvIsp-U46460154484woG-366x256@El Correo.jpg\" alt=\"Selton Sued vuelve a brillar con luz propia\"\/><br \/>\n<\/a><\/p>\n<p><a href=\"https:\/\/info.elcorreo.com\/2025\/athletic-youthleague\/#vtm_modulosEngag=mod-rel:athletic:noticia:2:cmp:2-not\" class=\"v-a-link\" title=\"Consulta la clasificaci\u00f3n de la Youth League\" rel=\"nofollow noopener\" target=\"_blank\"><br \/>\n<img decoding=\"async\" loading=\"lazy\" class=\"v-a-img\" src=\"https:\/\/www.europesays.com\/es\/wp-content\/uploads\/2025\/10\/clasi-U2302974967774skF-U2303244057121afD-258x180@El Correo.jpg\" alt=\"Consulta la clasificaci\u00f3n de la Youth League\"\/><br \/>\n<\/a><\/p>\n<p class=\"v-p\">El partido arranc\u00f3 con superioridad del equipo alem\u00e1n, aunque fue un dominio est\u00e9ril, ya que ten\u00eda la pelota, pero no lograba hacer da\u00f1o a un bien armado atr\u00e1s conjunto rojiblanco. Buscaron sobre todo balones en profundidad y al espacio, pero les falt\u00f3 precisi\u00f3n. A medida que avanzaba el crono, el Athletic fue cobrando protagonismo. Mejor en la presi\u00f3n y m\u00e1s acertado a la hora de cerrar l\u00edneas de pase, los de Bittor Llopis comenzaron a tener m\u00e1s contacto con el bal\u00f3n.<\/p>\n<p class=\"v-p\">Quiz\u00e1 le falt\u00f3, eso s\u00ed, algo m\u00e1s de mordiente a la hora de buscar el \u00e1rea rival, si bien se guarnec\u00edan las espaldas a sabiendas de que el Borussia quer\u00eda jugarles a la contra. En este primer acto, cost\u00f3 ver a jugadores como Selton, Oyono o Manex, pero aparecieron otros como Quintero, que tuvo la primera -y casi \u00fanica- ocasi\u00f3n clara para el Athletic en la primera mitad. Tras una recuperaci\u00f3n en tres cuartos, recibi\u00f3 en la frontal, recort\u00f3 y busc\u00f3 el disparo potente con la derecha, pero se top\u00f3 con un acertado Froese, que desvi\u00f3 a c\u00f3rner.<\/p>\n<p class=\"v-scr__t\">Borussia Dortmund<\/p>\n<p class=\"v-scr__p v-scr__p--3\">Froese; Konig, Reggiani, Feddersen (Riedel, 55&#8242;), Degener (Tazemeta, 82&#8242;); Cherny (Duarte, 55&#8242;), Fahrenhorst (Adje, 59&#8242;), Inacio; Diallo, Kegni (Faust, 55&#8242;), Albert.<\/p>\n<p class=\"v-scr__n-c v-scr__n-c--1 \">\n 0\n<\/p>\n<p class=\"v-scr__n-c v-scr__n-c--2\">\n&#8211;\n<\/p>\n<p class=\"v-scr__n-c v-scr__n-c--3 \">\n 4\n<\/p>\n<p class=\"v-scr__t\">Athletic<\/p>\n<p class=\"v-scr__p v-scr__p--3\">Sim\u00f3n; Ilyas, Zarandona (Carril, 88&#8242;), Larrea, Unamuno; Gift (Oyhar\u00e7abal, 71&#8242;), Ezpeleta, Selton (Egoitz Hern\u00e1ndez, 88&#8242;), Quintero (Alain Cobos, 82&#8242;); Manex Lozano, Oyono (Imga, 82&#8242;).<\/p>\n<ul class=\"v-u\">\n<li class=\"v-u__l\">\n<p class=\"v-p\">\nGoles:<br \/>\n0-1, min. 52: Manex Lozano; 0-2, min. 79: Selton; 0-3, min. 84: Oyhar\u00e7abal; 0-4, min. 86: Imga.\n<\/p>\n<\/li>\n<li class=\"v-u__l\">\n<p class=\"v-p\">\n\u00c1rbitro<br \/>\nPatrik Kolaric (Croacia). Expuls\u00f3 a Konig por doble amonestaci\u00f3n. Amonest\u00f3 a los locales Riedel y Duarte; y a los visitantes Ilyas, Quintero e Imga.\n<\/p>\n<\/li>\n<\/ul>\n<p class=\"v-p\">Seg\u00fan iban pasando minutos, el Athletic se sent\u00eda m\u00e1s y m\u00e1s c\u00f3modo. Se jugaba lejos de su porter\u00eda, sin prisa y sin perder el orden en ning\u00fan momento. En la recta final, merodearon zonas de peligro, pero sin inquietar tampoco demasiado. Solo Oyono lo intent\u00f3 con un zapatazo desde m\u00e1s all\u00e1 de la media luna que se perdi\u00f3 cerca del palo.<\/p>\n<p class=\"v-p\">Todo cambio a mejor en la segunda mitad. El Athletic sali\u00f3 con una marcha m\u00e1s en su juego, encerrando pr\u00e1cticamente al Borussia en las inmediaciones de su \u00e1rea para robar alto. Y as\u00ed fue como llegaron los goles. Selton rob\u00f3 en la medular y le puso un bal\u00f3n de oro a Manex, que bati\u00f3 con precisi\u00f3n a Froese por su palo. Poco despu\u00e9s, llegar\u00eda la expulsi\u00f3n de Konig por doble amonestaci\u00f3n, lo que allan\u00f3 un poco m\u00e1s el camino para los de Lezama.<\/p>\n<p class=\"v-p\">El Athletic fue acumulando llegadas. No obstante, la riada de goles se hizo esperar hasta el tramo final. En solo siete minutos, el Athletic destroz\u00f3 a su rival con tres dianas m\u00e1s. Tras evitar Sim\u00f3n el empate, los de Bittor Llopis golpearon de nuevo. Selton marc\u00f3 a placer tras asistencia de Oyhar\u00e7abal. Minutos despu\u00e9s, intercambiaron papeles para que el capit\u00e1n le pusiera el tanto en bandeja a Xabier y marcar el tercero. La fiesta la redonde\u00f3 Christian Imga a pase de Ezpeleta con un disparo raso ajustado al palo.<\/p>\n<p class=\"v-p\">Fue una recta final de partido plet\u00f3rica de los rojblancos, que incluso pudieron lograr la &#8216;manita&#8217;, algo que evit\u00f3 de forma casi milagrosa Froese, que sac\u00f3 con el pie in extremis un remate a Oyhar\u00e7abal cuando estaba ya batido.<\/p>\n","protected":false},"excerpt":{"rendered":"El Athletic va de goleada en goleada en la UEFA Youth League. Tras dar buena cuenta del Arsenal&hellip;\n","protected":false},"author":2,"featured_media":151289,"comment_status":"","ping_status":"","sticky":false,"template":"","format":"standard","meta":{"footnotes":""},"categories":[268],"tags":[2182,45857,168,45434,25,24,8076,280,282,28484,1211,4191,281,23,167,21222],"class_list":{"0":"post-151288","1":"post","2":"type-post","3":"status-publish","4":"format-standard","5":"has-post-thumbnail","7":"category-futbol","8":"tag-athletic","9":"tag-camina","10":"tag-deportes","11":"tag-dortmund","12":"tag-es","13":"tag-espana","14":"tag-firme","15":"tag-football","16":"tag-futbol","17":"tag-golea","18":"tag-league","19":"tag-paso","20":"tag-soccer","21":"tag-spain","22":"tag-sports","23":"tag-youth"},"share_on_mastodon":{"url":"","error":""},"_links":{"self":[{"href":"https:\/\/www.europesays.com\/es\/wp-json\/wp\/v2\/posts\/151288","targetHints":{"allow":["GET"]}}],"collection":[{"href":"https:\/\/www.europesays.com\/es\/wp-json\/wp\/v2\/posts"}],"about":[{"href":"https:\/\/www.europesays.com\/es\/wp-json\/wp\/v2\/types\/post"}],"author":[{"embeddable":true,"href":"https:\/\/www.europesays.com\/es\/wp-json\/wp\/v2\/users\/2"}],"replies":[{"embeddable":true,"href":"https:\/\/www.europesays.com\/es\/wp-json\/wp\/v2\/comments?post=151288"}],"version-history":[{"count":0,"href":"https:\/\/www.europesays.com\/es\/wp-json\/wp\/v2\/posts\/151288\/revisions"}],"wp:featuredmedia":[{"embeddable":true,"href":"https:\/\/www.europesays.com\/es\/wp-json\/wp\/v2\/media\/151289"}],"wp:attachment":[{"href":"https:\/\/www.europesays.com\/es\/wp-json\/wp\/v2\/media?parent=151288"}],"wp:term":[{"taxonomy":"category","embeddable":true,"href":"https:\/\/www.europesays.com\/es\/wp-json\/wp\/v2\/categories?post=151288"},{"taxonomy":"post_tag","embeddable":true,"href":"https:\/\/www.europesays.com\/es\/wp-json\/wp\/v2\/tags?post=151288"}],"curies":[{"name":"wp","href":"https:\/\/api.w.org\/{rel}","templated":true}]}}