{"id":151290,"date":"2025-10-01T19:35:07","date_gmt":"2025-10-01T19:35:07","guid":{"rendered":"https:\/\/www.europesays.com\/es\/151290\/"},"modified":"2025-10-01T19:35:07","modified_gmt":"2025-10-01T19:35:07","slug":"con-el-tiempo-no-te-quedas-con-eso","status":"publish","type":"post","link":"https:\/\/www.europesays.com\/es\/151290\/","title":{"rendered":"Con el tiempo no te quedas con eso"},"content":{"rendered":"<p><b>Jes\u00fas Puente<\/b>, el famoso presentador y actor que todos relacionamos con <b>Lo que Necesitas es Amor<\/b>, fallec\u00eda hace 25 a\u00f1os, a los <b>69 a\u00f1os<\/b>. Hoy, lo recordamos junto a <b>su hija Chesu Puente. <\/b><\/p>\n<p>El presentador falleci\u00f3 pr\u00e1cticamente con el coraz\u00f3n necrosado, despu\u00e9s de que los m\u00e9dicos <b>confundieran varios microinfartos con una contractura.<\/b> \u00abLa primera vez que fue a urgencias, <b>le dan un relajante muscular y se va a casa<\/b>\u00ab, nos cuenta su hija.<\/p>\n<p>No fue hasta despu\u00e9s de varias semanas que Jes\u00fas volvi\u00f3 al m\u00e9dico y le diagnosticaron de nuevo. Cuando dieron con el correcto, ya era demasiado tarde y Jes\u00fas <b>fallec\u00eda el 26 de octubre del a\u00f1o 2000<\/b>.<\/p>\n<p>A d\u00eda de hoy, su familia recuerda claramente aquel doloroso momento, pero Chesu asegura que no quiere quedarse con el rencor, ya que no aporta nada: \u00abCon el paso del tiempo no te quieres quedar con eso\u00bb. \u00a1No te pierdas sus palabras en el v\u00eddeo de arriba!<\/p>\n","protected":false},"excerpt":{"rendered":"Jes\u00fas Puente, el famoso presentador y actor que todos relacionamos con Lo que Necesitas es Amor, fallec\u00eda hace&hellip;\n","protected":false},"author":2,"featured_media":151291,"comment_status":"","ping_status":"","sticky":false,"template":"","format":"standard","meta":{"footnotes":""},"categories":[174],"tags":[255,146,147,25,24,256,23],"class_list":{"0":"post-151290","1":"post","2":"type-post","3":"status-publish","4":"format-standard","5":"has-post-thumbnail","7":"category-famosos","8":"tag-celebrities","9":"tag-entertainment","10":"tag-entretenimiento","11":"tag-es","12":"tag-espana","13":"tag-famosos","14":"tag-spain"},"share_on_mastodon":{"url":"","error":""},"_links":{"self":[{"href":"https:\/\/www.europesays.com\/es\/wp-json\/wp\/v2\/posts\/151290","targetHints":{"allow":["GET"]}}],"collection":[{"href":"https:\/\/www.europesays.com\/es\/wp-json\/wp\/v2\/posts"}],"about":[{"href":"https:\/\/www.europesays.com\/es\/wp-json\/wp\/v2\/types\/post"}],"author":[{"embeddable":true,"href":"https:\/\/www.europesays.com\/es\/wp-json\/wp\/v2\/users\/2"}],"replies":[{"embeddable":true,"href":"https:\/\/www.europesays.com\/es\/wp-json\/wp\/v2\/comments?post=151290"}],"version-history":[{"count":0,"href":"https:\/\/www.europesays.com\/es\/wp-json\/wp\/v2\/posts\/151290\/revisions"}],"wp:featuredmedia":[{"embeddable":true,"href":"https:\/\/www.europesays.com\/es\/wp-json\/wp\/v2\/media\/151291"}],"wp:attachment":[{"href":"https:\/\/www.europesays.com\/es\/wp-json\/wp\/v2\/media?parent=151290"}],"wp:term":[{"taxonomy":"category","embeddable":true,"href":"https:\/\/www.europesays.com\/es\/wp-json\/wp\/v2\/categories?post=151290"},{"taxonomy":"post_tag","embeddable":true,"href":"https:\/\/www.europesays.com\/es\/wp-json\/wp\/v2\/tags?post=151290"}],"curies":[{"name":"wp","href":"https:\/\/api.w.org\/{rel}","templated":true}]}}