{"id":151296,"date":"2025-10-01T19:38:09","date_gmt":"2025-10-01T19:38:09","guid":{"rendered":"https:\/\/www.europesays.com\/es\/151296\/"},"modified":"2025-10-01T19:38:09","modified_gmt":"2025-10-01T19:38:09","slug":"sonsoles-onega-deja-respirar-a-sus-colaboradores-y-se-salta-sus-propias-normas-tengo-un-problema","status":"publish","type":"post","link":"https:\/\/www.europesays.com\/es\/151296\/","title":{"rendered":"Sonsoles \u00d3nega deja respirar a sus colaboradores y se salta sus propias normas: Tengo un problema"},"content":{"rendered":"<p class=\"ft-text\"><a class=\"ft-link ft-link--decoration\" href=\"https:\/\/www.elperiodico.com\/es\/temas\/sonsoles-onega-1894011\" target=\"_blank\" rel=\"nofollow noopener\"><strong>Sonsoles \u00d3nega<\/strong><\/a> se ha saltado esta tarde sus propias normas y ha dejado respirar un poco a sus colaboradores. La presentadora, que recibe quejas constantes de sus tertulianos por la temperatura del plat\u00f3, ha permitido esta tarde que el aire acondicionado estuviese activado.<\/p>\n<p class=\"ft-text\">De hecho, algunos de los colaboradores habituales han bromeado en alguna ocasi\u00f3n con el tema incluso han celebrado la ausencia de \u00d3nega por vacaciones porque as\u00ed pueden disfrutar de mejores temperaturas en el estudio de Antena 3.<\/p>\n<p class=\"ft-text\">\u00ab<strong>Hoy no se quejar\u00e1n<\/strong>, que hemos puesto el aire\u00bb, le dec\u00eda al p\u00fablico la periodista, que explicaba esta at\u00edpica situaci\u00f3n en ella: \u00abYo tengo un problema y con esta camisa azul nos acordamos de Camacho\u00bb, ha bromeado recordando cuando el entrenador llenaba esas camisas de sudor.<\/p>\n<p class=\"ft-text\">\u00abQue no se te ve, que est\u00e1s bien\u00bb, le respond\u00eda Qu\u00edlez. \u00abVen siempre de este color\u00bb, vacilaba <strong>Olga Viza<\/strong>, desatando la risa de la presentadora y el resto de compa\u00f1eros.<\/p>\n","protected":false},"excerpt":{"rendered":"Sonsoles \u00d3nega se ha saltado esta tarde sus propias normas y ha dejado respirar un poco a sus&hellip;\n","protected":false},"author":2,"featured_media":151297,"comment_status":"","ping_status":"","sticky":false,"template":"","format":"standard","meta":{"footnotes":""},"categories":[171],"tags":[4040,4166,51,146,147,25,24,17437,1647,9632,31584,950,1646,2056,23,214,16537],"class_list":{"0":"post-151296","1":"post","2":"type-post","3":"status-publish","4":"format-standard","5":"has-post-thumbnail","7":"category-tv","8":"tag-antena-3","9":"tag-colaboradores","10":"tag-deja","11":"tag-entertainment","12":"tag-entretenimiento","13":"tag-es","14":"tag-espana","15":"tag-normas","16":"tag-onega","17":"tag-problema","18":"tag-respirar","19":"tag-salta","20":"tag-sonsoles","21":"tag-sonsoles-onega","22":"tag-spain","23":"tag-tv","24":"tag-y-ahora-sonsoles"},"share_on_mastodon":{"url":"","error":""},"_links":{"self":[{"href":"https:\/\/www.europesays.com\/es\/wp-json\/wp\/v2\/posts\/151296","targetHints":{"allow":["GET"]}}],"collection":[{"href":"https:\/\/www.europesays.com\/es\/wp-json\/wp\/v2\/posts"}],"about":[{"href":"https:\/\/www.europesays.com\/es\/wp-json\/wp\/v2\/types\/post"}],"author":[{"embeddable":true,"href":"https:\/\/www.europesays.com\/es\/wp-json\/wp\/v2\/users\/2"}],"replies":[{"embeddable":true,"href":"https:\/\/www.europesays.com\/es\/wp-json\/wp\/v2\/comments?post=151296"}],"version-history":[{"count":0,"href":"https:\/\/www.europesays.com\/es\/wp-json\/wp\/v2\/posts\/151296\/revisions"}],"wp:featuredmedia":[{"embeddable":true,"href":"https:\/\/www.europesays.com\/es\/wp-json\/wp\/v2\/media\/151297"}],"wp:attachment":[{"href":"https:\/\/www.europesays.com\/es\/wp-json\/wp\/v2\/media?parent=151296"}],"wp:term":[{"taxonomy":"category","embeddable":true,"href":"https:\/\/www.europesays.com\/es\/wp-json\/wp\/v2\/categories?post=151296"},{"taxonomy":"post_tag","embeddable":true,"href":"https:\/\/www.europesays.com\/es\/wp-json\/wp\/v2\/tags?post=151296"}],"curies":[{"name":"wp","href":"https:\/\/api.w.org\/{rel}","templated":true}]}}