{"id":151298,"date":"2025-10-01T19:39:14","date_gmt":"2025-10-01T19:39:14","guid":{"rendered":"https:\/\/www.europesays.com\/es\/151298\/"},"modified":"2025-10-01T19:39:14","modified_gmt":"2025-10-01T19:39:14","slug":"nach-presenta-destino-su-apuesta-por-las-nuevas-formas-del-rap-en-espanol-estoy-en-esto-por-vivir-emociones","status":"publish","type":"post","link":"https:\/\/www.europesays.com\/es\/151298\/","title":{"rendered":"Nach presenta \u2018Destino\u2019, su apuesta por las nuevas formas del rap en espa\u00f1ol: \u201cEstoy en esto por vivir emociones\u201d"},"content":{"rendered":"<p><img alt=\"El rapero espa\u00f1ol Nach public\u00f3\" class=\"global-image\" decoding=\"async\" fetchpriority=\"high\" height=\"540\" loading=\"eager\" src=\"https:\/\/www.europesays.com\/es\/wp-content\/uploads\/2025\/10\/3F45H7R3LBDZRAPCP2KMKNH7IM.jpg\" width=\"960\"\/>El rapero espa\u00f1ol Nach public\u00f3 &#8216;Destino&#8217;, su primer LP en siete a\u00f1os, incluyendo colaboraciones con Nanpa B\u00e1sico, Trueno y Eladio Carri\u00f3n &#8211; cr\u00e9dito cortes\u00eda OneRPM<\/p>\n<p class=\"paragraph\">Si hay un nombre sin el que ser\u00eda imposible entender el rap en espa\u00f1ol (y en particular, el hecho en Espa\u00f1a), ese es Nach. Su mezcla de rimas potentes y ambientes envolventes lo puso en la primera l\u00ednea de la escena en ambos lados del Atl\u00e1ntico, dejando para la posteridad cl\u00e1sicos del g\u00e9nero como Efectos Vocales, Hambre de Victoria, El Hip-Hop que s\u00e9, o la \u00e9pica Anochece\/Manifiesto.<\/p>\n<p class=\"paragraph\">Ahora, en 2025, el artista vuelve a la carga con Destino, producci\u00f3n en la que suma viejos conocidos como SFDK o Manuel Carrasco, pero tambi\u00e9n talentos que cobran fuerza como Trueno, Eladio Carri\u00f3n, o el colombiano Nanpa B\u00e1sico.<\/p>\n<p class=\"paragraph\"><b>Ahora puede seguirnos en<\/b><a rel=\"noopener nofollow\" href=\"https:\/\/www.facebook.com\/infobaecolombia\" target=\"_blank\"><b> Facebook<\/b><\/a><b> y en nuestro<\/b><a rel=\"noopener nofollow\" href=\"https:\/\/whatsapp.com\/channel\/0029Va4oNEALikgEL4Y8mb2K\" target=\"_blank\"><b> WhatsApp Channel<\/b><\/a><\/p>\n<p class=\"paragraph\"><b>\u201cCada uno es due\u00f1o de su destino. La vida pasa y hay que aprovecharla. Toma las decisiones que t\u00fa quieras\u201d<\/b>, coment\u00f3 Nach en di\u00e1logo con Infobae Colombia, remarcando que es una idea que subyace en toda su obra musical.<\/p>\n<p class=\"paragraph\">Con todo, Destino fue uno de esos momentos en los que Nach afront\u00f3 el dilema de cambiar o mantener un estilo con valent\u00eda, m\u00e1s all\u00e1 de las opiniones que pudiese generar el hecho de no seguir con el estilo identitario de sus inicios. <\/p>\n<p class=\"paragraph\">\u201c<b>Hay gente que le prefiere el Nach m\u00e1s boom bap de anta\u00f1o. Pero al mismo tiempo, si hago lo mismo siempre es como \u2018qu\u00e9 aburrido\u2019 y si no lo hago es como \u2018te has vendido\u2019.<\/b> Entonces al final siempre hay un discurso externo ah\u00ed que es como&#8230; da igual, \u00bfno? Tengo que hacer lo que a m\u00ed me seduzca y me seduc\u00eda mucho hacer este tipo de disco\u201d, expres\u00f3. <\/p>\n<p><img alt=\"El artista espa\u00f1ol asegura que\" class=\"global-image\" decoding=\"async\" fetchpriority=\"low\" height=\"7008\" loading=\"lazy\" src=\"https:\/\/www.europesays.com\/es\/wp-content\/uploads\/2025\/10\/SVXWG4IHAJE6HLUQQDZNGJSN4M.jpg\" width=\"4672\"\/>El artista espa\u00f1ol asegura que a\u00fan tiene cosas por contar, m\u00e1s all\u00e1 de su legado de m\u00e1s de 30 a\u00f1os de carrera musical &#8211; cr\u00e9dito cortes\u00eda OneRPM<\/p>\n<p class=\"paragraph\">Destino es el primer LP de Nach desde Almanauta (2018), pero eso no signific\u00f3 que en siete a\u00f1os el rapero se mantuviese quieto. \u201cHe sacado nueve singles en ese tiempo, creo que saqu\u00e9 como siete u ocho colaboraciones con otros artistas. Si lo resumes en todo eso es un disco\u2026 <b>pero para hacer un disco m\u00edo, creo que en esos singles estaba a\u00fan probando cosas, viendo un poco qu\u00e9 hacer, viendo a d\u00f3nde dirigirme y creo que no estaba preparado como para sacar un disco completo porque estaba a\u00fan buscando<\/b>\u201d, explic\u00f3. <\/p>\n<p class=\"paragraph\">A esto se sumaron cambios en su equipo de trabajo y la propia pandemia, que jug\u00f3 un rol en su proceso. \u201cA nivel personal tambi\u00e9n, despu\u00e9s del covid, perd\u00ed un poco el contacto con la m\u00fasica, un poco el contacto con mi sensaci\u00f3n de ser artista. Ve\u00eda que todo a mi alrededor cambiaba mucho, yo no sab\u00eda muy bien d\u00f3nde ubicarme. Y al final el tiempo va pasando y va pasando, \u00bfno? Y te das cuenta que yo no quer\u00eda sacar un disco del que no me sintiera orgulloso y que si eso necesitaba tiempo, pues era el tiempo que ten\u00eda que necesitar\u201d, remarc\u00f3.<\/p>\n<p><img alt=\"'Destino' refleja la evoluci\u00f3n personal\" class=\"global-image\" decoding=\"async\" fetchpriority=\"low\" height=\"7008\" loading=\"lazy\" src=\"https:\/\/www.europesays.com\/es\/wp-content\/uploads\/2025\/10\/KQYWPCJQ5NCTHDMTX7UQN4HSWE.jpg\" width=\"4672\"\/>&#8216;Destino&#8217; refleja la evoluci\u00f3n personal y musical de Nach tras siete a\u00f1os de experimentaci\u00f3n y cambios &#8211; cr\u00e9dito cortes\u00eda OneRPM<\/p>\n<p class=\"paragraph\">La paciencia y la fidelidad a su propio ritmo se tradujeron en un disco que celebra la diversidad generacional y cultural: <b>\u201cUn artista tiene que estar en ese aprendizaje continuo y por eso tambi\u00e9n me pareci\u00f3 muy atractivo unirme a gente de otras generaciones que al mismo tiempo hab\u00edan crecido de alguna manera con mi m\u00fasica y poder llevarlos a mi universo del 2025, y ver qu\u00e9 suced\u00eda con todo eso\u201d<\/b>, dijo. <\/p>\n<p class=\"paragraph\">As\u00ed, Destino re\u00fane en sus 17 cortes a figuras como <b>Trueno<\/b>, <b>Eladio Carri\u00f3n<\/b>, <b>Nanpa B\u00e1sico<\/b>, <b>SFDK<\/b>, <b>Micro TDH<\/b>, <b>Manuel Carrasco<\/b>, en un di\u00e1logo intergeneracional que resulta clave para comprender esta producci\u00f3n. Entre esas colaboraciones se incluye Todo Ir\u00e1 Bien, en la que particip\u00f3 el colombiano Nanpa B\u00e1sico.<\/p>\n<p class=\"paragraph\"><b>\u201cNanpa es una grand\u00edsima persona y esa es la base de todo\u201d<\/b>, destac\u00f3 Nach en primer lugar, recordando que dos a\u00f1os atr\u00e1s ya colaboraron juntos en Desde El Fondo, tema del colombiano publicado en 2023. Esa conexi\u00f3n entre ambos volvi\u00f3 a ser clave en Todo Ir\u00e1 Bien.<\/p>\n<p class=\"paragraph\">\u201cCuando le propuse trabajar en mi disco, \u00e9l ven\u00eda aqu\u00ed a Madrid porque creo que estaba de promoci\u00f3n o ten\u00eda trabajo que hacer aqu\u00ed. Nos metimos en el estudio. Yo antes le mand\u00e9 la instrumental con todo lo que hab\u00eda yo trabajado y a \u00e9l le encant\u00f3 y me dijo: \u2018Voy a trabajar un poco los huecos que me has dejado y luego lo terminamos de trabajar en el estudio\u2019. <b>\u00c9l se trajo cosas que cuando me las cant\u00f3 en el estudio fue como: \u2018T\u00edo, eso es precioso, m\u00e9telo\u2019. Reestructuramos un poco la canci\u00f3n para que quedara lo m\u00e1s firme posible. <\/b>Muy f\u00e1cil y muy divertido\u201d, record\u00f3 Nach, contando que la rapidez les permiti\u00f3 grabar el videoclip en el mismo estudio de grabaci\u00f3n.<\/p>\n<p class=\"paragraph\">En cuanto a La Vida Se Va con Eladio Carri\u00f3n, el proceso fue igualmente fluido y revelador: \u201cEladio y yo nos segu\u00edamos en redes sociales&#8230; me invit\u00f3 a su disco para la canci\u00f3n de Mama\u2019s Boy. Mi parte la escrib\u00ed esa misma noche y se la envi\u00e9. Le dije: \u2018Tambi\u00e9n me gustar\u00eda que cuando haga yo mi disco, aparezcas t\u00fa y te unas a mi universo, porque seguro que puedo crear algo donde t\u00fa encajes y te admiro mucho\u2019. <b>Cuando le mand\u00e9 la idea de la canci\u00f3n de<\/b><b> La Vida Se Va<\/b><b>, ten\u00eda una base y lo que \u00e9l hizo en el estribillo lo desarroll\u00f3 m\u00e1s<\/b>, le dio su enfoque y nada\u2026 grabamos juntos, luego \u00e9l se devolvi\u00f3 a Puerto Rico o a Estados Unidos y me envi\u00f3 su parte. Qued\u00f3 perfecto\u201d.<\/p>\n<p class=\"paragraph\">Aunque reconoci\u00f3 los cambios en la forma en que el p\u00fablico accede a su m\u00fasica por cuenta de los avances tecn\u00f3logicos que no hab\u00edan en los inicios de su carrera, Nach no dej\u00f3 ver complejos frente a ello.<b> \u201cSobre todo es excitaci\u00f3n. Yo siempre digo que estoy en esto por vivir emociones, \u00bfno? El hecho de sacar un disco y empezar a ver el feedback\u2026 es una liberaci\u00f3n y una alegr\u00eda\u201d<\/b>, coment\u00f3.<\/p>\n<p class=\"paragraph\">M\u00e1s de tres d\u00e9cadas en el rap lo mantienen enfocado en el presente y el futuro, a pesar del legado que tiene detr\u00e1s: \u201cCreo que esta historia de Nach, con una edad como la que tengo ahora, tambi\u00e9n es muy interesante de contar. Y tengo algo que es la experiencia. No la experiencia de c\u00f3mo se van a hacer las cosas, sino de lo que esa experiencia puede transformarse en lo que puedo contar en canciones. Y creo que no hay muchos raperos que tengan mi edad, entonces eso genera algo tambi\u00e9n que creo que es atractivo de escuchar\u201d. <\/p>\n<p class=\"paragraph\">Pero, por encima de todo, Nach se percibe como un creador de canciones. <b>\u201cHacer canciones para m\u00ed es un poco el diario de mi vida, y es un diario que comparto con el mundo. Eso no tiene tiempo ni calendario. Sigo sintiendo ese prop\u00f3sito de levantarme por las ma\u00f1anas y grabar canciones, divertirme en ese proceso y al mismo tiempo buscar cosas dentro de m\u00ed\u201d<\/b>, apunt\u00f3.<\/p>\n","protected":false},"excerpt":{"rendered":"El rapero espa\u00f1ol Nach public\u00f3 &#8216;Destino&#8217;, su primer LP en siete a\u00f1os, incluyendo colaboraciones con Nanpa B\u00e1sico, Trueno&hellip;\n","protected":false},"author":2,"featured_media":151299,"comment_status":"","ping_status":"","sticky":false,"template":"","format":"standard","meta":{"footnotes":""},"categories":[170],"tags":[146,147,25,24,184,185,23],"class_list":{"0":"post-151298","1":"post","2":"type-post","3":"status-publish","4":"format-standard","5":"has-post-thumbnail","7":"category-musica","8":"tag-entertainment","9":"tag-entretenimiento","10":"tag-es","11":"tag-espana","12":"tag-music","13":"tag-musica","14":"tag-spain"},"share_on_mastodon":{"url":"","error":""},"_links":{"self":[{"href":"https:\/\/www.europesays.com\/es\/wp-json\/wp\/v2\/posts\/151298","targetHints":{"allow":["GET"]}}],"collection":[{"href":"https:\/\/www.europesays.com\/es\/wp-json\/wp\/v2\/posts"}],"about":[{"href":"https:\/\/www.europesays.com\/es\/wp-json\/wp\/v2\/types\/post"}],"author":[{"embeddable":true,"href":"https:\/\/www.europesays.com\/es\/wp-json\/wp\/v2\/users\/2"}],"replies":[{"embeddable":true,"href":"https:\/\/www.europesays.com\/es\/wp-json\/wp\/v2\/comments?post=151298"}],"version-history":[{"count":0,"href":"https:\/\/www.europesays.com\/es\/wp-json\/wp\/v2\/posts\/151298\/revisions"}],"wp:featuredmedia":[{"embeddable":true,"href":"https:\/\/www.europesays.com\/es\/wp-json\/wp\/v2\/media\/151299"}],"wp:attachment":[{"href":"https:\/\/www.europesays.com\/es\/wp-json\/wp\/v2\/media?parent=151298"}],"wp:term":[{"taxonomy":"category","embeddable":true,"href":"https:\/\/www.europesays.com\/es\/wp-json\/wp\/v2\/categories?post=151298"},{"taxonomy":"post_tag","embeddable":true,"href":"https:\/\/www.europesays.com\/es\/wp-json\/wp\/v2\/tags?post=151298"}],"curies":[{"name":"wp","href":"https:\/\/api.w.org\/{rel}","templated":true}]}}