{"id":151304,"date":"2025-10-01T19:42:09","date_gmt":"2025-10-01T19:42:09","guid":{"rendered":"https:\/\/www.europesays.com\/es\/151304\/"},"modified":"2025-10-01T19:42:09","modified_gmt":"2025-10-01T19:42:09","slug":"las-autoridades-sanitarias-de-gran-bretana-y-ee-uu-alertan-por-dos-nuevas-variantes-de-covid-que-presentan-sintomas-inusuales","status":"publish","type":"post","link":"https:\/\/www.europesays.com\/es\/151304\/","title":{"rendered":"Las autoridades sanitarias de Gran Breta\u00f1a y EE.UU. alertan por dos nuevas variantes de Covid que presentan s\u00edntomas inusuales"},"content":{"rendered":"<p class=\"left paragraph font__body-regular\">Dos nuevas variantes de <a href=\"https:\/\/tn.com.ar\/internacional\/2025\/06\/01\/la-oms-advirtio-por-una-nueva-variante-del-covid-19-y-hay-preocupacion-por-el-aumento-de-casos\/\" target=\"_blank\" rel=\"nofollow noopener\" title=\"https:\/\/tn.com.ar\/internacional\/2025\/06\/01\/la-oms-advirtio-por-una-nueva-variante-del-covid-19-y-hay-preocupacion-por-el-aumento-de-casos\/\">Covid<\/a>, las cepas <b>Stratus y Nimbus<\/b> est\u00e1n impulsando un aumento repentino de las infecciones y se duplicaron los casos desde agosto. Los especialistas de la salud lanzaron una campa\u00f1a instando a millones de personas a vacunarse contra el covid y la gripe.<\/p>\n<p class=\"left paragraph font__body-regular\">Seg\u00fan inform\u00f3 la Agencia de Seguridad Sanitaria del Reino Unido (UKHSA), <b>la positividad<\/b> hab\u00eda aumentado del 7,6% al 8,4% en tan solo una semana, mientras que los ingresos hospitalarios aumentaron de 2,0 a 2,73 por cada 100.000 habitantes. <\/p>\n<p class=\"left paragraph font__body-regular\">En Estados Unidos, los niveles de aguas residuales de covid a nivel nacional, utilizados para medir la propagaci\u00f3n comunitaria de un virus, son \u201cmoderados\u201d, seg\u00fan los CDC, pero cuatro estados est\u00e1n registrando niveles \u201cmuy altos\u201d y en los de la regi\u00f3n noreste est\u00e1n en aumento.<\/p>\n<p><img decoding=\"async\" loading=\"lazy\" fetchpriority=\"low\" data-testid=\"loading-testid\" class=\"image content-image image_placeholder\" alt=\"El dolor de garganta fuerte, uno de los s\u00edntomas. (Foto: Adobe Stock)\" width=\"767\" height=\"512\" src=\"https:\/\/www.europesays.com\/es\/wp-content\/uploads\/2025\/10\/el-dolor-de-garganta-fuerte-uno-de-los-sintomas-foto-adobe-stock-7MHPFGEZRZBPRJIMHJGVV35PJY.jpeg\"\/><\/p>\n<p>El dolor de garganta fuerte, uno de los s\u00edntomas. (Foto: Adobe Stock)<\/p>\n<p class=\"left paragraph font__body-regular\">Los pacientes se quejan de \u201c<b>dolor intenso<\/b>, como si tuvieran la garganta cubierta de hojas de afeitar\u201d, seg\u00fan indic\u00f3 el Dr. Aaron Glatt, experto en enfermedades infecciosas con sede en Estados Unidos y a\u00f1adi\u00f3: \u201cSi bien no es espec\u00edfico del COVID-19, esta expresi\u00f3n se ha utilizado para describir los s\u00edntomas de dolor de garganta en algunos pacientes con la variante m\u00e1s reciente\u201d.<\/p>\n<p class=\"left paragraph font__body-regular\">Sin embargo, las <b>nuevas cepas<\/b> tambi\u00e9n pueden causar molestias m\u00e1s comunes, como dolor de cabeza, tos, fatiga y goteo o congesti\u00f3n nasal y los expertos insisten en que no son m\u00e1s peligrosas que las versiones anteriores, pero las mutaciones gen\u00e9ticas facilitan su propagaci\u00f3n.<\/p>\n<p>Recomiendan el uso de mascarilla<\/p>\n<p class=\"left paragraph font__body-regular\">La UKHSA recomienda a todas las personas con s\u00edntomas que se queden en casa si es posible y eviten el contacto con personas vulnerables, mientras que inst\u00f3 a quienes deban salir a usar mascarilla y que, si presentan s\u00edntomas de una <b>infecci\u00f3n respiratoria,<\/b> como el COVID-19, y tienen fiebre alta o no se sienten lo suficientemente bien como para ir a trabajar o realizar actividades normales, deben evitar el contacto con personas vulnerables.<\/p>\n<p class=\"left paragraph font__body-regular\">Tanto en EE.UU. como en Reino Unido, las personas mayores de 75 a\u00f1os, las personas con sistemas inmunitarios debilitados y los residentes de asilos de ancianos pueden recibir la dosis de refuerzo contra el COVID-19, mientras que las mujeres <b>embarazadas<\/b> y los ni\u00f1os tambi\u00e9n est\u00e1n invitados a vacunarse, y los beb\u00e9s pueden recibir este a\u00f1o una vacuna antigripal en las farmacias comunitarias.<\/p>\n<p class=\"left paragraph font__body-regular\"><b>Lee tambi\u00e9n: <\/b><a href=\"https:\/\/tn.com.ar\/salud\/noticias\/2025\/08\/24\/por-que-el-covid-19-vuelve-a-propagarse-en-estados-unidos\/\" target=\"_blank\" rel=\"noreferrer nofollow noopener\" title=\"https:\/\/tn.com.ar\/salud\/noticias\/2025\/08\/24\/por-que-el-covid-19-vuelve-a-propagarse-en-estados-unidos\/\"><b>Por qu\u00e9 el COVID-19 vuelve a propagarse en Estados Unidos<\/b><\/a><\/p>\n<p class=\"left paragraph font__body-regular\">El aumento de casos se produce pocos d\u00edas despu\u00e9s de que un controvertido <b>estudio surcoreano<\/b> afirmara que las vacunas contra el COVID-19 podr\u00edan aumentar el riesgo de c\u00e1ncer, pero los expertos desestimaron los hallazgos, calific\u00e1ndolos de \u201csuperficialmente alarmantes\u201d, advirtiendo que las conclusiones eran enormemente exageradas. <\/p>\n<p class=\"paragraph font__body-regular\">Los cient\u00edficos han afirmado repetidamente que no hay pruebas cre\u00edbles de que las vacunas contra el COVID-19 interfieran con los supresores tumorales ni impulsen el crecimiento del c\u00e1ncer.<\/p>\n","protected":false},"excerpt":{"rendered":"Dos nuevas variantes de Covid, las cepas Stratus y Nimbus est\u00e1n impulsando un aumento repentino de las infecciones&hellip;\n","protected":false},"author":2,"featured_media":151305,"comment_status":"","ping_status":"","sticky":false,"template":"","format":"standard","meta":{"footnotes":""},"categories":[92],"tags":[37707,2272,25,24,165,166,23],"class_list":{"0":"post-151304","1":"post","2":"type-post","3":"status-publish","4":"format-standard","5":"has-post-thumbnail","7":"category-salud","8":"tag-cepas","9":"tag-covid-19","10":"tag-es","11":"tag-espana","12":"tag-health","13":"tag-salud","14":"tag-spain"},"share_on_mastodon":{"url":"","error":""},"_links":{"self":[{"href":"https:\/\/www.europesays.com\/es\/wp-json\/wp\/v2\/posts\/151304","targetHints":{"allow":["GET"]}}],"collection":[{"href":"https:\/\/www.europesays.com\/es\/wp-json\/wp\/v2\/posts"}],"about":[{"href":"https:\/\/www.europesays.com\/es\/wp-json\/wp\/v2\/types\/post"}],"author":[{"embeddable":true,"href":"https:\/\/www.europesays.com\/es\/wp-json\/wp\/v2\/users\/2"}],"replies":[{"embeddable":true,"href":"https:\/\/www.europesays.com\/es\/wp-json\/wp\/v2\/comments?post=151304"}],"version-history":[{"count":0,"href":"https:\/\/www.europesays.com\/es\/wp-json\/wp\/v2\/posts\/151304\/revisions"}],"wp:featuredmedia":[{"embeddable":true,"href":"https:\/\/www.europesays.com\/es\/wp-json\/wp\/v2\/media\/151305"}],"wp:attachment":[{"href":"https:\/\/www.europesays.com\/es\/wp-json\/wp\/v2\/media?parent=151304"}],"wp:term":[{"taxonomy":"category","embeddable":true,"href":"https:\/\/www.europesays.com\/es\/wp-json\/wp\/v2\/categories?post=151304"},{"taxonomy":"post_tag","embeddable":true,"href":"https:\/\/www.europesays.com\/es\/wp-json\/wp\/v2\/tags?post=151304"}],"curies":[{"name":"wp","href":"https:\/\/api.w.org\/{rel}","templated":true}]}}