{"id":151312,"date":"2025-10-01T19:46:09","date_gmt":"2025-10-01T19:46:09","guid":{"rendered":"https:\/\/www.europesays.com\/es\/151312\/"},"modified":"2025-10-01T19:46:09","modified_gmt":"2025-10-01T19:46:09","slug":"entra-en-vigor-el-cierre-de-gobierno-en-eeuu-ante-la-falta-de-acuerdo-entre-republicanos-y-democratas-para-ampliar-los-presupuestos-internacional","status":"publish","type":"post","link":"https:\/\/www.europesays.com\/es\/151312\/","title":{"rendered":"Entra en vigor el cierre de gobierno en EEUU ante la falta de acuerdo entre republicanos y dem\u00f3cratas para ampliar los presupuestos | Internacional"},"content":{"rendered":"<p class=\"loc\">Madrid<\/p>\n<p>En Estados Unidos ha entrado en vigor el cierre de gobierno por una falta de acuerdo para ampliar el presupuesto. Esto quiere decir que a partir de ahora quedan suspendidos todos los servicios p\u00fablicos, salvo los esenciales, y tambi\u00e9n los sueldos de alrededor de 750.000 empleados federales. <\/p>\n<p>M\u00e1s informaci\u00f3n<\/p>\n<p>La Casa Blanca envi\u00f3 una circular a las agencias gubernamentales orden\u00e1ndoles \u00abimplementar sus planes para un cierre ordenado\u00bb ante la falta de acuerdo entre senadores republicanos y dem\u00f3cratas para la aprobaci\u00f3n de la ley que establece el correspondiente plan presupuestario, conocida legalmente como H.R. 5371. <\/p>\n<p>Sin m\u00e1s votaciones previstas en el Senado antes del plazo l\u00edmite de medianoche (hora local), la Oficina de Administraci\u00f3n y Presupuesto de la Presidencia, dirigida por Russell Vought, se ha adelantado con el env\u00edo de un documento que culpa a los dem\u00f3cratas de \u00abforzar el cierre del Gobierno\u00bb y establece que \u00ablas agencias afectadas deben ejecutar ahora sus planes para un cierre ordenado\u00bb.<\/p>\n<p>De este modo, la Administraci\u00f3n de Donald Trump ha responsabilizado del estancamiento en el Senado \u00aba las descabelladas exigencias pol\u00edticas de los dem\u00f3cratas, que incluyen un bill\u00f3n de d\u00f3lares (algo m\u00e1s de 850.000 millones de euros) en nuevos gastos\u00bb.<\/p>\n<p><img decoding=\"async\" src=\"https:\/\/www.europesays.com\/es\/wp-content\/uploads\/2025\/10\/https:\/\/sdmedia.playser.cadenaser.com\/playser\/image\/20259\/30\/1759264643986_1759264933_asset_still.pn.jpeg\" alt=\"Trump da por hecho que el Gobierno federal cerrar\u00e1 &quot;probablemente&quot; a partir del mi\u00e9rcoles\" width=\"655\"   loading=\"lazy\"\/><\/p>\n<p class=\"tit\">Trump da por hecho que el Gobierno federal cerrar\u00e1 \u00abprobablemente\u00bb a partir del mi\u00e9rcoles<\/p>\n<p>00:00:0003:00<\/p>\n<p>El c\u00f3digo iframe se ha copiado en el portapapeles<\/p>\n<p>FacebookTwitterLinkedinWhatsAppCerrar<\/p>\n<p>\u00abNo est\u00e1 claro cu\u00e1nto tiempo mantendr\u00e1n los dem\u00f3cratas su postura insostenible, lo que hace dif\u00edcil predecir la duraci\u00f3n del cierre\u00bb, ha advertido Washington, que aun as\u00ed ha instado a los empleados a \u00abpresentarse a trabajar en su pr\u00f3ximo turno para llevar a cabo las actividades de cierre ordenado\u00bb.<\/p>\n<p>Con todo, el Gobierno estadounidense ha afirmado que emitir\u00e1 otro memor\u00e1ndum \u00abindicando que las funciones gubernamentales deben reanudarse una vez que el presidente haya firmado una ley que prevea las asignaciones presupuestarias\u00bb, y ha instado a las agencias a dar seguimiento a la situaci\u00f3n, antes de agradecer \u00absu cooperaci\u00f3n y trabajo\u00bb.<\/p>\n<p>El proyecto de ley, ahora rechazado en el Senado, recoge la continuidad de asignaciones de fondos a las agencias federales para el a\u00f1o fiscal 2026, la dotaci\u00f3n de fondos adicionales para la seguridad de funcionarios federales y la pr\u00f3rroga varios programas y autoridades que a punto de expirar.<\/p>\n<p>La \u00faltima votaci\u00f3n se ha saldado con 55 votos a favor y 45 en contra de una ley de financiaci\u00f3n provisional cuya aprobaci\u00f3n requer\u00eda que los republicanos alcanzasen el m\u00ednimo necesario de 60, tras rechazar minutos antes otra propuesta dem\u00f3crata, seg\u00fan ha recogido la agencia de noticias Bloomberg.<\/p>\n<p>Buena parte del debate ha girado en torno a la atenci\u00f3n sanitaria, y en este aspecto los senadores dem\u00f3cratas han exigido la renovaci\u00f3n de los subsidios para las primas de los seguros de salud recogidos en el programa Obamacare -nombre por el que se conoce la Ley de Cuidados de Salud a Bajo Precio, promulgada en 2010 durante el mandato de Barack Obama-. Asimismo, la bancada de la minor\u00eda en esta c\u00e1mara ha tratado de revertir los recortes de Medicaid incluidos en la reforma fiscal de Trump aprobada a principios de a\u00f1o.<\/p>\n<p>De este modo, los trabajadores esenciales, como las tropas militares, seguir\u00e1n trabajando sin sueldo, mientras que 750.000 empleados federales no esenciales ser\u00e1n suspendidos temporalmente, incluso si Trump no lleva a cabo despidos permanentes.<\/p>\n<p>Con todo, el inquilino de la Casa Blanca ha se\u00f1alado a la prensa este martes que su Administraci\u00f3n podr\u00eda despedir permanentemente a \u00abmuchos\u00bb trabajadores p\u00fablicos en caso de que, como se espera que ocurra, se produzca el cierre del Gobierno. Esta medida se saldr\u00eda de la l\u00ednea de acci\u00f3n habitual, en la que el Gobierno federal suele suspender temporalmente a los trabajadores durante un cierre y luego les paga los salarios pendientes cuando termina el imp\u00e1s.<\/p>\n<p>El cierre gubernamental es el 14\u00ba de la historia de Estados Unidos y el primero desde 2019, cuando la financiaci\u00f3n del gobierno se interrumpi\u00f3 durante cinco semanas, incluyendo el A\u00f1o Nuevo, durante el primer mandato de Trump.<\/p>\n","protected":false},"excerpt":{"rendered":"Madrid En Estados Unidos ha entrado en vigor el cierre de gobierno por una falta de acuerdo para&hellip;\n","protected":false},"author":2,"featured_media":151313,"comment_status":"","ping_status":"","sticky":false,"template":"","format":"standard","meta":{"footnotes":""},"categories":[42],"tags":[17,18,7264,13,14,11,61,62,63,64,19,20,9,10,15,16,88,12,21,22,65,66,67],"class_list":{"0":"post-151312","1":"post","2":"type-post","3":"status-publish","4":"format-standard","5":"has-post-thumbnail","7":"category-internacional","8":"tag-breaking-news","9":"tag-breakingnews","10":"tag-capital","11":"tag-featured-news","12":"tag-featurednews","13":"tag-headlines","14":"tag-internacional","15":"tag-international","16":"tag-international-news","17":"tag-internationalnews","18":"tag-latest-news","19":"tag-latestnews","20":"tag-news","21":"tag-noticias","22":"tag-noticias-destacadas","23":"tag-noticiasdestacadas","24":"tag-politics","25":"tag-titulares","26":"tag-ultimas-noticias","27":"tag-ultimasnoticias","28":"tag-world","29":"tag-world-news","30":"tag-worldnews"},"share_on_mastodon":{"url":"","error":""},"_links":{"self":[{"href":"https:\/\/www.europesays.com\/es\/wp-json\/wp\/v2\/posts\/151312","targetHints":{"allow":["GET"]}}],"collection":[{"href":"https:\/\/www.europesays.com\/es\/wp-json\/wp\/v2\/posts"}],"about":[{"href":"https:\/\/www.europesays.com\/es\/wp-json\/wp\/v2\/types\/post"}],"author":[{"embeddable":true,"href":"https:\/\/www.europesays.com\/es\/wp-json\/wp\/v2\/users\/2"}],"replies":[{"embeddable":true,"href":"https:\/\/www.europesays.com\/es\/wp-json\/wp\/v2\/comments?post=151312"}],"version-history":[{"count":0,"href":"https:\/\/www.europesays.com\/es\/wp-json\/wp\/v2\/posts\/151312\/revisions"}],"wp:featuredmedia":[{"embeddable":true,"href":"https:\/\/www.europesays.com\/es\/wp-json\/wp\/v2\/media\/151313"}],"wp:attachment":[{"href":"https:\/\/www.europesays.com\/es\/wp-json\/wp\/v2\/media?parent=151312"}],"wp:term":[{"taxonomy":"category","embeddable":true,"href":"https:\/\/www.europesays.com\/es\/wp-json\/wp\/v2\/categories?post=151312"},{"taxonomy":"post_tag","embeddable":true,"href":"https:\/\/www.europesays.com\/es\/wp-json\/wp\/v2\/tags?post=151312"}],"curies":[{"name":"wp","href":"https:\/\/api.w.org\/{rel}","templated":true}]}}