{"id":151314,"date":"2025-10-01T19:47:19","date_gmt":"2025-10-01T19:47:19","guid":{"rendered":"https:\/\/www.europesays.com\/es\/151314\/"},"modified":"2025-10-01T19:47:19","modified_gmt":"2025-10-01T19:47:19","slug":"el-ministro-puente-adelanta-novedades-sobre-las-obras-pendientes-de-la-autovia-a-jaca-a-21","status":"publish","type":"post","link":"https:\/\/www.europesays.com\/es\/151314\/","title":{"rendered":"El Ministro Puente adelanta novedades sobre las obras pendientes de la Autov\u00eda a Jaca (A-21)"},"content":{"rendered":"<p>Avance de calado en la autov\u00eda subpirenaica. El ministro de Transportes y Movilidad Sostenible, \u00d3scar Puente, ha presidido este mi\u00e9rcoles 1 de octubre la<strong> puesta en servicio del tramo de la autov\u00eda A-22 que conecta Si\u00e9tamo y Huesca<\/strong>. Una obra que ha contado con una inversi\u00f3n de casi 69 millones de euros (IVA incluido). Con estos 12,7 kil\u00f3metros se culmina la conexi\u00f3n entre Huesca y Lleida por autov\u00eda.<\/p>\n<p>\u00d3scar Puente ha destacado en el acto inaugural que contar con la A-22 completa convierte a esta autov\u00eda en<strong> \u201cla gran alternativa al valle del Ebro\u00bb<\/strong>. \u00abNavarra, el Pa\u00eds Vasco, Arag\u00f3n y Catalu\u00f1a quedan conectadas por una infraestructura moderna, segura y eficiente\u201d.<\/p>\n<p>Adem\u00e1s, el ministro se ha referido a otras de las <strong>obras pendientes<\/strong> de este eje, principalmente ligadas a la <strong>Autov\u00eda A-21 entre Pamplona y Jaca<\/strong>, donde queda m\u00e1s trabajo por hace dentro del eje subpirenaico. Puente ha anunciado que \u00abantes de fin de a\u00f1o\u00bb se publicar\u00e1 en la plataforma de contrataci\u00f3n la licitaci\u00f3n de las obras de la <strong>Variante de Jaca<\/strong>. Y tambi\u00e9n ha adelantado que la A-21 avanza hacia su culminaci\u00f3n con la <strong>redacci\u00f3n del proyecto del tramo Puente La Reina \u2013 Fago<\/strong>, que \u00abse formalizar\u00e1 pr\u00f3ximamente\u00bb (se actualiza la redacci\u00f3n original por haber quedado desfasada).<\/p>\n","protected":false},"excerpt":{"rendered":"Avance de calado en la autov\u00eda subpirenaica. El ministro de Transportes y Movilidad Sostenible, \u00d3scar Puente, ha presidido&hellip;\n","protected":false},"author":2,"featured_media":151315,"comment_status":"","ping_status":"","sticky":false,"template":"","format":"standard","meta":{"footnotes":""},"categories":[8],"tags":[294,17,18,158,25,24,13,14,11,19,20,7459,9,10,15,16,5285,2497,23,12,21,22],"class_list":{"0":"post-151314","1":"post","2":"type-post","3":"status-publish","4":"format-standard","5":"has-post-thumbnail","7":"category-espana","8":"tag-adelanta","9":"tag-breaking-news","10":"tag-breakingnews","11":"tag-el","12":"tag-es","13":"tag-espana","14":"tag-featured-news","15":"tag-featurednews","16":"tag-headlines","17":"tag-latest-news","18":"tag-latestnews","19":"tag-ministro","20":"tag-news","21":"tag-noticias","22":"tag-noticias-destacadas","23":"tag-noticiasdestacadas","24":"tag-novedades","25":"tag-puente","26":"tag-spain","27":"tag-titulares","28":"tag-ultimas-noticias","29":"tag-ultimasnoticias"},"share_on_mastodon":{"url":"","error":""},"_links":{"self":[{"href":"https:\/\/www.europesays.com\/es\/wp-json\/wp\/v2\/posts\/151314","targetHints":{"allow":["GET"]}}],"collection":[{"href":"https:\/\/www.europesays.com\/es\/wp-json\/wp\/v2\/posts"}],"about":[{"href":"https:\/\/www.europesays.com\/es\/wp-json\/wp\/v2\/types\/post"}],"author":[{"embeddable":true,"href":"https:\/\/www.europesays.com\/es\/wp-json\/wp\/v2\/users\/2"}],"replies":[{"embeddable":true,"href":"https:\/\/www.europesays.com\/es\/wp-json\/wp\/v2\/comments?post=151314"}],"version-history":[{"count":0,"href":"https:\/\/www.europesays.com\/es\/wp-json\/wp\/v2\/posts\/151314\/revisions"}],"wp:featuredmedia":[{"embeddable":true,"href":"https:\/\/www.europesays.com\/es\/wp-json\/wp\/v2\/media\/151315"}],"wp:attachment":[{"href":"https:\/\/www.europesays.com\/es\/wp-json\/wp\/v2\/media?parent=151314"}],"wp:term":[{"taxonomy":"category","embeddable":true,"href":"https:\/\/www.europesays.com\/es\/wp-json\/wp\/v2\/categories?post=151314"},{"taxonomy":"post_tag","embeddable":true,"href":"https:\/\/www.europesays.com\/es\/wp-json\/wp\/v2\/tags?post=151314"}],"curies":[{"name":"wp","href":"https:\/\/api.w.org\/{rel}","templated":true}]}}