{"id":151316,"date":"2025-10-01T19:48:15","date_gmt":"2025-10-01T19:48:15","guid":{"rendered":"https:\/\/www.europesays.com\/es\/151316\/"},"modified":"2025-10-01T19:48:15","modified_gmt":"2025-10-01T19:48:15","slug":"el-pp-tumba-en-el-senado-una-iniciativa-que-condenaba-el-genocidio-en-gaza-politica","status":"publish","type":"post","link":"https:\/\/www.europesays.com\/es\/151316\/","title":{"rendered":"El PP tumba en el Senado una iniciativa que condenaba el genocidio en Gaza | Pol\u00edtica"},"content":{"rendered":"<p class=\"loc\">Madrid<\/p>\n<p>El PP ha tumbado este mi\u00e9rcoles en el Senado una iniciativa promovida por el PSOE que condenaba <a href=\"https:\/\/cadenaser.com\/nacional\/2025\/10\/01\/israel-cierra-definitivamente-el-acceso-a-ciudad-de-gaza-desde-el-sur-de-la-franja-cadena-ser\/\" target=\"_blank\" rel=\"nofollow noopener\" title=\"https:\/\/cadenaser.com\/nacional\/2025\/10\/01\/israel-cierra-definitivamente-el-acceso-a-ciudad-de-gaza-desde-el-sur-de-la-franja-cadena-ser\/\">el genocidio en Gaza<\/a> y exig\u00eda la liberaci\u00f3n de los rehenes. Los populares y Vox han tumbado la moci\u00f3n con 146 votos en contra. <\/p>\n<p>M\u00e1s informaci\u00f3n<\/p>\n<p>Un texto que se ha debatido un d\u00eda despu\u00e9s de que el presidente del Senado, Pedro Roll\u00e1n, condenara la \u00abmasacre de civiles palestinos\u00bb y denunciara la respuesta \u00abdesproporcionada\u00bb de Israel a los atentados terroristas de Ham\u00e1s de octubre de 2023. Roll\u00e1n, que tambi\u00e9n reclam\u00f3 la entrega de los rehenes secuestrados por Ham\u00e1s, inst\u00f3 a establecer un \u00abalto el fuego inmediato y permanente\u00bb antes de que el pleno de la C\u00e1mara Alta guardara un minuto de silencio por las v\u00edctimas del conflicto.<\/p>\n<p>El portavoz del PSOE en la C\u00e1mara Alta, Juan Espadas, ha subrayado que Gaza se ha convertido en \u00abun p\u00e1ramo de muerte y hambruna\u00bb tras la intervenci\u00f3n militar de Israel, cuya magnitud \u00abno permite la tibieza o las dudas que tiene el PP\u00bb a la hora de condenar lo que ha calificado como un \u00abgenocidio\u00bb, y \u00abmucho menos la justificaci\u00f3n de l\u00edderes como Ayuso o Aznar, que prefieren ser c\u00f3mplices con tal de criticar\u00bb la acci\u00f3n del Gobierno. \u00abNo venimos a plantear una cuesti\u00f3n sem\u00e1ntica, sino de humanidad. Hablamos de calificar unos hechos como lo que son, que s\u00ed lo concreta la ONU: como un genocidio, ha resumido antes de reafirmar su rechazo a \u00abla cat\u00e1strofe humanitaria que parece querer aniquilar al pueblo palestino\u00bb.<\/p>\n<p>El PP: \u00ab[El PSOE busca] desviar el foco de los casos que cercan a su Gobierno\u00bb<\/p>\n<p>El rechazo del PP lo ha explicado la senadora Pilar Rojo, que ha censurado que al presidente del Gobierno, Pedro S\u00e1nchez, \u00ablos gazat\u00edes le importan poco\u00bb y los utiliza para \u00abdesviar el foco de los casos que cercan a su Gobierno\u00bb, todo ello a trav\u00e9s de un \u00abdecreto improvisado\u00bb con el que pretende \u00abdividir y enfrentar a los espa\u00f1oles\u00bb. Al mismo tiempo, ha exigido que Israel \u00abdetenga la masacre\u00bb y ha hecho suyo el discurso del Rey Felipe VI en la Asamblea General de la ONU, quien implor\u00f3 al Ejecutivo de Benjamin Netanyahu el fin de la \u00abmasacre\u00bb de la poblaci\u00f3n palestina. <\/p>\n<p>Se ha posicionado en contra el senador de Vox \u00c1ngel Pelayo Gordillo, que ha acusado al presidente del Gobierno, Pedro S\u00e1nchez, de \u00abutilizar el sufrimiento de los civiles de ambas partes para tapar sus esc\u00e1ndalos de corrupci\u00f3n\u00bb y ha defendido el derecho de Israel a \u00abexistir y defenderse\u00bb, puesto que \u00ablas guerras no empiezan porque s\u00ed\u00bb y el conflicto de Gaza \u00ablo empez\u00f3 el grupo terrorista de Ham\u00e1s, que asesin\u00f3 a 1.200 personas\u00bb en septiembre de 2023.<\/p>\n","protected":false},"excerpt":{"rendered":"Madrid El PP ha tumbado este mi\u00e9rcoles en el Senado una iniciativa promovida por el PSOE que condenaba&hellip;\n","protected":false},"author":2,"featured_media":151317,"comment_status":"","ping_status":"","sticky":false,"template":"","format":"standard","meta":{"footnotes":""},"categories":[5],"tags":[17,18,25,24,13,14,11,19,20,9,10,15,16,23,12,21,22],"class_list":{"0":"post-151316","1":"post","2":"type-post","3":"status-publish","4":"format-standard","5":"has-post-thumbnail","7":"category-titulares","8":"tag-breaking-news","9":"tag-breakingnews","10":"tag-es","11":"tag-espana","12":"tag-featured-news","13":"tag-featurednews","14":"tag-headlines","15":"tag-latest-news","16":"tag-latestnews","17":"tag-news","18":"tag-noticias","19":"tag-noticias-destacadas","20":"tag-noticiasdestacadas","21":"tag-spain","22":"tag-titulares","23":"tag-ultimas-noticias","24":"tag-ultimasnoticias"},"share_on_mastodon":{"url":"","error":""},"_links":{"self":[{"href":"https:\/\/www.europesays.com\/es\/wp-json\/wp\/v2\/posts\/151316","targetHints":{"allow":["GET"]}}],"collection":[{"href":"https:\/\/www.europesays.com\/es\/wp-json\/wp\/v2\/posts"}],"about":[{"href":"https:\/\/www.europesays.com\/es\/wp-json\/wp\/v2\/types\/post"}],"author":[{"embeddable":true,"href":"https:\/\/www.europesays.com\/es\/wp-json\/wp\/v2\/users\/2"}],"replies":[{"embeddable":true,"href":"https:\/\/www.europesays.com\/es\/wp-json\/wp\/v2\/comments?post=151316"}],"version-history":[{"count":0,"href":"https:\/\/www.europesays.com\/es\/wp-json\/wp\/v2\/posts\/151316\/revisions"}],"wp:featuredmedia":[{"embeddable":true,"href":"https:\/\/www.europesays.com\/es\/wp-json\/wp\/v2\/media\/151317"}],"wp:attachment":[{"href":"https:\/\/www.europesays.com\/es\/wp-json\/wp\/v2\/media?parent=151316"}],"wp:term":[{"taxonomy":"category","embeddable":true,"href":"https:\/\/www.europesays.com\/es\/wp-json\/wp\/v2\/categories?post=151316"},{"taxonomy":"post_tag","embeddable":true,"href":"https:\/\/www.europesays.com\/es\/wp-json\/wp\/v2\/tags?post=151316"}],"curies":[{"name":"wp","href":"https:\/\/api.w.org\/{rel}","templated":true}]}}