{"id":151320,"date":"2025-10-01T19:52:16","date_gmt":"2025-10-01T19:52:16","guid":{"rendered":"https:\/\/www.europesays.com\/es\/151320\/"},"modified":"2025-10-01T19:52:16","modified_gmt":"2025-10-01T19:52:16","slug":"jon-rahm-los-nervios-de-la-primera-vez-y-un-pijama-nuevo","status":"publish","type":"post","link":"https:\/\/www.europesays.com\/es\/151320\/","title":{"rendered":"Jon Rahm, los nervios de la primera vez y un pijama nuevo"},"content":{"rendered":"<p data-gtm-element-container=\"modulo-texto-link\" class=\"paragraph\">Como ya sucediera en la pasada edici\u00f3n, disputada en 2023 en el Marco Simone de Roma, Jon Rahm es el \u00fanico representante del golf espa\u00f1ol en el equipo europeo que defender\u00e1 la copa en Bethpage Black.<\/p>\n<p data-gtm-element-container=\"modulo-texto-link\" class=\"paragraph\">La de Nueva York es ya la cuarta aparici\u00f3n del vasco en la competici\u00f3n m\u00e1s prestigiosa del mundo del golf y, por tanto, es uno de los veteranos, de las voces m\u00e1s escuchadas en el vestuario del Viejo Continente. No en vano, a pesar de su fuga al LIV, ha sido n\u00famero uno del mundo y atesora dos grandes en su palmar\u00e9s (un US Open y un Masters).<\/p>\n<p>Jon Rahm<br \/>\n\u201cEl p\u00fablico de Nueva York es muy creativo\u201d<\/p>\n<p data-gtm-element-container=\"modulo-texto-link\" class=\"paragraph\">\u201dEstando tan cerca de comenzar intento no pensar mucho en ganar, solo en lo que viene. Ganar fuera de casa es algo que yo valorar\u00eda muchisimo, creo que solo ha habido 37 europeos que lo han conseguido\u201d, apuntaba este jueves el de Barrika, justo antes de salir a jugar los \u00faltimos 9 hoyos de entrenamiento antes del inicio, este viernes por la ma\u00f1ana, de la competici\u00f3n.<\/p>\n<p data-gtm-element-container=\"modulo-texto-link\" class=\"paragraph\">En Roma, Rahm conquist\u00f3 los dos puntos que disput\u00f3 en la modalidad foursome formando pareja imbatible con Tyrrell Hatton, compa\u00f1ero de equipo tambi\u00e9n en el LIV. Pero, curiosamente, Luke Donald los ha separado para la \u00faltima sesi\u00f3n de entrenamiento, poniendo al vasco\u00a0 junto a Sepp Straka, Ludvig Aberg y Rasmus Hojgaard.<\/p>\n<p>Jon Rahm<br \/>\n\u201cLuke ha preparado cosas muy emocionales que no puedo desvelar\u201d<\/p>\n<p data-gtm-element-container=\"modulo-texto-link\" class=\"paragraph\">En su dilatada experiencia ya como profesional, el vasco ha jugado muchos torneos en Nueva York y conoce a la perfecci\u00f3n al p\u00fablico local, el m\u00e1s caliente de Estados Unidos seg\u00fan la fama que tiene. \u201cCreo que cuando empiece la competici\u00f3n subir\u00e1n un poco el tono pero durante las rondas de pr\u00e1cticas ha estado bien. Son muy emocionales y pasionales, pero cuando juegas bien saben entenderlo y lo valoran y respetan\u201d, comenzaba. \u201cTambi\u00e9n son muy creativos, ya he escuchado cosas que ni me imaginaba\u201d, bromeaba.<\/p>\n<p data-gtm-element-container=\"modulo-texto-link\" class=\"paragraph\">Rahm no quiso dar muchas pistas a los medios sobre las sorpresas que les hab\u00eda preparado Luke Donald para motivarlos. \u201cSe ver\u00e1n cuando acabe la Ryder pero han sido cosas muy emotivas para los jugadores\u201d. Pero el vasco si dej\u00f3 algunas migas. \u201cLuke nos ha hecho varios regalos, me ha gustado en especial un pijama de la Ryder. Me hab\u00eda puesto el de Roma cada d\u00eda los dos \u00faltimos a\u00f1os y ahora tenemos uno nuevo. Tambi\u00e9n me ha gustado la funda personalizada del Trackman que nos ha regalado Thomas Bjorn\u201d, desvelaba,<\/p>\n<p>                <img loading=\"lazy\" decoding=\"async\" data-full-src=\"https:\/\/www.lavanguardia.com\/uploads\/2025\/09\/25\/68d553896722b.jpeg\" alt=\"Horizontal\" width=\"449\" height=\"253\" src=\"https:\/\/www.europesays.com\/es\/wp-content\/uploads\/2025\/10\/68d553896722b.r_d.2871-2387-803.jpeg\" class=\"lazy\"\/><\/p>\n<p class=\"caption-title \">rahm, en la ceremonia inaugural<\/p>\n<p>                    ERIK S. LESSER \/ EFE<\/p>\n<p data-gtm-element-container=\"modulo-texto-link\" class=\"paragraph\">Por \u00faltimo, el de Barrika ha reflexionado sobre su historia en la Ryder Cup, y lo que ha cambiado su perspectiva desde su debut en Par\u00eds en 2018. \u201cLa primera vez pas\u00f3 todo muy r\u00e1pido. Estaba tan alucinado por todo que no estuve todo lo presente que me hubiera gustado estar. Muy callado toda la semana, con nervios y tenso. En siguientes ediciones ya sabes c\u00f3mo va y fue mucho mejor\u201d, ha concluido.<\/p>\n","protected":false},"excerpt":{"rendered":"Como ya sucediera en la pasada edici\u00f3n, disputada en 2023 en el Marco Simone de Roma, Jon Rahm&hellip;\n","protected":false},"author":2,"featured_media":151321,"comment_status":"","ping_status":"","sticky":false,"template":"","format":"standard","meta":{"footnotes":""},"categories":[275],"tags":[168,25,24,329,23,167],"class_list":{"0":"post-151320","1":"post","2":"type-post","3":"status-publish","4":"format-standard","5":"has-post-thumbnail","7":"category-golf","8":"tag-deportes","9":"tag-es","10":"tag-espana","11":"tag-golf","12":"tag-spain","13":"tag-sports"},"share_on_mastodon":{"url":"","error":""},"_links":{"self":[{"href":"https:\/\/www.europesays.com\/es\/wp-json\/wp\/v2\/posts\/151320","targetHints":{"allow":["GET"]}}],"collection":[{"href":"https:\/\/www.europesays.com\/es\/wp-json\/wp\/v2\/posts"}],"about":[{"href":"https:\/\/www.europesays.com\/es\/wp-json\/wp\/v2\/types\/post"}],"author":[{"embeddable":true,"href":"https:\/\/www.europesays.com\/es\/wp-json\/wp\/v2\/users\/2"}],"replies":[{"embeddable":true,"href":"https:\/\/www.europesays.com\/es\/wp-json\/wp\/v2\/comments?post=151320"}],"version-history":[{"count":0,"href":"https:\/\/www.europesays.com\/es\/wp-json\/wp\/v2\/posts\/151320\/revisions"}],"wp:featuredmedia":[{"embeddable":true,"href":"https:\/\/www.europesays.com\/es\/wp-json\/wp\/v2\/media\/151321"}],"wp:attachment":[{"href":"https:\/\/www.europesays.com\/es\/wp-json\/wp\/v2\/media?parent=151320"}],"wp:term":[{"taxonomy":"category","embeddable":true,"href":"https:\/\/www.europesays.com\/es\/wp-json\/wp\/v2\/categories?post=151320"},{"taxonomy":"post_tag","embeddable":true,"href":"https:\/\/www.europesays.com\/es\/wp-json\/wp\/v2\/tags?post=151320"}],"curies":[{"name":"wp","href":"https:\/\/api.w.org\/{rel}","templated":true}]}}