{"id":151322,"date":"2025-10-01T19:53:10","date_gmt":"2025-10-01T19:53:10","guid":{"rendered":"https:\/\/www.europesays.com\/es\/151322\/"},"modified":"2025-10-01T19:53:10","modified_gmt":"2025-10-01T19:53:10","slug":"carlos-alcaraz-frena-para-llegar-a-punto-a-la-gira-bajo-techo","status":"publish","type":"post","link":"https:\/\/www.europesays.com\/es\/151322\/","title":{"rendered":"Carlos Alcaraz frena para llegar a punto a la gira bajo techo"},"content":{"rendered":"<p>Carlos Alcaraz volvi\u00f3 a levantar un trofeo en Tokio, el octavo de la temporada, y, acto seguido, comunic\u00f3 su ausencia en el Masters 1000 de  &#8230; Shangh\u00e1i. El palmare\u00f1o regresa ya a casa para recuperar su tobillo izquierdo, tocado en el debut en Tokio ante Sebasti\u00e1n B\u00e1ez y para descansar antes del sprint final de la temporada.<\/p>\n<p class=\"v-p\">Su objetivo es llegar mejor que nunca al tramo de torneos bajo techo, citas que hist\u00f3ricamente no se le han ido bien. El a\u00f1o pasado, sin ir m\u00e1s lejos, cay\u00f3 a las primeras de cambio en Par\u00eds y no logr\u00f3 superar la fase de grupos en las ATP Finals de Tur\u00edn. <\/p>\n<p class=\"v-p\">Este a\u00f1o quiere dar un paso m\u00e1s en su rendimiento, con m\u00e1s tiempo para entrenar en esas condiciones. La baja de Shangh\u00e1i tiene un punto de estrategia, m\u00e1s all\u00e1 de que no sea \u00f3ptimo forzar el tobillo izquierdo sin apenas margen despu\u00e9s de jugar cinco partidos en seis d\u00edas en Tokio. <\/p>\n<p class=\"v-p\">\u00abCreo que el calendario es muy apretado. Tienen que hacer algo con \u00e9l. Creo que hay demasiados torneos obligatorios, demasiado seguidos. Impusieron reglas que nos obligan a jugar torneos Masters 1000, ATP500, lo que sea. Pero hay demasiadas reglas que a nosotros, como tenistas, no nos permite elegir si jugar o no\u00bb, apunt\u00f3 Alcaraz en la rueda de prensa como campe\u00f3n de Tokio. <\/p>\n<p class=\"v-p\">Esta decisi\u00f3n de no competir en Shangh\u00e1i va en la l\u00ednea de lo que vimos en agosto con el torneo de Canad\u00e1. Alcaraz decidi\u00f3 bajarse de ese torneo para tener m\u00e1s tiempo de descanso despu\u00e9s de unos meses de junio y julio muy erosivos. El tiempo le dio la raz\u00f3n, conquistando Cincinnati y el US Open. En ese proceso de madurez, cada vez tiene m\u00e1s peso la voz del tenista de 22 a\u00f1os a la hora de seleccionar los torneos con el fin de llegar en buenas condiciones a momentos clave de la temporada. <\/p>\n<p class=\"v-p\">\u00abSiendo sincero, tengo que considerar en el futuro si tengo que saltarme algunos torneos obligatorios para mantener mi condici\u00f3n f\u00edsica y mi buena forma. Obviamente, va m\u00e1s all\u00e1 de la condici\u00f3n f\u00edsica. Creo que mentalmente tambi\u00e9n es muy exigente, jugar tantos torneos obligatorios seguidos o jugar tantos torneos sin tener d\u00edas para descansar mentalmente. Considerar\u00e9 saltarme algunos torneos obligatorios por mi propio bien\u00bb, afirm\u00f3 el n\u00famero uno del mundo tras ser preguntado por unas declaraciones de la tenista polaca Iga Swiatek en las que criticaba la carga de torneos durante la temporada. <\/p>\n<p class=\"v-p\">Alcaraz dispondr\u00e1 ahora de unos d\u00edas para descansar y recuperar su cuerpo tras Tokio. En el horizonte m\u00e1s cercano, el Six King Slams en Arabia Saud\u00ed, hacia donde partir\u00e1 en unos diez d\u00edas. Hasta entonces, trabajar\u00e1 en condiciones &#8216;indoor&#8217; para preparar este torneo de exhibici\u00f3n, pero sobre todo los tres \u00faltimos t\u00edtulos importantes de la temporada. No se le han dado especialmente bien los torneos bajo techo del final de curso al de El Palmar. Cuartos de final en Par\u00eds en 2022, semifinales en las ATP Finals en 2023 y una eliminaci\u00f3n temprana el a\u00f1o pasado en las Finales de la Copa Davis el a\u00f1o pasado. Estos son sus mejores resultados en los torneos a los que apunta ahora. <\/p>\n<p>El Masters 1000 de Par\u00eds cambia su sede<\/p>\n<p class=\"v-p\">Una de las novedades para este sprint final de temporada lo protagonizar\u00e1 el \u00faltimo Masters 1000 del a\u00f1o: Par\u00eds cambia su sede del Accor Arena de Bercy a La Defense Arena. Un pabell\u00f3n mucho m\u00e1s grande y que, sobre todo, ser\u00e1 m\u00e1s c\u00f3modo para los tenistas. Para preparar este torneo, dado que su calendario se lo permite una vez que ha dado su baja de Shangh\u00e1i, Alcaraz acudir\u00e1 con tiempo de sobra para trabajar sobre el terreno el intento de asalto a uno de los pocos Masters 1000 que a\u00fan no aparecen en su palmar\u00e9s. Despu\u00e9s llegar\u00e1 Tur\u00edn, con la Copa de Maestros, a la que acudir\u00e1 como primer cabeza de serie y en la que presumiblemente estar\u00e1 Novak Djokovic, despu\u00e9s de no participar en la edici\u00f3n de 2024. El \u00faltimo torneo del a\u00f1o para Alcaraz se disputar\u00e1 en Bolonia. La Copa Davis se decide este a\u00f1o en tierras italianas y el murciano llega con los colmillos afilados para intentar saldar una cuenta pendiente con el combinado nacional. <\/p>\n","protected":false},"excerpt":{"rendered":"Carlos Alcaraz volvi\u00f3 a levantar un trofeo en Tokio, el octavo de la temporada, y, acto seguido, comunic\u00f3&hellip;\n","protected":false},"author":2,"featured_media":151323,"comment_status":"","ping_status":"","sticky":false,"template":"","format":"standard","meta":{"footnotes":""},"categories":[274],"tags":[4736,7569,168,25,24,6058,1236,660,2320,23,167,18018,327,326],"class_list":{"0":"post-151322","1":"post","2":"type-post","3":"status-publish","4":"format-standard","5":"has-post-thumbnail","7":"category-tenis","8":"tag-alcaraz","9":"tag-bajo","10":"tag-deportes","11":"tag-es","12":"tag-espana","13":"tag-frena","14":"tag-gira","15":"tag-llegar","16":"tag-punto","17":"tag-spain","18":"tag-sports","19":"tag-techo","20":"tag-tenis","21":"tag-tennis"},"share_on_mastodon":{"url":"","error":""},"_links":{"self":[{"href":"https:\/\/www.europesays.com\/es\/wp-json\/wp\/v2\/posts\/151322","targetHints":{"allow":["GET"]}}],"collection":[{"href":"https:\/\/www.europesays.com\/es\/wp-json\/wp\/v2\/posts"}],"about":[{"href":"https:\/\/www.europesays.com\/es\/wp-json\/wp\/v2\/types\/post"}],"author":[{"embeddable":true,"href":"https:\/\/www.europesays.com\/es\/wp-json\/wp\/v2\/users\/2"}],"replies":[{"embeddable":true,"href":"https:\/\/www.europesays.com\/es\/wp-json\/wp\/v2\/comments?post=151322"}],"version-history":[{"count":0,"href":"https:\/\/www.europesays.com\/es\/wp-json\/wp\/v2\/posts\/151322\/revisions"}],"wp:featuredmedia":[{"embeddable":true,"href":"https:\/\/www.europesays.com\/es\/wp-json\/wp\/v2\/media\/151323"}],"wp:attachment":[{"href":"https:\/\/www.europesays.com\/es\/wp-json\/wp\/v2\/media?parent=151322"}],"wp:term":[{"taxonomy":"category","embeddable":true,"href":"https:\/\/www.europesays.com\/es\/wp-json\/wp\/v2\/categories?post=151322"},{"taxonomy":"post_tag","embeddable":true,"href":"https:\/\/www.europesays.com\/es\/wp-json\/wp\/v2\/tags?post=151322"}],"curies":[{"name":"wp","href":"https:\/\/api.w.org\/{rel}","templated":true}]}}