{"id":151332,"date":"2025-10-01T19:58:13","date_gmt":"2025-10-01T19:58:13","guid":{"rendered":"https:\/\/www.europesays.com\/es\/151332\/"},"modified":"2025-10-01T19:58:13","modified_gmt":"2025-10-01T19:58:13","slug":"patricia-pardo-explota-y-cuenta-toda-la-verdad-de-su-relacion-con-christian-galvez-la-mala-de-espana","status":"publish","type":"post","link":"https:\/\/www.europesays.com\/es\/151332\/","title":{"rendered":"Patricia Pardo explota y cuenta toda la verdad de su relaci\u00f3n con Christian G\u00e1lvez: \u00abLa mala de Espa\u00f1a\u00bb"},"content":{"rendered":"<p>Con el paso del tiempo, <strong>Patricia Pardo<\/strong> ha ganado mucho peso en la peque\u00f1a pantalla y no es para menos porque ha tenido a la mejor maestra. Como todo el mundo sabe, la periodista ha trabajado con <strong>Ana Rosa Quintana<\/strong> durante mucho tiempo y <a href=\"https:\/\/okdiario.com\/noticias\/telecinco\/\" rel=\"nofollow noopener\" target=\"_blank\">Telecinco<\/a> decidi\u00f3 apostar por ella para entregarle un programa propio. De esta forma, ascendi\u00f3 a primera divisi\u00f3n y se convirti\u00f3 en un personaje muy interesante para la cr\u00f3nica social. Siempre ha sido muy discreta con su vida privada, por eso no llev\u00f3 bien que los paparazzi empezasen a perseguirla y que el p\u00fablico curiosearse con su esfera privada. Por desgracia, todo empeor\u00f3 cuando el programa Socialit\u00e9 sac\u00f3 a la luz que estaba saliendo con <a href=\"https:\/\/okdiario.com\/noticias\/christian-galvez\/\" rel=\"nofollow noopener\" target=\"_blank\">Christian G\u00e1lvez<\/a>, otro de los rostros m\u00e1s potentes de Mediaset.<\/p>\n<p>Para entender la historia al completo hay que tener en cuenta que <strong>Christian G\u00e1lvez<\/strong> se acababa de separar de su ex mujer, la actriz gimnasta Almudena Cid. Por ese motivo, no fueron pocos los que insinuaron que el presentador hab\u00eda tenido un comportamiento poco honesto. Sin embargo, Patricia le acaba de dar una entrevista a \u00c1lex Fidalgo en el p\u00f3dcast Lo que t\u00fa digas y ha hablado muy claro de todo esto. Por primera vez en la historia ha ofrecido su versi\u00f3n de los hechos, ha roto su silencio y ha confirmado que empez\u00f3 a salir con G\u00e1lvez cuando este ya estaba separado.<\/p>\n<p>La presentadora de<a href=\"https:\/\/okdiario.com\/trailer\/joaquin-prat-impactado-companera-que-sido-victima-dana-no-nada-facil-13741776\" rel=\"nofollow noopener\" target=\"_blank\"> Vamos a Ver <\/a>siente que la audiencia le ve como<strong> \u00abla mala de Espa\u00f1a\u00bb,<\/strong> pero nunca hizo nada malo ni se meti\u00f3 en medio de ninguna relaci\u00f3n. Seg\u00fan ha contado, algunos fot\u00f3grafos se empe\u00f1aron en conseguir ciertas im\u00e1genes que quer\u00edan vender al mejor postor, por eso decidieron mostrarse al natural a trav\u00e9s de sus respectivas cuentas de Instagram. \u00ab<strong>Creo que se relajaron cuando nos mostramos un poco empalagosos en redes sociales<\/strong>. Son verdad todos los mensajes que nos mandamos, ya que lo sentimos, pero hay un punto de exhibici\u00f3n que nos ha venido muy bien, porque ha provocado que no tengan tanto inter\u00e9s en nosotros\u00bb, ha comentado al respecto.<\/p>\n<p>Las confesiones de Patricia Pardo<\/p>\n<p><img loading=\"lazy\" decoding=\"async\" class=\"size-medium wp-image-15503851\" alt=\"\" width=\"620\" height=\"413\"  src=\"https:\/\/www.europesays.com\/es\/wp-content\/uploads\/2025\/10\/christian-galvez-con-patricia-pardo-1-620x413.jpg\" \/> Christian G\u00e1lvez con Patricia Pardo. (Foto: Gtres)<\/p>\n<p><a href=\"https:\/\/okdiario.com\/look\/actualidad\/patricia-pardo-rompe-llorar-directo-sorpresa-christian-galvez-cumpleanos-2372798\" rel=\"nofollow noopener\" target=\"_blank\">Patricia Pardo<\/a> est\u00e1 cansada de mirar para otro lado y ha puesto las cartas encima de la mesa. Lo primero que ha hecho ha sido asegurar que conoce perfectamente la identidad de las personas que la traicionaron, aquellos que hablaron con Socialit\u00e9 para desvelar que manten\u00eda una conexi\u00f3n especial con Christian G\u00e1lvez. \u00abEsos que filtraron que nos est\u00e1bamos conociendo eran mis compa\u00f1eros. No ten\u00edamos una relaci\u00f3n, que es lo que mucha gente no quiere entender. No \u00e9ramos una pareja, \u00e9ramos dos personas divorciadas o separadas, que se hab\u00edan conocido en el pasillo de <strong>Telecinco<\/strong> y que hab\u00eda un tonteo, pero no hab\u00edamos dado un pu\u00f1etero primer paseo por la calle\u00bb, ha confesado en el citado p\u00f3dcast.<\/p>\n<p>Por otro lado, la periodista lamenta la imagen que la gente tiene de ella. Cree que todo cambi\u00f3 cuando sali\u00f3 a la luz su relaci\u00f3n con Christian, pues antes ten\u00eda una reputaci\u00f3n excelente y nadie dudaba de sus intenciones. \u00ab<strong>La imagen que ten\u00edamos antes no es la que tenemos ahora, y esa es la realidad<\/strong>. Hemos pagado un peaje muy grande los dos, estoy convencida de ello. A m\u00ed me han puesto la etiqueta de<strong> \u00abla mala de Espa\u00f1a\u00bb<\/strong> sin conocerme y juzg\u00e1ndome por algo que no pas\u00f3 y a \u00e9l, ni te quiero contar. Creo que estamos pagando un peaje muy grande por todo aquello, simplemente por estar juntos o por no haber hablado\u00bb, lamenta.<\/p>\n<p>Un matrimonio unido<\/p>\n<p>A pesar de las consecuencias que ha tenido su matrimonio, Patricia Pardo est\u00e1 muy orgullosa de compartir su vida con <strong>Christian G\u00e1lvez<\/strong>. Siente que es el hombre perfecto y el padre ideal para su hijo Luca, el peque\u00f1o de la casa. Recordemos que tiene dos hijas de su relaci\u00f3n anterior, unas ni\u00f1as que tambi\u00e9n adoran al ex presentador de <a href=\"https:\/\/okdiario.com\/noticias\/pasapalabra\/\" rel=\"nofollow noopener\" target=\"_blank\">Pasapalabra<\/a>.<\/p>\n<p>\u00abEn el tema en la maternidad, se ha extendido la idea de que puedes ser madre m\u00e1s all\u00e1 de los 50 a\u00f1os. <strong>Es mentira<\/strong>. Te puedes quedar embarazada a los 50 o a los 42, pero hay una parte en el camino que no te cuentan. <strong>Te dicen \u00abno pasa nada, vete a muerte a por tu carrera. Te congelas los \u00f3vulos\u00bb<\/strong>. Pero tienes que tenerlos congelados. Si no, te extraen tus \u00f3vulos y ves que con 42 a\u00f1os a lo mejor tus \u00f3vulos no est\u00e1n bien\u00bb, responde cuando le preguntan por c\u00f3mo ha llevado su \u00faltimo embarazo.<\/p>\n<p>Por suerte, Christian le ayuda a organizarse, as\u00ed que hay cosas que est\u00e1n siendo m\u00e1s f\u00e1ciles de lo que pensaba al principio. \u00ab<strong>Yo tengo que trabajar s\u00ed o s\u00ed<\/strong>. Con tres hijos no te puedes permitir no trabajar, y menos en televisi\u00f3n. Los ni\u00f1os no son un freno. Es verdad que no me he podido permitir coger bajas largu\u00edsimas\u00bb, desliza mientras habla de la din\u00e1mica que hay dentro de su hogar. De esta forma, y sin darse cuenta, ha dado una de las entrevistas m\u00e1s personales de su trayectoria.<\/p>\n","protected":false},"excerpt":{"rendered":"Con el paso del tiempo, Patricia Pardo ha ganado mucho peso en la peque\u00f1a pantalla y no es&hellip;\n","protected":false},"author":2,"featured_media":151333,"comment_status":"","ping_status":"","sticky":false,"template":"","format":"standard","meta":{"footnotes":""},"categories":[174],"tags":[255,146,147,25,24,256,23],"class_list":{"0":"post-151332","1":"post","2":"type-post","3":"status-publish","4":"format-standard","5":"has-post-thumbnail","7":"category-famosos","8":"tag-celebrities","9":"tag-entertainment","10":"tag-entretenimiento","11":"tag-es","12":"tag-espana","13":"tag-famosos","14":"tag-spain"},"share_on_mastodon":{"url":"","error":""},"_links":{"self":[{"href":"https:\/\/www.europesays.com\/es\/wp-json\/wp\/v2\/posts\/151332","targetHints":{"allow":["GET"]}}],"collection":[{"href":"https:\/\/www.europesays.com\/es\/wp-json\/wp\/v2\/posts"}],"about":[{"href":"https:\/\/www.europesays.com\/es\/wp-json\/wp\/v2\/types\/post"}],"author":[{"embeddable":true,"href":"https:\/\/www.europesays.com\/es\/wp-json\/wp\/v2\/users\/2"}],"replies":[{"embeddable":true,"href":"https:\/\/www.europesays.com\/es\/wp-json\/wp\/v2\/comments?post=151332"}],"version-history":[{"count":0,"href":"https:\/\/www.europesays.com\/es\/wp-json\/wp\/v2\/posts\/151332\/revisions"}],"wp:featuredmedia":[{"embeddable":true,"href":"https:\/\/www.europesays.com\/es\/wp-json\/wp\/v2\/media\/151333"}],"wp:attachment":[{"href":"https:\/\/www.europesays.com\/es\/wp-json\/wp\/v2\/media?parent=151332"}],"wp:term":[{"taxonomy":"category","embeddable":true,"href":"https:\/\/www.europesays.com\/es\/wp-json\/wp\/v2\/categories?post=151332"},{"taxonomy":"post_tag","embeddable":true,"href":"https:\/\/www.europesays.com\/es\/wp-json\/wp\/v2\/tags?post=151332"}],"curies":[{"name":"wp","href":"https:\/\/api.w.org\/{rel}","templated":true}]}}