{"id":151334,"date":"2025-10-01T19:59:15","date_gmt":"2025-10-01T19:59:15","guid":{"rendered":"https:\/\/www.europesays.com\/es\/151334\/"},"modified":"2025-10-01T19:59:15","modified_gmt":"2025-10-01T19:59:15","slug":"16-anos-tarde-y-70-000-euros-cobrados-de-albacete-y-que-mas-da-dice-antonio-lopez","status":"publish","type":"post","link":"https:\/\/www.europesays.com\/es\/151334\/","title":{"rendered":"16 a\u00f1os tarde y 70.000 euros cobrados de Albacete: \u201c\u00a1Y qu\u00e9 m\u00e1s da!\u201d, dice Antonio L\u00f3pez"},"content":{"rendered":"<p>En 2009 y como antesala del tercer centenario de la Feria de Albacete, la ciudad le encarg\u00f3 a Antonio L\u00f3pez la escultura \u2018El hombre que camina\u2019, por la que el artista de Tomelloso ya ha percibido 70.000 euros de dinero p\u00fablico y de la que, 16 a\u00f1os despu\u00e9s no hay ni rastro de ella. Ahora, tras muchos intentos, El Digital de Albacete ha conseguido entrevistar a Antonio L\u00f3pez y el artista desvela todo lo que envuelve a este retraso y asegura que le da absolutamente igual lo que los vecinos de Albacete puedan pensar de \u00e9l.<\/p>\n<p><img loading=\"lazy\" decoding=\"async\" width=\"1200\" height=\"798\" src=\"https:\/\/www.europesays.com\/es\/wp-content\/uploads\/2025\/10\/antonio-lopez04-1.jpg\" alt=\"\" class=\"wp-image-1076001\"  \/>Antonio L\u00f3pez \/ Foto: Alberto Paredes \u2013 Europa Press \/ Albacete<\/p>\n<p>Tras 16 a\u00f1os de elaboraci\u00f3n, o de retraso, ya que la idea cuando se le encarg\u00f3 en 2009 es que estuviera instalada un a\u00f1o despu\u00e9s para la celebraci\u00f3n de la Feria de Albacete del tercer centenario, la primera pregunta por nuestra parte a Antonio L\u00f3pez era obligada y esa no era otra que saber en qu\u00e9 punto se encuentra a d\u00eda de hoy la escultura, casi 6.000 d\u00edas despu\u00e9s de si encargo. A ello, L\u00f3pez responde que \u201ctengo que acabar la cabeza y es muy dif\u00edcil saber cuanto tiempo me falta y cuando la podr\u00e9 terminar\u2026 yo pienso que, a lo mejor, por lo menos un a\u00f1o. No lo s\u00e9 exactamente. Yo lo que quiero es terminar bien la escultura, porque lo importante es que est\u00e9 bien y no que est\u00e9 pronto\u201d.<\/p>\n<p>\u00bfY por qu\u00e9 esa demora con Albacete?<\/p>\n<p>Cuestionado luego Antonio L\u00f3pez por el motivo de haberse demorado 16 a\u00f1os, su respuesta es tajante: \u201cYo trabajo as\u00ed. Hay cosas que salen antes y cosas que se tardan m\u00e1s\u201d.<\/p>\n<p>Antonio L\u00f3pez afirma que la escultura que Albacete le encarg\u00f3 hace 16 a\u00f1os \u201cest\u00e1 ya muy avanzada, lleva muy avanzada mucho tiempo, ya que la abandon\u00e9 hace a\u00f1os. Ahora tengo que seguir, claro, tengo que acabar la cabeza\u201d.<\/p>\n<p><img loading=\"lazy\" decoding=\"async\" width=\"1200\" height=\"798\" src=\"https:\/\/www.europesays.com\/es\/wp-content\/uploads\/2025\/10\/antonio-lopez03.jpg\" alt=\"\" class=\"wp-image-1075994\"  \/>Antonio L\u00f3pez \/ Foto: Alberto Paredes \u2013 Europa Press \/ Albacete<\/p>\n<p>Llegados a este punto, era pregunta obligada el saber los motivos que llevaron al artista a abandonar la creaci\u00f3n de la estatua de Albacete, a lo que el \u2018genio del realismo\u2019 indica que \u201cpues qu\u00e9 s\u00e9 yo\u2026 pues porque es dif\u00edcil hacer eso y es dif\u00edcil encontrar la persona; es dif\u00edcil encontrar el gesto. Es dif\u00edcil\u2026 cuando se tarda tanto es porque es dif\u00edcil\u201d.<\/p>\n<p>Sobre el tiempo que lleva abandonada dicha estatua, Antonio L\u00f3pez dice a El Digital de Albacete que \u201ctendr\u00eda que mirar a ver en qu\u00e9 fecha se hizo todo, tendr\u00eda que mirar todo eso, pero\u2026 \u00a1qu\u00e9 m\u00e1s da!, \u00a1qu\u00e9 m\u00e1s da!, vamos a ver\u2026 \u00a1qu\u00e9 m\u00e1s da!\u201d.<\/p>\n<p>A Antonio L\u00f3pez le da igual lo que Albacete piense de \u00e9l<\/p>\n<p>A\u00f1ade Antonio L\u00f3pez al respecto que no le preocupa lo m\u00e1s m\u00ednimo que Albacete y sus vecinos puedan estar molestos con \u00e9l por haber cobrado ya 70.000 euros y no haber entregado la escultura 16 a\u00f1os despu\u00e9s. \u201cNo me preocupa absolutamente nada. Yo ya habl\u00e9 con ellos (refiri\u00e9ndose a los distintos alcaldes que han pasado desde entonces) y si quieren les devuelvo el dinero o les entrego un trabajo parecido del mismo precio y ya est\u00e1. Me quedo yo con \u2018El hombre que camina\u2019 y ya est\u00e1. Eso lo saben ellos, lo saben los alcaldes y si es que no lo saben, lo van a saber despu\u00e9s de esta entrevista\u201d.<\/p>\n<p><img loading=\"lazy\" decoding=\"async\" width=\"1200\" height=\"798\" src=\"https:\/\/www.europesays.com\/es\/wp-content\/uploads\/2025\/10\/antonio-lopez01.jpg\" alt=\"\" class=\"wp-image-1075997\"  \/>Antonio L\u00f3pez \/ Foto: Alberto Paredes \u2013 Europa Press \/ Albacete<\/p>\n<p>Asegura Antonio L\u00f3pez que ha retomado la escultura de \u2018El hombre que camina\u2019 y que ya no est\u00e1 abandonada, porque \u201ces una escultura que me han pagado y por eso la tengo que hacer\u201d.<\/p>\n<p>En el tema de esta escultura, era tambi\u00e9n importante saber si en el pacto que establecieron Antonio L\u00f3pez y Albacete hab\u00eda alg\u00fan punto en el que se dijese que el artista podr\u00eda tardar el tiempo que estimase necesario, indicando al respecto el artista que no se acuerda porque \u201cnunca pienso que voy a tardar tanto, siempre pienso que lo voy a hacer antes, pero mira, las cosas m\u00edas son un poco as\u00ed. Es muy diferente c\u00f3mo trabaja uno o c\u00f3mo trabaja otro. Yo trabajo un poco as\u00ed\u201d.<\/p>\n<p>El retrato de la familia real, casi tanto retraso como la estatua para Albacete<\/p>\n<p>A modo de ejemplo de su tardanza, Antonio L\u00f3pez recuerda que \u201cen el cuadro de la familia de los reyes tard\u00e9 20 a\u00f1os, \u00a1pues ya est\u00e1!, es mi manera de trabajar. Yo lo que quiero es que salga bien, para m\u00ed eso es lo importante. Y ojo, no te f\u00edes, hay veces que con mucho tiempo sale mal\u201d.<\/p>\n<p><img loading=\"lazy\" decoding=\"async\" width=\"1200\" height=\"798\" src=\"https:\/\/www.europesays.com\/es\/wp-content\/uploads\/2025\/10\/antonio-lopez02.jpg\" alt=\"\" class=\"wp-image-1075998\"  \/>Antonio L\u00f3pez \/ Foto: Alberto Paredes \u2013 Europa Press \/ Albacete<\/p>\n<p>Sobre la estatua, cuyo nombre es \u2018El hombre que camina\u2019, Antonio L\u00f3pez dice que \u201ces un hombre. Con dos brazos, dos piernas, dos ojos y una nariz. Es un ser humano\u201d y sobre si es una de las obras que m\u00e1s tiempo le han llevado resolverlas, L\u00f3pez dice que \u201ctendr\u00eda que compararla con otras. A m\u00ed hay trabajos que me han costado much\u00edsimos a\u00f1os\u2026 mucho tiempo, m\u00e1s que esto, porque no las sab\u00eda resolver\u2026 el gesto y bueno, crear una buena escultura para colocar en la calle, eso no es f\u00e1cil, pues para estar en la calle tienen que ser dignas de estar en la calle. En la calle no puedes colocar una mierda. Tienen que ser dignas de que est\u00e9n entre los dem\u00e1s, de que est\u00e9n en el pueblo\u201d.<\/p>\n<p>El esperpento de Antonio L\u00f3pez con esta estatua de Albacete<\/p>\n<p>Llegados a este punto cabe recordar que Antonio L\u00f3pez todav\u00eda tiene pendiente de entregar a Albacete \u2018El hombre que camina\u2019, una escultura que le fue encargada hace en torno a 16 a\u00f1os y por la que el artista nacido en Tomelloso ya ha cobrado casi 70.000 euros; sin embargo, todav\u00eda no hay ni rastro de la mencionada escultura y lo que envuelve a este tema roza cada vez m\u00e1s lo esperp\u00e9ntico.<\/p>\n<p>El castellano-manchego Antonio L\u00f3pez est\u00e1 considerado como uno de los m\u00e1ximos representantes del arte realista de nuestro pa\u00eds. El pintor y escultor, natural de Tomelloso, se comprometi\u00f3 a entregar a la ciudad de Albacete una de sus creaciones escult\u00f3ricas, que por el momento no ha llegado a la capital.<\/p>\n<p><img loading=\"lazy\" decoding=\"async\" width=\"1200\" height=\"798\" src=\"https:\/\/www.europesays.com\/es\/wp-content\/uploads\/2025\/10\/antonio-lopez03-1.jpg\" alt=\"\" class=\"wp-image-1076003\"  \/>Antonio L\u00f3pez \/ Foto: Alberto Paredes \u2013 Europa Press \/ Albacete<\/p>\n<p>Desde el Grupo Municipal de Unidas Podemos han denunciando en m\u00e1s de una ocasi\u00f3n el enorme retraso que el artista lleva en relaci\u00f3n a la entrega de este obra de arte, ya que se demora 16 a\u00f1os. En concreto, estando al frente de la Alcald\u00eda de Albacete Manuel P\u00e9rez Castell (1999-2008), el Ayuntamiento acord\u00f3 encargar al artista dicha escultura para la ciudad.<\/p>\n<p>A\u00f1os despu\u00e9s, concretamente en febrero de 2009, siendo alcaldesa Carmen Oliver, se lleg\u00f3 a rubricar el acuerdo con Antonio L\u00f3pez; acuerdo que a d\u00eda de hoy a\u00fan se mantiene.<\/p>\n<p>Durante la celebraci\u00f3n de un Pleno en el Ayuntamiento de Albacete en 2019, Unidas Podemos preguntaba al por entonces Equipo de Gobierno sobre los pagos efectuados al artista en relaci\u00f3n a este encargo. As\u00ed, seg\u00fan recoge una nota de prensa de la formaci\u00f3n morada al respecto \u201cla portavoz del Equipo de Gobierno, la concejal Mar\u00eda Jos\u00e9 L\u00f3pez, inform\u00f3 de dos pagos siendo alcaldesa Carmen Oliver por importe de 69.600 euros (hace 16 a\u00f1os), estando pendiente un tercer pago de 34.800 euros\u201d.<\/p>\n<p><img loading=\"lazy\" decoding=\"async\" width=\"1200\" height=\"798\" src=\"https:\/\/www.europesays.com\/es\/wp-content\/uploads\/2025\/10\/antonio-lopez01-1.jpg\" alt=\"\" class=\"wp-image-1076004\"  \/>Antonio L\u00f3pez \/ Foto: Alberto Paredes \u2013 Europa Press \/ Albacete<\/p>\n<p>En aquel momento, la concejal socialista indicaba que \u201csobre el plazo para que el artista haga entrega de la escultura no tenemos ning\u00fan tipo de informaci\u00f3n y lo \u00fanico que sabemos es por boca del propio artista, que manifest\u00f3 que ten\u00eda hecha la escultura pero que estaba buscando un modelo para terminarla\u201d.<\/p>\n<p>16 a\u00f1os despu\u00e9s, ni rastro en Albacete de \u2018El Hombre que camina\u2019<\/p>\n<p>Desde que el Ayuntamiento de Albacete y Antonio L\u00f3pez firmaran este acuerdo han transcurrido cerca de 16 a\u00f1os. As\u00ed las cosas, pr\u00e1cticamente dos d\u00e9cadas despu\u00e9s y casi seis legislaturas de diferentes formaciones pol\u00edticas despu\u00e9s (Carmen Oliver-PSOE 2008-2011, Carmen Bayod-PP 2011-2015, Javier Cuenca-PP 2015-2017, Manuel Serrano-PP 2015-2019, Vicente Casa\u00f1-Cs 2019-2021 y Emilio S\u00e1ez 2021-2023, Manuel Serrano-PP 2023-actualidad), la prometida escultura a\u00fan no ha llegado a Albacete.\u2028En un nueva sesi\u00f3n plenaria en 2021 Unidas Podemos volv\u00eda a instar al Equipo de Gobierno sobre esta cuesti\u00f3n, sobre lo que indicaban en nota de prensa que el por aquel entonces alcalde de Albacete, Vicente Casa\u00f1, \u201cno supo a qui\u00e9n derivarle la pregunta y se limit\u00f3 a decir que nos contestar\u00eda m\u00e1s adelante\u201d; argumentaron desde la formaci\u00f3n morada.<\/p>\n<p>Siendo alcalde de Albacete Emilio S\u00e1ez (PSOE), el Ayuntamiento habl\u00f3 con Antonio L\u00f3pez al respecto de la escultura, y el artista traslad\u00f3 al consistorio que est\u00e1 trabajando en ella. Pero no aport\u00f3 un fecha aproximada en la que los albacete\u00f1os podr\u00e1n disfrutar de esta obra de Antonio L\u00f3pez.<\/p>\n<p><img loading=\"lazy\" decoding=\"async\" width=\"1200\" height=\"798\" src=\"https:\/\/www.europesays.com\/es\/wp-content\/uploads\/2025\/10\/antonio-lopez02-1.jpg\" alt=\"\" class=\"wp-image-1076002\"  \/>Antonio L\u00f3pez \/ Foto: Alberto Paredes \u2013 Europa Press \/ Albacete<\/p>\n<p>Lo cierto es que 16 a\u00f1os despu\u00e9s, la ciudadan\u00eda de Albacete a\u00fan no puede disfrutar de la escultura del artista por la que el Ayuntamiento ya ha invertido m\u00e1s de 69.000 euros de dinero p\u00fablico.<\/p>\n<p>El nombre elegido para la escultura es \u2018El hombre que camina\u2019, que seg\u00fan dijo el artista medir\u00eda 2,20 metros de altura y que ser\u00eda la primera obra que en Castilla-La Mancha quedar\u00eda entre la gente, como en la antigua Grecia. En 2010, con un boceto pintado en papel, el propio Antonio L\u00f3pez recorri\u00f3 distintos enclaves de la ciudad para ver donde quedaba mejor su obra y cual era el id\u00f3neo.<\/p>\n","protected":false},"excerpt":{"rendered":"En 2009 y como antesala del tercer centenario de la Feria de Albacete, la ciudad le encarg\u00f3 a&hellip;\n","protected":false},"author":2,"featured_media":151335,"comment_status":"","ping_status":"","sticky":false,"template":"","format":"standard","meta":{"footnotes":""},"categories":[173],"tags":[2545,229,233,231,230,232,234,146,147,25,24,338,23],"class_list":{"0":"post-151334","1":"post","2":"type-post","3":"status-publish","4":"format-standard","5":"has-post-thumbnail","7":"category-arte-y-diseno","8":"tag-albacete","9":"tag-arte","10":"tag-arte-y-diseno","11":"tag-arts","12":"tag-arts-and-design","13":"tag-design","14":"tag-diseno","15":"tag-entertainment","16":"tag-entretenimiento","17":"tag-es","18":"tag-espana","19":"tag-portada","20":"tag-spain"},"share_on_mastodon":{"url":"","error":""},"_links":{"self":[{"href":"https:\/\/www.europesays.com\/es\/wp-json\/wp\/v2\/posts\/151334","targetHints":{"allow":["GET"]}}],"collection":[{"href":"https:\/\/www.europesays.com\/es\/wp-json\/wp\/v2\/posts"}],"about":[{"href":"https:\/\/www.europesays.com\/es\/wp-json\/wp\/v2\/types\/post"}],"author":[{"embeddable":true,"href":"https:\/\/www.europesays.com\/es\/wp-json\/wp\/v2\/users\/2"}],"replies":[{"embeddable":true,"href":"https:\/\/www.europesays.com\/es\/wp-json\/wp\/v2\/comments?post=151334"}],"version-history":[{"count":0,"href":"https:\/\/www.europesays.com\/es\/wp-json\/wp\/v2\/posts\/151334\/revisions"}],"wp:featuredmedia":[{"embeddable":true,"href":"https:\/\/www.europesays.com\/es\/wp-json\/wp\/v2\/media\/151335"}],"wp:attachment":[{"href":"https:\/\/www.europesays.com\/es\/wp-json\/wp\/v2\/media?parent=151334"}],"wp:term":[{"taxonomy":"category","embeddable":true,"href":"https:\/\/www.europesays.com\/es\/wp-json\/wp\/v2\/categories?post=151334"},{"taxonomy":"post_tag","embeddable":true,"href":"https:\/\/www.europesays.com\/es\/wp-json\/wp\/v2\/tags?post=151334"}],"curies":[{"name":"wp","href":"https:\/\/api.w.org\/{rel}","templated":true}]}}