{"id":151336,"date":"2025-10-01T20:01:08","date_gmt":"2025-10-01T20:01:08","guid":{"rendered":"https:\/\/www.europesays.com\/es\/151336\/"},"modified":"2025-10-01T20:01:08","modified_gmt":"2025-10-01T20:01:08","slug":"de-su-dura-infancia-a-sus-inicios-en-television","status":"publish","type":"post","link":"https:\/\/www.europesays.com\/es\/151336\/","title":{"rendered":"de su dura infancia a sus inicios en televisi\u00f3n"},"content":{"rendered":"<p>Vicente Vall\u00e9s, uno de los rostros m\u00e1s reconocibles de <a title=\"la televisi\u00f3n en Espa\u00f1a\" href=\"https:\/\/www.larazon.es\/television\/imanol-arias-reaparece-1-cuentame-pide-perdon-rtve-vino-ver-diablo_2025100168dd37712aac281a5cb64b3e.html\" target=\"_blank\" rel=\"nofollow noopener\">la televisi\u00f3n en Espa\u00f1a<\/a>, guarda con nitidez <b>los recuerdos de una infancia marcada por la humildad y el esfuerzo<\/b>. Nacido hace 61 a\u00f1os en Madrid, el periodista <b>creci\u00f3 en Vallecas, en una casa que su abuelo paterno construy\u00f3 con sus propias manos <\/b>tras la posguerra.<\/p>\n<p><b>\u00abMi primer recuerdo es estar jugando en una calle sin asfaltar, llena de barro\u00bb<\/b>, contaba en una entrevista concedida a Zenda Libros. Aquellos primeros a\u00f1os los vivi\u00f3 junto a sus padres y<b> su hermano, Jos\u00e9 Antonio, tambi\u00e9n periodista<\/b> y actual redactor de Pol\u00edtica Nacional y Defensa en Informativos Telecinco.<\/p>\n<p>Ambos hermanos no solo comparten profesi\u00f3n, sino tambi\u00e9n una gran pasi\u00f3n por el f\u00fatbol y una fuerte conexi\u00f3n con sus or\u00edgenes. Vall\u00e9s ha hablado en varias ocasiones de la humildad de su entorno familiar: <b>su madre, emigrante andaluza, lleg\u00f3 a Madrid desde Ja\u00e9n en los a\u00f1os 50<\/b> junto a sus cinco hermanos; su padre, hijo de un conquense y una murciana, viv\u00eda en la calle paralela, donde se conocieron y formaron una familia. \u00abDigamos que <b>soy un madrile\u00f1o t\u00edpico, porque ninguno de mis cuatro abuelos era madrile\u00f1o<\/b>\u00ab, bromeaba el presentador.<\/p>\n<p>De Vallecas a los informativos: una vocaci\u00f3n nacida por azar<\/p>\n<p>A pesar de venir de un contexto sin tradici\u00f3n period\u00edstica, <b>Vicente Vall\u00e9s encontr\u00f3 en la comunicaci\u00f3n su verdadera vocaci\u00f3n<\/b>. Inici\u00f3 su carrera en los medios en los a\u00f1os 80, cuando a\u00fan estudiaba en la universidad. <b>Su primer paso fue en la Cadena SER<\/b>, donde empez\u00f3 a \u00abaprender el oficio viendo trabajar a mucha gente con talento\u00bb, como \u00e9l mismo recuerda. Aquella etapa fue decisiva: a base de trabajo y observaci\u00f3n, fue puliendo su estilo hasta convertirse en una de las voces m\u00e1s reconocidas de la informaci\u00f3n televisiva en Espa\u00f1a.<\/p>\n<p>Hoy, Vall\u00e9s combina su reconocida trayectoria profesional con <b>una vida personal muy centrada en su familia<\/b>. Est\u00e1 <b>casado con la tambi\u00e9n periodista \u00c1ngeles Blanco<\/b>, con quien comparte no solo la profesi\u00f3n, sino tambi\u00e9n la estabilidad de una vida familiar consolidada. Tiene <b>tres hijos, dos de ellos fruto de su anterior relaci\u00f3n con la periodista Luc\u00eda M\u00e9ndez<\/b>. Siempre discreto, Vall\u00e9s ha mantenido su vida privada al margen del foco p\u00fablico, aunque ha reconocido en alguna ocasi\u00f3n la importancia de ese equilibrio para mantenerse firme en una profesi\u00f3n exigente.<\/p>\n<p>Un oficio con altibajos, pero muchas satisfacciones<\/p>\n<p>Con m\u00e1s de tres d\u00e9cadas de experiencia, <b>Vall\u00e9s no esconde que el periodismo le ha tra\u00eddo momentos buenos y otros m\u00e1s complicados<\/b>. \u00abSon muchos a\u00f1os de profesi\u00f3n, y no todo es lineal hacia arriba\u00bb, reflexion\u00f3. Pero, pese a los altibajos, <b>el balance es rotundamente positivo<\/b>: \u00abCreo que esa ha sido mi mayor satisfacci\u00f3n: poder dedicarme a lo que me gusta\u00bb. Ese entusiasmo, lejos de haberse diluido con el tiempo, sigue marcando su d\u00eda a d\u00eda en los informativos.<\/p>\n<p>Desde Vallecas al &#8216;prime time informativo&#8217;, Vicente Vall\u00e9s <b>es hoy un referente del periodismo riguroso y cercano<\/b>. Pero detr\u00e1s del profesional hay una historia personal forjada a base de esfuerzo, humildad y una profunda conexi\u00f3n con sus ra\u00edces.<\/p>\n","protected":false},"excerpt":{"rendered":"Vicente Vall\u00e9s, uno de los rostros m\u00e1s reconocibles de la televisi\u00f3n en Espa\u00f1a, guarda con nitidez los recuerdos&hellip;\n","protected":false},"author":2,"featured_media":151337,"comment_status":"","ping_status":"","sticky":false,"template":"","format":"standard","meta":{"footnotes":""},"categories":[171],"tags":[146,147,25,24,23,214],"class_list":{"0":"post-151336","1":"post","2":"type-post","3":"status-publish","4":"format-standard","5":"has-post-thumbnail","7":"category-tv","8":"tag-entertainment","9":"tag-entretenimiento","10":"tag-es","11":"tag-espana","12":"tag-spain","13":"tag-tv"},"share_on_mastodon":{"url":"","error":""},"_links":{"self":[{"href":"https:\/\/www.europesays.com\/es\/wp-json\/wp\/v2\/posts\/151336","targetHints":{"allow":["GET"]}}],"collection":[{"href":"https:\/\/www.europesays.com\/es\/wp-json\/wp\/v2\/posts"}],"about":[{"href":"https:\/\/www.europesays.com\/es\/wp-json\/wp\/v2\/types\/post"}],"author":[{"embeddable":true,"href":"https:\/\/www.europesays.com\/es\/wp-json\/wp\/v2\/users\/2"}],"replies":[{"embeddable":true,"href":"https:\/\/www.europesays.com\/es\/wp-json\/wp\/v2\/comments?post=151336"}],"version-history":[{"count":0,"href":"https:\/\/www.europesays.com\/es\/wp-json\/wp\/v2\/posts\/151336\/revisions"}],"wp:featuredmedia":[{"embeddable":true,"href":"https:\/\/www.europesays.com\/es\/wp-json\/wp\/v2\/media\/151337"}],"wp:attachment":[{"href":"https:\/\/www.europesays.com\/es\/wp-json\/wp\/v2\/media?parent=151336"}],"wp:term":[{"taxonomy":"category","embeddable":true,"href":"https:\/\/www.europesays.com\/es\/wp-json\/wp\/v2\/categories?post=151336"},{"taxonomy":"post_tag","embeddable":true,"href":"https:\/\/www.europesays.com\/es\/wp-json\/wp\/v2\/tags?post=151336"}],"curies":[{"name":"wp","href":"https:\/\/api.w.org\/{rel}","templated":true}]}}