{"id":151338,"date":"2025-10-01T20:02:22","date_gmt":"2025-10-01T20:02:22","guid":{"rendered":"https:\/\/www.europesays.com\/es\/151338\/"},"modified":"2025-10-01T20:02:22","modified_gmt":"2025-10-01T20:02:22","slug":"los40-music-awards-santander-2025-todos-los-artistas-confirmados-para-actuar-en-los-premios","status":"publish","type":"post","link":"https:\/\/www.europesays.com\/es\/151338\/","title":{"rendered":"LOS40 Music Awards Santander 2025: Todos los artistas confirmados para actuar en los premios"},"content":{"rendered":"<p>La m\u00fasica nos hace viajar y este 2025, <b>LOS40 Music Awards Santander lo hace donde m\u00e1s nos necesitan: <\/b><a href=\"https:\/\/los40.com\/2025\/09\/29\/por-que-se-celebran-los40-music-awards-santander-2025-en-valencia\/\" target=\"_blank\" rel=\"noreferrer nofollow noopener\" title=\"https:\/\/los40.com\/2025\/09\/29\/por-que-se-celebran-los40-music-awards-santander-2025-en-valencia\/\"><b>Valencia<\/b><\/a><b>.<\/b> Tras vivir la \u00faltima edici\u00f3n de los premios de la m\u00fasica m\u00e1s importantes de nuestro pa\u00eds de manera ben\u00e9fica en Barcelona en apoyo a los damnificados por la <a href=\"https:\/\/los40.com\/2024\/10\/30\/que-es-una-dana-y-por-que-ha-afectado-tanto-a-valencia\/\" target=\"_blank\" rel=\"noreferrer nofollow noopener\" title=\"https:\/\/los40.com\/2024\/10\/30\/que-es-una-dana-y-por-que-ha-afectado-tanto-a-valencia\/\">DANA<\/a>, ahora es momento de hacer las maleta y trasladarse hasta all\u00ed. Por ello, el pr\u00f3ximo <b>7 de noviembre se desplegar\u00e1 la alfombra roja y los galardones se celebrar\u00e1n en el Roig Arena<\/b>. <\/p>\n<p>Adem\u00e1s de premiar a nuestros cantantes tras un a\u00f1o de \u00e9xitos, tambi\u00e9n viviremos actuaciones \u00fanicas como ya lo hemos hecho otros a\u00f1os. As\u00ed, tras su sonada ausencia el pasado a\u00f1o, este 2025, <b>la primera artista en confirmar su asistencia en LOS40 Music Awards Santander 2025 fue Aitana.<\/b> A la autora de Cuarto Azul le han seguido otros artistas nacionales e internacionales como Dani Mart\u00edn, Alleh &amp; Yorghaki o Ed Sheeran&#8230; y la cosa no ha quedado ah\u00ed. <\/p>\n<p>Todos los artistas confirmados para LOS40 Music Awards 2025 hasta ahora<\/p>\n<p>Estos son <b>todos los artistas confirmados hasta ahora <\/b>para el pr\u00f3ximo 7 de noviembre en el Roig Arena de Barcelona: <\/p>\n<p><img decoding=\"async\" src=\"https:\/\/los40.com\/pf\/resources\/img\/logo-40-v-c.svg?d=883\" alt=\"LOS40\" class=\"i-pro\" width=\"68\" height=\"68\" loading=\"lazy\"\/><\/p>\n<p>Estos son <b>todos los confirmados para LOS40 Music Awards Santander 2025 hasta ahora<\/b>. No te pierdas todas las novedades en LOS40, LOS40.com y en las redes sociales de LOS40 porque todav\u00eda quedan muchas m\u00e1s sorpresas por descubrir&#8230; \u00a1Empieza la cuenta atr\u00e1s!<\/p>\n<p>El Roig Arena, el escenario de LOS40 Music Awards Santander 2025<\/p>\n<p>La cita tendr\u00e1 lugar en el Roig Arena, un recinto de \u00faltima generaci\u00f3n que se estrena este a\u00f1o. Con una capacidad para <b>25.000 espectadores<\/b>, el estadio destaca por su<b> dise\u00f1o vanguardista, ac\u00fastica optimizada para grandes espect\u00e1culos <\/b>y una infraestructura pensada para eventos culturales de primer nivel. Ubicado en el coraz\u00f3n de Valencia, el Roig Arena se perfila como un nuevo referente en el circuito musical europeo.<\/p>\n<p>Con esta edici\u00f3n, LOS40 Music Awards Santander 2025 no solo celebran la m\u00fasica, sino que la convierten en un veh\u00edculo de transformaci\u00f3n. Valencia ser\u00e1 el escenario donde el arte se pone al servicio de quienes m\u00e1s lo necesitan. Porque este a\u00f1o, m\u00e1s que nunca, la m\u00fasica nos hace viajar\u2026 a donde m\u00e1s nos necesitan.<\/p>\n","protected":false},"excerpt":{"rendered":"La m\u00fasica nos hace viajar y este 2025, LOS40 Music Awards Santander lo hace donde m\u00e1s nos necesitan:&hellip;\n","protected":false},"author":2,"featured_media":151339,"comment_status":"","ping_status":"","sticky":false,"template":"","format":"standard","meta":{"footnotes":""},"categories":[170],"tags":[146,147,25,24,184,185,23],"class_list":{"0":"post-151338","1":"post","2":"type-post","3":"status-publish","4":"format-standard","5":"has-post-thumbnail","7":"category-musica","8":"tag-entertainment","9":"tag-entretenimiento","10":"tag-es","11":"tag-espana","12":"tag-music","13":"tag-musica","14":"tag-spain"},"share_on_mastodon":{"url":"","error":""},"_links":{"self":[{"href":"https:\/\/www.europesays.com\/es\/wp-json\/wp\/v2\/posts\/151338","targetHints":{"allow":["GET"]}}],"collection":[{"href":"https:\/\/www.europesays.com\/es\/wp-json\/wp\/v2\/posts"}],"about":[{"href":"https:\/\/www.europesays.com\/es\/wp-json\/wp\/v2\/types\/post"}],"author":[{"embeddable":true,"href":"https:\/\/www.europesays.com\/es\/wp-json\/wp\/v2\/users\/2"}],"replies":[{"embeddable":true,"href":"https:\/\/www.europesays.com\/es\/wp-json\/wp\/v2\/comments?post=151338"}],"version-history":[{"count":0,"href":"https:\/\/www.europesays.com\/es\/wp-json\/wp\/v2\/posts\/151338\/revisions"}],"wp:featuredmedia":[{"embeddable":true,"href":"https:\/\/www.europesays.com\/es\/wp-json\/wp\/v2\/media\/151339"}],"wp:attachment":[{"href":"https:\/\/www.europesays.com\/es\/wp-json\/wp\/v2\/media?parent=151338"}],"wp:term":[{"taxonomy":"category","embeddable":true,"href":"https:\/\/www.europesays.com\/es\/wp-json\/wp\/v2\/categories?post=151338"},{"taxonomy":"post_tag","embeddable":true,"href":"https:\/\/www.europesays.com\/es\/wp-json\/wp\/v2\/tags?post=151338"}],"curies":[{"name":"wp","href":"https:\/\/api.w.org\/{rel}","templated":true}]}}