{"id":151340,"date":"2025-10-01T20:03:10","date_gmt":"2025-10-01T20:03:10","guid":{"rendered":"https:\/\/www.europesays.com\/es\/151340\/"},"modified":"2025-10-01T20:03:10","modified_gmt":"2025-10-01T20:03:10","slug":"filtrado-el-equipo-que-todos-esperaban","status":"publish","type":"post","link":"https:\/\/www.europesays.com\/es\/151340\/","title":{"rendered":"Filtrado el equipo que todos esperaban"},"content":{"rendered":"<p>El rodaje de <strong>Spider-Man: Brand New Day<\/strong> sigue en marcha tras <a href=\"https:\/\/hipertextual.com\/cine-television\/malas-noticias-tom-holland-spider-man-brand-new-day\/\" rel=\"nofollow noopener\" target=\"_blank\">el percance que sufri\u00f3 <strong>Tom Holland<\/strong><\/a> hace unos d\u00edas. Y con \u00e9l, los rumores y teor\u00edas sobre lo que suceder\u00e1 en la pel\u00edcula no dejan de aparecer. Ya se han confirmado varios personajes clave de Marvel <a href=\"https:\/\/hipertextual.com\/cine-television\/bruce-banner-aparecera-spider-man-4-mucho-mas-que-cameo\/\" rel=\"nofollow noopener\" target=\"_blank\">como <strong>Hulk<\/strong> o <strong>Punisher<\/strong><\/a>. Pero ahora ha surgido un nuevo nombre que servir\u00eda para, al fin, ver en pantalla a uno de esos equipos que todos los fans de Marvel llevan muchos a\u00f1os deseando ver en pantalla.<\/p>\n<p>Al menos as\u00ed lo ha asegurado el insider Luis Lecca, de la web <a href=\"https:\/\/nukethefridge.com\/exclusive-charlie-coxs-daredevil-secretly-confirmed-for-spider-man-brand-new-day\/\" target=\"_blank\" rel=\"noreferrer noopener nofollow\">Nuke the Fridge<\/a>. Y es que apunta a que el mism\u00edsimo <strong>Daredevil<\/strong> de <strong>Charlie Cox<\/strong> aparecer\u00e1 en <a href=\"https:\/\/hipertextual.com\/cine-television\/spider-man-4-primeras-imagenes-nuevo-traje-completo-tom-holland-con-mascara\/\" rel=\"nofollow noopener\" target=\"_blank\">Spider-Man: Brand New Day<\/a>. \u00abUna fuente fiable me lo cont\u00f3 de pasada, sin darse cuenta de lo incre\u00edble que era ese spoiler. Me dijeron: \u00ab<strong>Charlie<\/strong> va a ir all\u00ed para rodar Spider-Man\u00bb, y admito que me enfad\u00e9 un poco por el spoiler\u00bb, desvela esta filtraci\u00f3n.<\/p>\n<p>\u00abLo curioso es que no ten\u00edan ni idea de que yo era fan ni de que me importara. No reaccion\u00e9 en absoluto en ese momento, as\u00ed que si esto sale a la luz, nunca sabr\u00e1n que vino de m\u00ed. Y, para ser justos, nunca me dijeron que no lo compartiera\u00bb, a\u00f1ade para darle mayor peso a la an\u00e9cdota. Hasta ahora, <a href=\"https:\/\/hipertextual.com\/cine-television\/daredevil-born-again-brutal-conexion-con-spider-man\/\" rel=\"nofollow noopener\" target=\"_blank\">la presencia de <strong>Charlie Cox<\/strong> en Spider-Man: Brand New Day<\/a> como <strong>Daredevil<\/strong> era solo un sue\u00f1o h\u00famedo de los fans, pero esta es la primera vez que realmente hay indicios de que pueda suceder.<\/p>\n<p>En los c\u00f3mics, <a href=\"https:\/\/hipertextual.com\/cine-television\/revelado-papel-spider-man-daredevil-born-again-sony-prohibio\/\" rel=\"nofollow noopener\" target=\"_blank\"><strong>Spider-Man<\/strong> y <strong>Daredevil<\/strong> han formado equipo en varias ocasiones<\/a>, convirti\u00e9ndose en una de las alianzas favoritas de los lectores. Pero en el cine esto a\u00fan no hab\u00eda sucedido. T\u00e9cnicamente, ambos se conocieron en Spider-Man: No Way Home cuando <strong>Matt Murdock<\/strong>, como abogado, representa a <strong>Peter Parker<\/strong> al comienzo de la cinta. Pero <a href=\"https:\/\/hipertextual.com\/cine-television\/deseo-tom-holland-spider-man-4-daredevil\/\" rel=\"nofollow noopener\" target=\"_blank\">jam\u00e1s unieron fuerzas como superh\u00e9roes<\/a>. La cuarta entrega del ar\u00e1cnido pondr\u00eda fin a esa eterna espera.<\/p>\n<p><img loading=\"lazy\" data-recalc-dims=\"1\" decoding=\"async\" width=\"1500\" height=\"844\" alt=\"Spider-Man Brand New Day Daredevil Charlie Cox\" class=\"wp-image-1815522 perfmatters-lazy\" src=\"https:\/\/www.europesays.com\/es\/wp-content\/uploads\/2025\/10\/Diseno-sin-titulo-2-1500x844.jpg\"  data-\/><\/p>\n<p>Charlie Cox se unir\u00eda al reparto de Spider-Man: Brand New Day<\/p>\n<p>Si la llegada del <strong>Daredevil<\/strong> de <strong>Charlie Cox<\/strong> a Spider-Man Brand New Day, se convertir\u00e1 en uno de los grandes nombres del reparto de la pel\u00edcula. Y es que el proyecto es m\u00e1s ambicioso cada semana que pasa. El elenco principal lo confirman\u00a0<strong>Tom Holland<\/strong>\u00a0como Peter Parker, <strong>Zendaya<\/strong>\u00a0como MJ,\u00a0<strong>Jacob Batalon<\/strong>\u00a0como Ned Leeds,\u00a0<strong>Mark Ruffalo<\/strong>\u00a0como Hulk,\u00a0<strong>Jon Bernthal<\/strong> como Punisher y\u00a0<strong>Sadie Sink<\/strong> en un papel desconocido (aunque los rumores\u00a0<a href=\"https:\/\/hipertextual.com\/cine-television\/revelado-papel-sadie-sink-spider-man-4\/\" rel=\"nofollow noopener\" target=\"_blank\">apuntan a Gwen Stacy<\/a>).<\/p>\n<p>Junto a ellos estar\u00e1n <a href=\"https:\/\/hipertextual.com\/cine-television\/spider-man-4-escorpion-confirma-su-regreso-nuevo-venom\/\" rel=\"nofollow noopener\" target=\"_blank\"><strong>Michael Mando<\/strong> como Mac Gargan \/ Escorpi\u00f3n<\/a>, <strong>Liza Col\u00f3n-Zayas<\/strong> tambi\u00e9n en un papel a\u00fan por revelar (aunque se rumorea que sea\u00a0<a href=\"https:\/\/hipertextual.com\/cine-television\/spider-man-4-brand-new-day-confirmado-miles-morales-nuevo-fichaje\/\" rel=\"nofollow noopener\" target=\"_blank\">Rio Morales<\/a>),\u00a0<a href=\"https:\/\/hipertextual.com\/cine-television\/filtracion-spider-man-4-confirma-otro-avenger-de-marvel\/\" rel=\"nofollow noopener\" target=\"_blank\"><strong>Florence Pugh<\/strong> como Yelena Belova<\/a>, <strong>Tramell Tillman<\/strong> en un rol por descubrir y, por supuesto, el mencionado <strong>Charlie Cox<\/strong>.\u00a0Spider-Man: Brand New Day\u00a0est\u00e1 dirigida por\u00a0<strong>Destin Daniel Cretton<\/strong>\u00a0(Shang-Chi y la leyenda de los diez anillos) y se estrenar\u00e1 en cines el 31 de julio de 2026.<\/p>\n<p><a href=\"https:\/\/geni.us\/disney-plus-footer\" target=\"_blank\" rel=\" noreferrer noopener nofollow\"><img loading=\"lazy\" decoding=\"async\" width=\"360\" height=\"197\" alt=\"\" class=\"wp-image-1840708 perfmatters-lazy\" style=\"width:100px\" src=\"https:\/\/www.europesays.com\/es\/wp-content\/uploads\/2025\/08\/1756350495_822_disney-logo.jpeg\"  data-\/><\/a><\/p>\n<p class=\"has-text-align-center\" style=\"padding-top:0;padding-right:0;padding-bottom:0;padding-left:0;font-size:18px\">Disfruta de las mejores historias, en cualquier momento y en cualquier lugar. Series, pel\u00edculas y originales que no encontrar\u00e1s en ninguna otra plataforma: cl\u00e1sicos de siempre y los \u00faltimos estrenos. <a href=\"https:\/\/geni.us\/disney-plus-footer\" target=\"_blank\" rel=\"noreferrer noopener nofollow\">M\u00e1s econ\u00f3mico que nunca<\/a> con el nuevo plan con anuncios.<\/p>\n<p class=\"has-text-align-center\">Consejo ofrecido por Disney+<\/p>\n","protected":false},"excerpt":{"rendered":"El rodaje de Spider-Man: Brand New Day sigue en marcha tras el percance que sufri\u00f3 Tom Holland hace&hellip;\n","protected":false},"author":2,"featured_media":151341,"comment_status":"","ping_status":"","sticky":false,"template":"","format":"standard","meta":{"footnotes":""},"categories":[169],"tags":[177,146,147,25,24,176,175,23],"class_list":{"0":"post-151340","1":"post","2":"type-post","3":"status-publish","4":"format-standard","5":"has-post-thumbnail","7":"category-cine","8":"tag-cine","9":"tag-entertainment","10":"tag-entretenimiento","11":"tag-es","12":"tag-espana","13":"tag-film","14":"tag-movies","15":"tag-spain"},"share_on_mastodon":{"url":"","error":""},"_links":{"self":[{"href":"https:\/\/www.europesays.com\/es\/wp-json\/wp\/v2\/posts\/151340","targetHints":{"allow":["GET"]}}],"collection":[{"href":"https:\/\/www.europesays.com\/es\/wp-json\/wp\/v2\/posts"}],"about":[{"href":"https:\/\/www.europesays.com\/es\/wp-json\/wp\/v2\/types\/post"}],"author":[{"embeddable":true,"href":"https:\/\/www.europesays.com\/es\/wp-json\/wp\/v2\/users\/2"}],"replies":[{"embeddable":true,"href":"https:\/\/www.europesays.com\/es\/wp-json\/wp\/v2\/comments?post=151340"}],"version-history":[{"count":0,"href":"https:\/\/www.europesays.com\/es\/wp-json\/wp\/v2\/posts\/151340\/revisions"}],"wp:featuredmedia":[{"embeddable":true,"href":"https:\/\/www.europesays.com\/es\/wp-json\/wp\/v2\/media\/151341"}],"wp:attachment":[{"href":"https:\/\/www.europesays.com\/es\/wp-json\/wp\/v2\/media?parent=151340"}],"wp:term":[{"taxonomy":"category","embeddable":true,"href":"https:\/\/www.europesays.com\/es\/wp-json\/wp\/v2\/categories?post=151340"},{"taxonomy":"post_tag","embeddable":true,"href":"https:\/\/www.europesays.com\/es\/wp-json\/wp\/v2\/tags?post=151340"}],"curies":[{"name":"wp","href":"https:\/\/api.w.org\/{rel}","templated":true}]}}