{"id":151344,"date":"2025-10-01T20:05:12","date_gmt":"2025-10-01T20:05:12","guid":{"rendered":"https:\/\/www.europesays.com\/es\/151344\/"},"modified":"2025-10-01T20:05:12","modified_gmt":"2025-10-01T20:05:12","slug":"ee-uu-emite-alerta-sanitaria-para-sus-viajeros-en-cuba","status":"publish","type":"post","link":"https:\/\/www.europesays.com\/es\/151344\/","title":{"rendered":"EE. UU. emite alerta sanitaria para sus viajeros en Cuba"},"content":{"rendered":"<p>La <strong>Embajada de Estados Unidos en Cuba<\/strong> emiti\u00f3 este martes una alerta sanitaria dirigida a los ciudadanos estadounidenses que se encuentren en la isla o tengan previsto viajar, tras un aviso del <strong>Centro para el Control y Prevenci\u00f3n de Enfermedades (CDC)<\/strong> por un brote de <strong>chikungunya<\/strong>.<\/p>\n<p>El CDC public\u00f3 un <strong>Aviso de Salud de Viaje de Nivel 2<\/strong>, que implica la recomendaci\u00f3n de pr\u00e1cticas de precauciones mejoradas ante la propagaci\u00f3n de esta enfermedad transmitida por mosquitos.<\/p>\n<p>Advierte que la <strong>chikungunya<\/strong> es propagada por la picadura de mosquitos infectados y sus s\u00edntomas aparecen entre 3 y 7 d\u00edas despu\u00e9s de la mordedura, e incluyen fiebre, dolor articular, dolor de cabeza, dolor muscular, hinchaz\u00f3n o erupciones cut\u00e1neas.<\/p>\n<p>Publicaci\u00f3n en Facebook<\/p>\n<p>Adem\u00e1s, se\u00f1ala que la mayor\u00eda de los pacientes se recuperan en una semana, pero en algunos casos los dolores articulares pueden prolongarse durante meses o incluso a\u00f1os.<\/p>\n<p>Las mujeres embarazadas, especialmente en el tercer trimestre, deben reconsiderar sus viajes a Cuba; as\u00ed como las personas de alto riesgo como adultos mayores, reci\u00e9n nacidos o quienes padecen diabetes o enfermedades card\u00edacas son m\u00e1s vulnerables a complicaciones graves, subraya la nota.<\/p>\n<p>Aclara que no existe un tratamiento espec\u00edfico para esta enfermedad.<\/p>\n<p>La <strong><a href=\"https:\/\/www.cibercuba.com\/noticias\/2025-09-17-u1-e42839-s27061-nid311131-embajada-eeuu-alerta-aumento-robos-extorsiones\" rel=\"nofollow noopener\" target=\"_blank\">embajada<\/a><\/strong> dej\u00f3 varios contactos de asistencia: +(53) (7) 839-4100 (despu\u00e9s de horas: marque 1 y luego 0); y el correo <a href=\"https:\/\/www.cibercuba.com\/noticias\/mailto:acshavana@state.gov\" rel=\"nofollow noopener\" target=\"_blank\">acshavana@state.gov<\/a> para brindar ayuda a los viajeros.<\/p>\n<p>La situaci\u00f3n epidemiol\u00f3gica en Cuba es compleja desde hace varios meses con varias enfermedades como la <a href=\"https:\/\/www.cibercuba.com\/noticias\/2025-08-28-u1-e208574-s27061-nid309793-embajada-eeuu-emite-otra-alerta-sanitaria-hepatitis\" rel=\"nofollow noopener\" target=\"_blank\">Hepatitis<\/a> A, el dengue y el <strong>chikungunya<\/strong> circulando de forma simult\u00e1nea.<\/p>\n","protected":false},"excerpt":{"rendered":"La Embajada de Estados Unidos en Cuba emiti\u00f3 este martes una alerta sanitaria dirigida a los ciudadanos estadounidenses&hellip;\n","protected":false},"author":2,"featured_media":151345,"comment_status":"","ping_status":"","sticky":false,"template":"","format":"standard","meta":{"footnotes":""},"categories":[92],"tags":[37581,16105,11524,2216,45866,1293,25,24,629,165,4360,166,4367,23],"class_list":{"0":"post-151344","1":"post","2":"type-post","3":"status-publish","4":"format-standard","5":"has-post-thumbnail","7":"category-salud","8":"tag-alerta-sanitaria","9":"tag-atencion-de-salud","10":"tag-chikungunya","11":"tag-dengue","12":"tag-embajada-de-estados-unidos-en-cuba","13":"tag-enfermedades","14":"tag-es","15":"tag-espana","16":"tag-estados-unidos","17":"tag-health","18":"tag-noticias-de-cuba","19":"tag-salud","20":"tag-salud-en-cuba","21":"tag-spain"},"share_on_mastodon":{"url":"","error":""},"_links":{"self":[{"href":"https:\/\/www.europesays.com\/es\/wp-json\/wp\/v2\/posts\/151344","targetHints":{"allow":["GET"]}}],"collection":[{"href":"https:\/\/www.europesays.com\/es\/wp-json\/wp\/v2\/posts"}],"about":[{"href":"https:\/\/www.europesays.com\/es\/wp-json\/wp\/v2\/types\/post"}],"author":[{"embeddable":true,"href":"https:\/\/www.europesays.com\/es\/wp-json\/wp\/v2\/users\/2"}],"replies":[{"embeddable":true,"href":"https:\/\/www.europesays.com\/es\/wp-json\/wp\/v2\/comments?post=151344"}],"version-history":[{"count":0,"href":"https:\/\/www.europesays.com\/es\/wp-json\/wp\/v2\/posts\/151344\/revisions"}],"wp:featuredmedia":[{"embeddable":true,"href":"https:\/\/www.europesays.com\/es\/wp-json\/wp\/v2\/media\/151345"}],"wp:attachment":[{"href":"https:\/\/www.europesays.com\/es\/wp-json\/wp\/v2\/media?parent=151344"}],"wp:term":[{"taxonomy":"category","embeddable":true,"href":"https:\/\/www.europesays.com\/es\/wp-json\/wp\/v2\/categories?post=151344"},{"taxonomy":"post_tag","embeddable":true,"href":"https:\/\/www.europesays.com\/es\/wp-json\/wp\/v2\/tags?post=151344"}],"curies":[{"name":"wp","href":"https:\/\/api.w.org\/{rel}","templated":true}]}}