{"id":151346,"date":"2025-10-01T20:06:14","date_gmt":"2025-10-01T20:06:14","guid":{"rendered":"https:\/\/www.europesays.com\/es\/151346\/"},"modified":"2025-10-01T20:06:14","modified_gmt":"2025-10-01T20:06:14","slug":"la-casa-de-alba-recupera-un-retrato-olvidado-de-los-iii-duques-de-alba-que-tenia-el-duque-de-pastrana","status":"publish","type":"post","link":"https:\/\/www.europesays.com\/es\/151346\/","title":{"rendered":"La Casa de Alba recupera un retrato &#8216;olvidado&#8217; de los III duques de Alba que ten\u00eda el duque de Pastrana"},"content":{"rendered":"\n<p> En alg\u00fan sal\u00f3n de la residencia privada del duque de Pastrana, se encontraba un cuadro de autor desconocido pero de singular valor, por ser de los pocos retratos que existen de Mar\u00eda Enr\u00edquez de Toledo, la III duquesa de Alba. En \u00e9l, la dama aparece jovenc\u00edsima, en contraste con su marido, Fernando \u00c1lvarez de Toledo y Pimentel. Fue una cortes\u00eda del pintor de la que los visitantes al Palacio de Liria podr\u00e1n disfrutar gracias a la Fundaci\u00f3n Casa de Alba. La instituci\u00f3n <strong>se ha encargado de pedir prestado el retrato, restaurarlo y ahora lo mostrar\u00e1<\/strong> en di\u00e1logo con otra obra muy similar de la propia colecci\u00f3n de los Alba, un retrato del emperador Carlos V e Isabel de Portugal firmado por Rubens. <\/p>\n<p> La puesta de largo de la obra ha tenido lugar en el Palacio de Liria, en cuyo sal\u00f3n flamenco descansan ahora las dos piezas, frente a frente. \u00abEste programa nos dar\u00e1 la oportunidad de <strong>difundir obras que no est\u00e1n al acceso del p\u00fablico\u00bb<\/strong>, explic\u00f3 \u00c1lvaro Romero S\u00e1nchez-Arjona, director cultural de la Fundaci\u00f3n Casa de Alba, quien estuvo acompa\u00f1ado por Fernando Fitz-James Stuart, duque de Hu\u00e9scar, que <a href=\"https:\/\/www.vanitatis.elconfidencial.com\/famosos\/2025-09-16\/sofia-palazuelo-da-a-luz-madre-tercer-hijo-huescar_4197366\/\" target=\"_self\" rel=\"nofollow noopener\">acaba de convertirse en padre por tercera vez<\/a>. La Fundaci\u00f3n Casa de Alba est\u00e1 presidida por Carlos Fitz-James Stuart y Mart\u00ednez de Irujo, XIX duque de Alba, con apoyo de sus dos hijos (Fernando y Carlos) como patronos. La familia puesto <strong>especial empe\u00f1o en la difusi\u00f3n y apertura de su colecci\u00f3n<\/strong> de arte entre la sociedad, y esta es una muestra m\u00e1s. <\/p>\n<p>               Retrato de los III duques de Alba. Escuela espa\u00f1ola (1571). Colecci\u00f3n del duque de Pastrana. (Cortes\u00eda de la Fundaci\u00f3n Casa de Alba)               Retrato de Carlos V e Isabel de Portugal, Rubens. (Cortes\u00eda Fundaci\u00f3n Casa de Alba)             <\/p>\n<p> Cuando Romero habla de programa se refiere a lo que han bautizado como &#8216;Obra invitada&#8217;, un programa expositivo con vocaci\u00f3n anual que permitir\u00e1 contemplar piezas singulares relacionadas con los Alba y procedentes de colecciones privadas e instituciones, <strong>muchas de ellas inaccesibles<\/strong> fuera de su \u00e1mbito original. <\/p>\n<p> La iniciativa se estrena en el <strong>Sal\u00f3n Flamenco<\/strong> con este retrato doble de don Fernando \u00c1lvarez de Toledo y Pimentel, III duque de Alba, y de su esposa, Mar\u00eda Enr\u00edquez de Toledo, cedido por la colecci\u00f3n del duque de Pastrana. La pintura, restaurada para la ocasi\u00f3n, podr\u00e1 visitarse <strong>hasta el pr\u00f3ximo mes de febrero.<\/strong> Los especialistas la han fechado en la escuela espa\u00f1ola de comienzos del siglo XVII y destacan su filiaci\u00f3n con un c\u00e9lebre retrato perdido de Carlos V e Isabel de Portugal realizado por Tiziano, del que se conserva una <strong>versi\u00f3n de Rubens <\/strong>en la propia Casa de Alba. <\/p>\n<p>               Fernando Fitz-James Stuart y \u00c1lvaro Romero. (Gtres)             <\/p>\n<p> El cuadro muestra al Gran Duque en su<strong> faceta m\u00e1s militar, <\/strong>con armadura de gala, el Tois\u00f3n de Oro y bast\u00f3n de mando, evocando su papel como gobernador de los Pa\u00edses Bajos. Frente a \u00e9l, la duquesa aparece vestida de forma impecable, con saya blanca de damasco y sosteniendo un libro de oraciones, en lo que constituye el primer retrato conocido de la consorte del temido general. La yuxtaposici\u00f3n en el mismo espacio con el lienzo de Rubens permite al visitante <strong>comparar la evoluci\u00f3n del retrato cortesano<\/strong> entre el Renacimiento y el Barroco, en un di\u00e1logo visual poco com\u00fan. <\/p>\n<p> Con &#8216;<strong>Obra invitada&#8217;<\/strong>, la Casa de Alba da un paso m\u00e1s en su <a href=\"https:\/\/www.vanitatis.elconfidencial.com\/famosos\/2025-09-26\/palacio-de-liria-segunda-juventud-duque-alba-mas-cool_4216107\/\" target=\"_self\" rel=\"nofollow noopener\">consolidaci\u00f3n como actor cultural de referencia en Madrid<\/a>. <\/p>\n<p> En alg\u00fan sal\u00f3n de la residencia privada del duque de Pastrana, se encontraba un cuadro de autor desconocido pero de singular valor, por ser de los pocos retratos que existen de Mar\u00eda Enr\u00edquez de Toledo, la III duquesa de Alba. En \u00e9l, la dama aparece jovenc\u00edsima, en contraste con su marido, Fernando \u00c1lvarez de Toledo y Pimentel. Fue una cortes\u00eda del pintor de la que los visitantes al Palacio de Liria podr\u00e1n disfrutar gracias a la Fundaci\u00f3n Casa de Alba. La instituci\u00f3n <strong>se ha encargado de pedir prestado el retrato, restaurarlo y ahora lo mostrar\u00e1<\/strong> en di\u00e1logo con otra obra muy similar de la propia colecci\u00f3n de los Alba, un retrato del emperador Carlos V e Isabel de Portugal firmado por Rubens. <\/p>\n","protected":false},"excerpt":{"rendered":"En alg\u00fan sal\u00f3n de la residencia privada del duque de Pastrana, se encontraba un cuadro de autor desconocido&hellip;\n","protected":false},"author":2,"featured_media":151347,"comment_status":"","ping_status":"","sticky":false,"template":"","format":"standard","meta":{"footnotes":""},"categories":[91],"tags":[146,147,25,24,23],"class_list":{"0":"post-151346","1":"post","2":"type-post","3":"status-publish","4":"format-standard","5":"has-post-thumbnail","7":"category-entretenimiento","8":"tag-entertainment","9":"tag-entretenimiento","10":"tag-es","11":"tag-espana","12":"tag-spain"},"share_on_mastodon":{"url":"","error":""},"_links":{"self":[{"href":"https:\/\/www.europesays.com\/es\/wp-json\/wp\/v2\/posts\/151346","targetHints":{"allow":["GET"]}}],"collection":[{"href":"https:\/\/www.europesays.com\/es\/wp-json\/wp\/v2\/posts"}],"about":[{"href":"https:\/\/www.europesays.com\/es\/wp-json\/wp\/v2\/types\/post"}],"author":[{"embeddable":true,"href":"https:\/\/www.europesays.com\/es\/wp-json\/wp\/v2\/users\/2"}],"replies":[{"embeddable":true,"href":"https:\/\/www.europesays.com\/es\/wp-json\/wp\/v2\/comments?post=151346"}],"version-history":[{"count":0,"href":"https:\/\/www.europesays.com\/es\/wp-json\/wp\/v2\/posts\/151346\/revisions"}],"wp:featuredmedia":[{"embeddable":true,"href":"https:\/\/www.europesays.com\/es\/wp-json\/wp\/v2\/media\/151347"}],"wp:attachment":[{"href":"https:\/\/www.europesays.com\/es\/wp-json\/wp\/v2\/media?parent=151346"}],"wp:term":[{"taxonomy":"category","embeddable":true,"href":"https:\/\/www.europesays.com\/es\/wp-json\/wp\/v2\/categories?post=151346"},{"taxonomy":"post_tag","embeddable":true,"href":"https:\/\/www.europesays.com\/es\/wp-json\/wp\/v2\/tags?post=151346"}],"curies":[{"name":"wp","href":"https:\/\/api.w.org\/{rel}","templated":true}]}}