{"id":15135,"date":"2025-07-31T00:47:07","date_gmt":"2025-07-31T00:47:07","guid":{"rendered":"https:\/\/www.europesays.com\/es\/15135\/"},"modified":"2025-07-31T00:47:07","modified_gmt":"2025-07-31T00:47:07","slug":"luis-diaz-deja-liverpool-y-ficha-con-bayern-munich-con-contrato-de-cuatro-anos","status":"publish","type":"post","link":"https:\/\/www.europesays.com\/es\/15135\/","title":{"rendered":"Luis D\u00edaz deja Liverpool y ficha con Bayern M\u00fanich con contrato de cuatro a\u00f1os"},"content":{"rendered":"\n<p>M\u00daNICH\u00a0\u2014\u00a0M\u00daNICH (AP) \u2014 Bayern M\u00fanich fich\u00f3 al atacante colombiano Luis D\u00edaz, procedente de Liverpool, en la mayor adquisici\u00f3n del campe\u00f3n alem\u00e1n en lo que va del mercado de pases.<\/p>\n<p>D\u00edaz firm\u00f3 un contrato con el Bayern hasta el 30 de junio de 2029 y lucir\u00e1 el dorsal n\u00famero 14.<\/p>\n<p>La operaci\u00f3n equilibra el fuerte gasto de Liverpool este verano boreal. Seg\u00fan medios alemanes, el Bayern desembols\u00f3 75 millones de euros (87 millones de d\u00f3lares) por D\u00edaz.<\/p>\n<p>El Bayern recurre a los millones que recibi\u00f3 por su participaci\u00f3n en el Mundial de Clubes, una competici\u00f3n en la que Liverpool no se clasific\u00f3.<\/p>\n<p>\u201cLuis D\u00edaz es un jugador con experiencia internacional, de enorme calidad, tremendas aptitudes y gran fiabilidad. Ayudar\u00e1 a nuestro equipo de inmediato\u201d, destac\u00f3 Max Eberl, el director deportivo del Bayern. \u201cEste tipo de fichajes funcionan cuando cada rueda encaja en la otra\u201d.<\/p>\n<p><a class=\"link\" href=\"https:\/\/apnews.com\/article\/8943e21a5048a65d9dd89af1a556787b\" target=\"_blank\" rel=\"nofollow noopener\">D\u00edaz jug\u00f3 en Liverpool desde 2022<\/a> y anot\u00f3 17 goles en 50 partidos en todas las competiciones la temporada pasada, cuando el club conquist\u00f3 el t\u00edtulo de la Liga Premier.<\/p>\n<p>\u201cDesde hoy hago parte de esta linda familia\u201d, afirm\u00f3 D\u00edaz en espa\u00f1ol en un mensaje de video publicado en las cuentas de redes sociales del Bayern. <\/p>\n<p>\u201cSignifica mucho para m\u00ed formar parte del FC Bayern, es uno de los clubes m\u00e1s grandes del mundo. Quiero ayudar a mi nuevo equipo con mi forma de jugar al f\u00fatbol y mi personalidad\u201d, agreg\u00f3. <\/p>\n<p>D\u00edaz se va en medio de conjeturas sobre Isak<\/p>\n<p>Liverpool hab\u00eda desestimado los rumores sobre la salida del extremo colombiano de 28 a\u00f1os, pero el panorama cambi\u00f3 cuando fue excluido de la plantilla para un amistoso de pretemporada contra el AC Milan el s\u00e1bado.<\/p>\n<p>La salida de D\u00edaz se produce en una temporada baja en la que Liverpool ha gastado mucho para fortalecer un equipo que igual\u00f3 el r\u00e9cord de la primera divisi\u00f3n de Inglaterra con la conquista de su vig\u00e9simo t\u00edtulo.<\/p>\n<p>El t\u00e9cnico Arne Slot se ha concentrado en su ataque con los fichajes de <a class=\"link\" href=\"https:\/\/apnews.com\/article\/liga-premier-liverpool-florian-wirtz-5930f80e02fd596e0ec36056975614f4\" target=\"_blank\" rel=\"nofollow noopener\">Florian Wirtz<\/a> y <a class=\"link\" href=\"https:\/\/apnews.com\/article\/liverpool-ekitike-fichaje-7ea56a86b17bab9b9c3605dd51445804\" target=\"_blank\" rel=\"nofollow noopener\">Hugo Ekitike<\/a>. El gasto total de Liverpool ronda los 342 millones de d\u00f3lares y podr\u00eda haber m\u00e1s llegadas antes del cierre de la ventana de transferencias el 1 de septiembre.<\/p>\n<p>La oferta del Bayern parece haber sido demasiado buena para rechazar y podr\u00eda aumentar la especulaci\u00f3n de que los Reds ir\u00e1n ahora por Alexander Isak, el delantero sueco de Newcastle.<\/p>\n<p>D\u00edaz lleg\u00f3 a Liverpool, procedente del FC Porto por un monto inicial de 45 millones de euros (50 millones de d\u00f3lares) en 2022, y reemplaz\u00f3 a Sadio Man\u00e9, quien se fue al Bayern. La estrella colombiano sali\u00f3 campe\u00f3n de la Premier, la Copa FA y en dos ediciones de la Copa de la Liga Inglesa durante su etapa en Anfield.<\/p>\n<p>La conexi\u00f3n alemana de Liverpool<\/p>\n<p>Alemania ha tenido un papel importante en los recientes compras de Liverpool, ya que el club fich\u00f3 al volante ofensivo Wirtz y al lateral derecho Jeremie Frimpong del Bayer Leverkusen, adem\u00e1s del delantero Ekitik\u00e9 del Eintracht Frankfurt. Tambi\u00e9n vendi\u00f3 al defensor Jarell Quansah al Leverkusen.<\/p>\n<p>Se trata de la primera gran cifra que el Bayern paga este verano tras recaudar dinero con l la venta del delantero Mathys Tel a Tottenham. Tambi\u00e9n redujo su n\u00f3mina con las salidas de los delanteros Thomas M\u00fcller y Leroy San\u00e9.<\/p>\n<p>Los fichajes del Bayern por el defensor Jonathan Tah del Leverkusen y del joven mediocampista Tom Bischof de Hoffenheim involucraron peque\u00f1as sumas para hacerlos elegibles para el Mundial de Clubes.<\/p>\n","protected":false},"excerpt":{"rendered":"M\u00daNICH\u00a0\u2014\u00a0M\u00daNICH (AP) \u2014 Bayern M\u00fanich fich\u00f3 al atacante colombiano Luis D\u00edaz, procedente de Liverpool, en la mayor adquisici\u00f3n&hellip;\n","protected":false},"author":2,"featured_media":15136,"comment_status":"","ping_status":"","sticky":false,"template":"","format":"standard","meta":{"footnotes":""},"categories":[93],"tags":[1611,10083,9710,1798,10084,106,168,779,7988,622,25,24,557,1238,9709,7818,1965,23,167,1152],"class_list":{"0":"post-15135","1":"post","2":"type-post","3":"status-publish","4":"format-standard","5":"has-post-thumbnail","7":"category-deportes","8":"tag-ano","9":"tag-bayer-leverkusen","10":"tag-bayern-munich","11":"tag-club","12":"tag-colombiano","13":"tag-contrato","14":"tag-deportes","15":"tag-diaz","16":"tag-dolares","17":"tag-equipo","18":"tag-es","19":"tag-espana","20":"tag-fichaje","21":"tag-liverpool","22":"tag-luis-diaz","23":"tag-millon","24":"tag-salida","25":"tag-spain","26":"tag-sports","27":"tag-temporada"},"share_on_mastodon":{"url":"","error":""},"_links":{"self":[{"href":"https:\/\/www.europesays.com\/es\/wp-json\/wp\/v2\/posts\/15135","targetHints":{"allow":["GET"]}}],"collection":[{"href":"https:\/\/www.europesays.com\/es\/wp-json\/wp\/v2\/posts"}],"about":[{"href":"https:\/\/www.europesays.com\/es\/wp-json\/wp\/v2\/types\/post"}],"author":[{"embeddable":true,"href":"https:\/\/www.europesays.com\/es\/wp-json\/wp\/v2\/users\/2"}],"replies":[{"embeddable":true,"href":"https:\/\/www.europesays.com\/es\/wp-json\/wp\/v2\/comments?post=15135"}],"version-history":[{"count":0,"href":"https:\/\/www.europesays.com\/es\/wp-json\/wp\/v2\/posts\/15135\/revisions"}],"wp:featuredmedia":[{"embeddable":true,"href":"https:\/\/www.europesays.com\/es\/wp-json\/wp\/v2\/media\/15136"}],"wp:attachment":[{"href":"https:\/\/www.europesays.com\/es\/wp-json\/wp\/v2\/media?parent=15135"}],"wp:term":[{"taxonomy":"category","embeddable":true,"href":"https:\/\/www.europesays.com\/es\/wp-json\/wp\/v2\/categories?post=15135"},{"taxonomy":"post_tag","embeddable":true,"href":"https:\/\/www.europesays.com\/es\/wp-json\/wp\/v2\/tags?post=15135"}],"curies":[{"name":"wp","href":"https:\/\/api.w.org\/{rel}","templated":true}]}}