{"id":151352,"date":"2025-10-01T20:09:10","date_gmt":"2025-10-01T20:09:10","guid":{"rendered":"https:\/\/www.europesays.com\/es\/151352\/"},"modified":"2025-10-01T20:09:10","modified_gmt":"2025-10-01T20:09:10","slug":"detenidos-en-alemania-tres-presuntos-miembros-de-hamas-acusados-de-preparar-un-atentado-contra-instituciones-judias-o-israelies-el-mundo","status":"publish","type":"post","link":"https:\/\/www.europesays.com\/es\/151352\/","title":{"rendered":"Detenidos en Alemania tres presuntos miembros de Hamas acusados de preparar un atentado contra instituciones jud\u00edas o israel\u00edes &#8211; El Mundo"},"content":{"rendered":"<ol>\n<li><a href=\"https:\/\/news.google.com\/rss\/articles\/CBMigwFBVV95cUxQU0NNdnB4ZVVlTWZzbXVoQ1BUbnYydDBUdWtDNTBoN3RvNXlRZ0w5RFkycjhta2VkLXdSVno1VlpoWFFZVEVLaUpFdDd2TVFQX0U1cWIyTTZYbzE5cWtfOUxxT3JxeTJyTTZlRmdJd0l6NDlZMDB2cGpmb1JUcVV5S3UzZw?oc=5\" target=\"_blank\" rel=\"nofollow noopener\">Detenidos en Alemania tres presuntos miembros de Hamas acusados de preparar un atentado contra instituciones jud\u00edas o israel\u00edes<\/a>&nbsp;&nbsp;El Mundo<\/li>\n<li><a href=\"https:\/\/news.google.com\/rss\/articles\/CBMiqgFBVV95cUxNQjdOOF9jcEtPWkFiNHVoREpEdVBQVzJrQWZheXoyVC0ySHQ4TUppMFAwSER2S3E4ZFNvMHBqRlFhNFNQT083dkZ5YUYxY1oxLW5OblU2eDVmX2x4Mlh3cE1IdHVNNUNGT3FMOHZzOHVIQm5CeEpXX1cxY0FfcmJ6TFNtdkVZT2tmbVlsSnZ2aE1aeHFxd0h5MmFGX0FGUGVwNU9TOFNTTXp5Zw?oc=5\" target=\"_blank\" rel=\"nofollow noopener\">La Polic\u00eda alemana detiene a tres miembros de Ham\u00e1s en Berl\u00edn por sospechas de un posible ataque en instituciones jud\u00edas<\/a>&nbsp;&nbsp;ABC<\/li>\n<li><a href=\"https:\/\/news.google.com\/rss\/articles\/CBMinwFBVV95cUxONHZPS1Z3R0VuNWQ4TFFZTnIxeHVncEdTZzN1bkdYYU0xNC1FM05UeWdOV3I0bzhrMWNKS0VIQXUzYWNNd1Q3eDlrTG5lYnBvMFFlU2ZoNDJqYVNZRmNQNEtwUFBQRzM3dzJZVE9PQ1RHQ1V1ektsZTVGTmRqVGFVNlU4R0x4cWh6bnlwUjNSUkliX2xleXlsN1lZSWhtMEXSAaQBQVVfeXFMT0VCdkZoODd4TVk4eUNLeW5HcVoyMV9HVXRyZGlBbHRfMjU3SFB5cE01a193UWFjd242RFFnX1Z6VTZYT2hKdm5Ic1BJQWUtVlBrcXl6bU9DcjRUU1JVODRtQ0oyam1TSWllZ2tiRF9ZX2N3LTFrXzFsS2FCOG1qN2VKOGMweXZHdEZ4azN6N1hMRy1DcEJiNlJ1el9WXzNpaWM5NkE?oc=5\" target=\"_blank\" rel=\"nofollow noopener\">Alemania detiene a tres presuntos miembros de Ham\u00e1s que planeaban atentados<\/a>&nbsp;&nbsp;El Confidencial<\/li>\n<li><a href=\"https:\/\/news.google.com\/rss\/articles\/CBMiswFBVV95cUxOSU42c05xLTgxVTBvVkI3djR3SXc2NXY0ZmdJN216VWtOSHUzTEhXaTU1TTY4bVoxXzkwbjB4N3FZbmpoS2JlLTNOczdGRXA1ZldZSnRkeHA3UEVlYmg3UFVubFBqWmdYX19YM1JhS2VPNXdqcThYY2JaSkd2M0FVZXA0N3NQc1F6ZmNfNjVJUmlkUC1uNndlNlliOGUxZFF1c2hRX1kwanJ5cHpDc1Q5UmFsNA?oc=5\" target=\"_blank\" rel=\"nofollow noopener\">Detenidos en Berl\u00edn tres presuntos miembros de Hamas que iban a atentar contra entidades jud\u00edas<\/a>&nbsp;&nbsp;La Vanguardia<\/li>\n<li><a href=\"https:\/\/news.google.com\/rss\/articles\/CBMi6AFBVV95cUxQWmZKZ2hDZEZfbVNueDh2WTNtUzlySFdZVHdFZVZieGVTUy03QVJHdU11eWhndEN0NVhFQUstQzZhWUZWZE1JX19RUW5VYU1ZMDlEWGt6U0VSM2RhSEI0YnZ3bC1naUFuVFFjTVVqc3pXbEc5SnBoOXBQQW9YeG9wYU81UE9IdFBYZ2lzckpPSHVuaWluM25xNmdMeEJ4eUlBaXdqVTBQSGVIX0p0SHlTNkFOZlhMckFFeWFFZlBrZ3VRZ21INVl1YTROdmVJNUl4alBuTVdDX0dTMmhJTlpEcWM2eGt2ay1E0gHoAUFVX3lxTE81d3d6RF9ieU9TUEpXYlZQdFd5azJiLWJCUkp1TU9PR1JHM1pXUUd6ZDgzbHNQWWdLc1cyQk5Nc3BjeDlrd19CcFVZZHdCVHdIdWRfZ0pQb0RtbUNHME8zamhpMXRxRDNHZ0NfemdHbjRWYUpsTXp6TjlxdDlEUVhaSk9rNE85MFI4aEpGdFdYUHo1RmRldnhNNEZjYTZRSjQxWktvS2hrVV9WRmhEU25OX1d5Mnh4MHBLVXZidlQ5NkE1ZWlHYzV5YzhjRVNvMkNzN3JTcWpZaVRQNUZZZGR0TEZuaEUxcEk?oc=5\" target=\"_blank\" rel=\"nofollow noopener\">Detienen en Alemania a tres miembros de Ham\u00e1s bajo sospecha de planear un atentado en el pa\u00eds<\/a>&nbsp;&nbsp;LaSexta<\/li>\n<\/ol>\n","protected":false},"excerpt":{"rendered":"Detenidos en Alemania tres presuntos miembros de Hamas acusados de preparar un atentado contra instituciones jud\u00edas o israel\u00edes&nbsp;&nbsp;El&hellip;\n","protected":false},"author":2,"featured_media":151353,"comment_status":"","ping_status":"","sticky":false,"template":"","format":"standard","meta":{"footnotes":""},"categories":[42],"tags":[1660,17,18,13,14,75,11,61,62,63,64,19,20,9,10,15,16,12,21,22,65,66,67],"class_list":{"0":"post-151352","1":"post","2":"type-post","3":"status-publish","4":"format-standard","5":"has-post-thumbnail","7":"category-internacional","8":"tag-alemania","9":"tag-breaking-news","10":"tag-breakingnews","11":"tag-featured-news","12":"tag-featurednews","13":"tag-hamas","14":"tag-headlines","15":"tag-internacional","16":"tag-international","17":"tag-international-news","18":"tag-internationalnews","19":"tag-latest-news","20":"tag-latestnews","21":"tag-news","22":"tag-noticias","23":"tag-noticias-destacadas","24":"tag-noticiasdestacadas","25":"tag-titulares","26":"tag-ultimas-noticias","27":"tag-ultimasnoticias","28":"tag-world","29":"tag-world-news","30":"tag-worldnews"},"share_on_mastodon":{"url":"","error":""},"_links":{"self":[{"href":"https:\/\/www.europesays.com\/es\/wp-json\/wp\/v2\/posts\/151352","targetHints":{"allow":["GET"]}}],"collection":[{"href":"https:\/\/www.europesays.com\/es\/wp-json\/wp\/v2\/posts"}],"about":[{"href":"https:\/\/www.europesays.com\/es\/wp-json\/wp\/v2\/types\/post"}],"author":[{"embeddable":true,"href":"https:\/\/www.europesays.com\/es\/wp-json\/wp\/v2\/users\/2"}],"replies":[{"embeddable":true,"href":"https:\/\/www.europesays.com\/es\/wp-json\/wp\/v2\/comments?post=151352"}],"version-history":[{"count":0,"href":"https:\/\/www.europesays.com\/es\/wp-json\/wp\/v2\/posts\/151352\/revisions"}],"wp:featuredmedia":[{"embeddable":true,"href":"https:\/\/www.europesays.com\/es\/wp-json\/wp\/v2\/media\/151353"}],"wp:attachment":[{"href":"https:\/\/www.europesays.com\/es\/wp-json\/wp\/v2\/media?parent=151352"}],"wp:term":[{"taxonomy":"category","embeddable":true,"href":"https:\/\/www.europesays.com\/es\/wp-json\/wp\/v2\/categories?post=151352"},{"taxonomy":"post_tag","embeddable":true,"href":"https:\/\/www.europesays.com\/es\/wp-json\/wp\/v2\/tags?post=151352"}],"curies":[{"name":"wp","href":"https:\/\/api.w.org\/{rel}","templated":true}]}}