{"id":151356,"date":"2025-10-01T20:11:12","date_gmt":"2025-10-01T20:11:12","guid":{"rendered":"https:\/\/www.europesays.com\/es\/151356\/"},"modified":"2025-10-01T20:11:12","modified_gmt":"2025-10-01T20:11:12","slug":"ultima-hora-de-la-flotilla-y-de-la-guerra-entre-israel-y-gaza-en-directo-el-periodico","status":"publish","type":"post","link":"https:\/\/www.europesays.com\/es\/151356\/","title":{"rendered":"\u00daltima hora de la flotilla y de la guerra entre Israel y Gaza, en directo &#8211; El Peri\u00f3dico"},"content":{"rendered":"<ol>\n<li><a href=\"https:\/\/news.google.com\/rss\/articles\/CBMitwFBVV95cUxOOVl3R09HcEMwcXlnbFBBYUs1Vm9GenhHVTVSRGgySHVaNGNIamczNlhlNVItOVFrXzlvM0Rlb3hMOGpVNnUwNnBGRHl0MkhjWkI5Z3NxS0RuT0hJSlhDaGJjSmh3WG5tS051UnhkRzNobjF4SWJsYUdIN3JqTkE1ZjlrM241VjVuWDlVeVMwX0tzMmFzS2ZiY2VvVGRQOWNqUU5VSkxOVk9SNUc1VnFXMDVFb0hIbGs?oc=5\" target=\"_blank\" rel=\"nofollow noopener\">\u00daltima hora de la flotilla y de la guerra entre Israel y Gaza, en directo<\/a>&nbsp;&nbsp;El Peri\u00f3dico<\/li>\n<li><a href=\"https:\/\/news.google.com\/rss\/articles\/CBMinwFBVV95cUxQX285WEdnTU5OMkFWcldNS2JVS1NLbG42blVaRm1xalFrUU40WUp0ZEFIV1NDNldQQUVvd0F4VG9qQ003cEFUbGJwZkVIVzZ3eVpOYWF6cmtidUdNQUpLNkhobEJmeXROOXI0WDY5VXhsaDNXTHNxb2Vka19fbDdQb1FjS2VOSEkxaEZ3VVFnOTlwcWxPc1JaWnQwQThJaDA?oc=5\" target=\"_blank\" rel=\"nofollow noopener\">El Ej\u00e9rcito de Israel intercepta al menos dos barcos de la flotilla de Gaza, incluyendo el de Ada Colau<\/a>&nbsp;&nbsp;ABC<\/li>\n<li><a href=\"https:\/\/news.google.com\/rss\/articles\/CBMinAFBVV95cUxNalRYSC04TEkyeUVSVmlVQVVtLVd0X01GVlF1UF9ibndkOUFtNE5jTjlaR1RMUVM2ZnFoWEY3WGtuUXBkazUwSDRLeHZiVXdoNTJWV1FKbDRTUzFPRjhTM0ZYOGZMaG9JS2owdFlsdEtKVGZXcXRzRU1URlpQTkliS3hralRMUWhpWmVfWlI4akpPcUJIYWttZzZLOHQ?oc=5\" target=\"_blank\" rel=\"nofollow noopener\">El \u00faltimo v\u00eddeo de Ada Colau desde la flotilla: \u201cSi est\u00e1s viendo esto es porque Israel nos ha detenido ilegalmente\u201d<\/a>&nbsp;&nbsp;elDiario.es<\/li>\n<li><a href=\"https:\/\/news.google.com\/rss\/articles\/CBMinAFBVV95cUxOVndTZGlQRWVmQ1VBYTVuSkxsRkNRQVlwRndLTHFVdVBndlM3WmxabkV1aVI5M0lXRmZiS3V5VWpVNEk0UjJGd1VidVdJNDdLd3BudGJqZzJUbWlKcUk2a0NTbkhkcnp2NUtrVmNmNnFvWFlwa3NRUkFyV3BxR2hGNjU1UmcxZ1RPVHg2NEJiUmxaUDh5VUlmRjZ3ZGbSAaIBQVVfeXFMUHBRNmJVQzBDcDBfcDhjSXhhMHZOTVhPRW40UWVfdFRjekt3dURIN2x1WDY5ZWk5dU1xa1dDTFFEVXFYblpBa3kzTW1iVFlRVDh1MlUtemxINnRXaXJieUNZaXlCNVJDbU5PVDN5ZE1qSFJhcEt2SmlEb3Bhd1lORl9GM2t5b280RDliV2tFM1loaVRZcE1mWmFTWTdIUEZWVEd3?oc=5\" target=\"_blank\" rel=\"nofollow noopener\">Flotilla direcci\u00f3n a Gaza: intercepci\u00f3n del barco por Israel y \u00faltima hora del Sumud, en directo<\/a>&nbsp;&nbsp;El Confidencial<\/li>\n<li><a href=\"https:\/\/news.google.com\/rss\/articles\/CBMi4wFBVV95cUxPSDdldHpERVpyWmZnMjVEaFBMRHlUUndENWtfVXIwT1VFaGtfdHR6M3duQmNhT0djTHBKWlpxeEx2c2lzZzhRSVhZdHZmbHlFTldBZ2gwNnhWVG41OFZoeGlwd1pSTXBnUmVudzJCWWNtUFZHNG9ySnVUbTdmU0N6SDhhbF9mYkJiVVNJWllWOVc2NkR2NFI0eHd2anhxamtrcjlvTUUxS0poSjFqclRNazdVYnZUSVBaUlBlRUI1U3c5Z0Q1dkxCRFJhQUZydV80RWVjUklEWGIwMHVQZVlMTXZ4Y9IB6AFBVV95cUxNampKeFFxTmpnYnQ0czcxODlGQmNVZTZEeVVULXctR0VFTFY4V3NvS2oxMFB0Zi1wMDJ6RG9NdFpvUEFMRjAtVXp3eFhPbWFHMWR0S21MOG4zdlBDY1VYempvOWZPd1VSelBvdE1MYlpVemxoZzJadTR3OWVXY3pSOFRYX1VvclctbU1aMVBfRFBlbm9YLWNJWjdBSlcyOVpPTC1DblJtWWJCcTJTck5GZHMwM09WcnhhLVZWVXFSQzhGRDBHczhXZWs4Uk5nZTR1RkNZaU10ODBfdk9fVUxZdk95cUR3RS1N?oc=5\" target=\"_blank\" rel=\"nofollow noopener\">Israel cumple su amenaza y comienza a interceptar a la Flotilla para impedir que rompa el bloqueo de la Franja de Gaza<\/a>&nbsp;&nbsp;El Espa\u00f1ol<\/li>\n<\/ol>\n","protected":false},"excerpt":{"rendered":"\u00daltima hora de la flotilla y de la guerra entre Israel y Gaza, en directo&nbsp;&nbsp;El Peri\u00f3dico El Ej\u00e9rcito&hellip;\n","protected":false},"author":2,"featured_media":151357,"comment_status":"","ping_status":"","sticky":false,"template":"","format":"standard","meta":{"footnotes":""},"categories":[5],"tags":[41527,17,18,12495,115,25,24,13,14,1256,694,69,75,11,315,3137,74,19,20,9,10,15,16,23,12,41526,21,22],"class_list":{"0":"post-151356","1":"post","2":"type-post","3":"status-publish","4":"format-standard","5":"has-post-thumbnail","7":"category-titulares","8":"tag-binyamin-netanyahu","9":"tag-breaking-news","10":"tag-breakingnews","11":"tag-conflicto-israel-palestina","12":"tag-eeuu","13":"tag-es","14":"tag-espana","15":"tag-featured-news","16":"tag-featurednews","17":"tag-franja-de-gaza","18":"tag-gaza","19":"tag-guerra","20":"tag-hamas","21":"tag-headlines","22":"tag-hoy","23":"tag-iran","24":"tag-israel","25":"tag-latest-news","26":"tag-latestnews","27":"tag-news","28":"tag-noticias","29":"tag-noticias-destacadas","30":"tag-noticiasdestacadas","31":"tag-spain","32":"tag-titulares","33":"tag-ultima-hora-directo","34":"tag-ultimas-noticias","35":"tag-ultimasnoticias"},"share_on_mastodon":{"url":"","error":""},"_links":{"self":[{"href":"https:\/\/www.europesays.com\/es\/wp-json\/wp\/v2\/posts\/151356","targetHints":{"allow":["GET"]}}],"collection":[{"href":"https:\/\/www.europesays.com\/es\/wp-json\/wp\/v2\/posts"}],"about":[{"href":"https:\/\/www.europesays.com\/es\/wp-json\/wp\/v2\/types\/post"}],"author":[{"embeddable":true,"href":"https:\/\/www.europesays.com\/es\/wp-json\/wp\/v2\/users\/2"}],"replies":[{"embeddable":true,"href":"https:\/\/www.europesays.com\/es\/wp-json\/wp\/v2\/comments?post=151356"}],"version-history":[{"count":0,"href":"https:\/\/www.europesays.com\/es\/wp-json\/wp\/v2\/posts\/151356\/revisions"}],"wp:featuredmedia":[{"embeddable":true,"href":"https:\/\/www.europesays.com\/es\/wp-json\/wp\/v2\/media\/151357"}],"wp:attachment":[{"href":"https:\/\/www.europesays.com\/es\/wp-json\/wp\/v2\/media?parent=151356"}],"wp:term":[{"taxonomy":"category","embeddable":true,"href":"https:\/\/www.europesays.com\/es\/wp-json\/wp\/v2\/categories?post=151356"},{"taxonomy":"post_tag","embeddable":true,"href":"https:\/\/www.europesays.com\/es\/wp-json\/wp\/v2\/tags?post=151356"}],"curies":[{"name":"wp","href":"https:\/\/api.w.org\/{rel}","templated":true}]}}