{"id":151366,"date":"2025-10-01T20:19:12","date_gmt":"2025-10-01T20:19:12","guid":{"rendered":"https:\/\/www.europesays.com\/es\/151366\/"},"modified":"2025-10-01T20:19:12","modified_gmt":"2025-10-01T20:19:12","slug":"arturo-valls-fan-zone-musica-el-valencia-basket-prepara-una-gran-fiesta-para-estrenar-el-roig-arena","status":"publish","type":"post","link":"https:\/\/www.europesays.com\/es\/151366\/","title":{"rendered":"Arturo Valls, fan zone, m\u00fasica&#8230; el Valencia Basket prepara una gran fiesta para estrenar el Roig Arena"},"content":{"rendered":"<p class=\"ft-text\"><strong>Se acerca el gran d\u00eda, el momento que la afici\u00f3n taronja lleva a\u00f1os esperando<\/strong>, desde que empezaron las obras del nuevo pabell\u00f3n taronja.<strong> El Roig Arena abrir\u00e1 sus puertas por primera vez en &#8216;modo baloncesto&#8217; este viernes 3 de octubre<\/strong> y el <strong>Valencia Basket<\/strong> prepara una gran fiesta para celebrarl<a class=\"ft-link ft-link--decoration\" href=\"https:\/\/www.superdeporte.es\/valencia-basket\/2025\/09\/09\/fecha-horario-debut-valencia-basket-roig-arena-121382510.html\" rel=\"nofollow noopener\" target=\"_blank\">o. Ser\u00e1 en la segunda jornada de la Euroliga en la que los de Pedro Mart\u00ednez recibir\u00e1n a la Virtus de Bolonia<\/a>. El partido empezar\u00e1 oficialmente a las<strong> 20:30 horas<\/strong>, pero la fiesta de inauguraci\u00f3n del Roig Arena, lo har\u00e1 mucho antes.<\/p>\n<p>Opening Day<\/p>\n<p class=\"ft-text\"><a class=\"ft-link ft-link--decoration\" href=\"https:\/\/www.superdeporte.es\/valencia-basket\/2025\/09\/16\/venta-entradas-primeros-partidos-roig-arena-valencia-basket-121639098.html\" rel=\"nofollow noopener\" target=\"_blank\">El club ha catalogado este partido como &#8216;Opening Day&#8217; ya que ser\u00e1 el primero del equipo masculino en el Roig Arena.<\/a> El equipo masculino tendr\u00e1 tambi\u00e9n su propio Opening Day que ser\u00e1 el 12 de octubre coincidiendo con el primer partido en casa de las de <strong>Rub\u00e9n Burgos, a las 12:30 h. ante el IDK Euskotren <\/strong>en la segunda jornada de la <a class=\"ft-link ft-link--decoration\" href=\"https:\/\/www.lfendesa.es\/inicio.aspx\" rel=\"nofollow noopener\" target=\"_blank\">Liga F Endesa.<\/a><\/p>\n<p class=\"ft-text\"><strong>El partido de este viernes ante la Virtus de Bolonia ser\u00e1 muy especial <\/strong>y para celebrarlo, el club ha preparado un gran n\u00famero de actividades. El partido empieza a las 20:30 horas, pero, antes, <strong>a las 19:50 h. se celebrar\u00e1 la ceremonia de inauguraci\u00f3n que ser\u00e1 presentada por el valenciano Arturo Valls.<\/strong><\/p>\n<p>Fan Zone<\/p>\n<p class=\"ft-text\"><strong> Adem\u00e1s, desde mucho antes, desde las 17:00 horas y hasta las 19:30 h. el club pondr\u00e1 en marcha un &#8216;Fan Zone<\/strong>&#8216; especial para la ocasi\u00f3n situada junto a la entrada principal del <a class=\"ft-link ft-link--decoration\" href=\"https:\/\/www.roigarena.com\/es\/\" rel=\"nofollow noopener\" target=\"_blank\">Roig Arena<\/a> con animaci\u00f3n, y con un escenario en el que habr\u00e1 muchas sorpresas. El debut del Valencia Basket en su nuevo pabell\u00f3n ha despertado gran expectaci\u00f3n. Adem\u00e1s de los 11.000 abonados que han adquirido el pase para toda la temporada, la venta del resto de entradas va a muy buen ritmo y se espera un ambientazo taronja.<\/p>\n<p><img decoding=\"async\" src=\"https:\/\/www.europesays.com\/es\/wp-content\/uploads\/2025\/10\/89a17a19-6c47-42b5-bf9c-9641aa8c3b35_alta-libre-aspect-ratio_default_0.jpg\" width=\"1200\" height=\"800\" alt=\"El club instalar\u00e1 una Fan Zone con actividades\" class=\"ft-helper-img-rd\" loading=\"lazy\" hasdataaida=\"true\"\/><\/p>\n<p class=\"ft-helper-fontColor-quaternary ft-helper-fontSize-body-S ft-helper-spacer-t-xxs\">El club instalar\u00e1 una Fan Zone con actividades  \/ JM L\u00f3pez \/ JM LOPEZ<\/p>\n","protected":false},"excerpt":{"rendered":"Se acerca el gran d\u00eda, el momento que la afici\u00f3n taronja lleva a\u00f1os esperando, desde que empezaron las&hellip;\n","protected":false},"author":2,"featured_media":151367,"comment_status":"","ping_status":"","sticky":false,"template":"","format":"standard","meta":{"footnotes":""},"categories":[269],"tags":[35695,19221,45868,299,298,168,25,24,1055,833,8470,185,2915,23,167,2916,45867,45869,26289],"class_list":{"0":"post-151366","1":"post","2":"type-post","3":"status-publish","4":"format-standard","5":"has-post-thumbnail","7":"category-baloncesto","8":"tag-aficion-taronja","9":"tag-arturo","10":"tag-arturo-valls","11":"tag-baloncesto","12":"tag-basketball","13":"tag-deportes","14":"tag-es","15":"tag-espana","16":"tag-estreno","17":"tag-euroliga","18":"tag-fan","19":"tag-musica","20":"tag-roig-arena","21":"tag-spain","22":"tag-sports","23":"tag-valencia-basket","24":"tag-valls","25":"tag-virtus-bolonia","26":"tag-zone"},"share_on_mastodon":{"url":"","error":""},"_links":{"self":[{"href":"https:\/\/www.europesays.com\/es\/wp-json\/wp\/v2\/posts\/151366","targetHints":{"allow":["GET"]}}],"collection":[{"href":"https:\/\/www.europesays.com\/es\/wp-json\/wp\/v2\/posts"}],"about":[{"href":"https:\/\/www.europesays.com\/es\/wp-json\/wp\/v2\/types\/post"}],"author":[{"embeddable":true,"href":"https:\/\/www.europesays.com\/es\/wp-json\/wp\/v2\/users\/2"}],"replies":[{"embeddable":true,"href":"https:\/\/www.europesays.com\/es\/wp-json\/wp\/v2\/comments?post=151366"}],"version-history":[{"count":0,"href":"https:\/\/www.europesays.com\/es\/wp-json\/wp\/v2\/posts\/151366\/revisions"}],"wp:featuredmedia":[{"embeddable":true,"href":"https:\/\/www.europesays.com\/es\/wp-json\/wp\/v2\/media\/151367"}],"wp:attachment":[{"href":"https:\/\/www.europesays.com\/es\/wp-json\/wp\/v2\/media?parent=151366"}],"wp:term":[{"taxonomy":"category","embeddable":true,"href":"https:\/\/www.europesays.com\/es\/wp-json\/wp\/v2\/categories?post=151366"},{"taxonomy":"post_tag","embeddable":true,"href":"https:\/\/www.europesays.com\/es\/wp-json\/wp\/v2\/tags?post=151366"}],"curies":[{"name":"wp","href":"https:\/\/api.w.org\/{rel}","templated":true}]}}