{"id":15137,"date":"2025-07-31T00:48:07","date_gmt":"2025-07-31T00:48:07","guid":{"rendered":"https:\/\/www.europesays.com\/es\/15137\/"},"modified":"2025-07-31T00:48:07","modified_gmt":"2025-07-31T00:48:07","slug":"virus-respiratorios-como-la-gripe-despiertan-celulas-metastasicas-de-cancer-de-mama-en-los-pulmones","status":"publish","type":"post","link":"https:\/\/www.europesays.com\/es\/15137\/","title":{"rendered":"Virus respiratorios como la gripe &#8216;despiertan&#8217; c\u00e9lulas metast\u00e1sicas de c\u00e1ncer de mama en los pulmones"},"content":{"rendered":"<p class=\"article-text\">\n        El c\u00e1ncer de mama es el m\u00e1s diagnosticado entre las mujeres y una de sus principales causas de muerte es la met\u00e1stasis, que a menudo aparece a\u00f1os despu\u00e9s de la remisi\u00f3n inicial. En este contexto, las c\u00e9lulas tumorales diseminadas permanecen inactivas durante largos periodos en \u00f3rganos como los pulmones.\n    <\/p>\n<p class=\"article-text\">\n        Ahora, un estudio publicado en <a href=\"https:\/\/www.nature.com\/articles\/s41586-025-09332-0\" target=\"_blank\" data-mrf-recirculation=\"links-noticia\" class=\"link\" rel=\"nofollow noopener\">Nature<\/a> revela que la infecci\u00f3n por virus respiratorios influye de forma decisiva en la evoluci\u00f3n del c\u00e1ncer de mama, incluso a\u00f1os despu\u00e9s del diagn\u00f3stico inicial.\n    <\/p>\n<p class=\"article-text\">\n        El equipo, liderado por James DeGregori, del campus m\u00e9dico Anschutz de la Universidad de Colorado (EE UU), ha demostrado en ratones que pat\u00f3genos como el de la gripe y el SARS-CoV-2 pueden desencadenar una respuesta inflamatoria en los pulmones que reactiva c\u00e9lulas tumorales dormidas, lo que conduce a la formaci\u00f3n de met\u00e1stasis en apenas dos semanas.\n    <\/p>\n<p class=\"article-text\">\n        Los autores observaron que las infecciones virales provocan una inflamaci\u00f3n en el pulm\u00f3n que despierta c\u00e9lulas cancerosas que llevaban mucho tiempo en estado latente. El estudio identifica a la de la citoquina interleucina-6 (IL-6) como una v\u00eda clave implicada en este proceso.\n    <\/p>\n<p>    Datos cl\u00ednicos de biobancos<\/p>\n<p class=\"article-text\">\n        El trabajo tambi\u00e9n incluye un an\u00e1lisis de datos cl\u00ednicos que refuerza los resultados obtenidos en ratones. En el Biobanco del Reino Unido (4 837 participantes, con diversos tipos de c\u00e1ncer), las personas con antecedentes de c\u00e1ncer que dieron positivo en SARS-CoV-2 presentaron casi el doble de riesgo de fallecer por c\u00e1ncer que aquellas no infectadas.\n    <\/p>\n<p class=\"article-text\">\n        Por su parte, los datos de Flatiron Health \u2014que agrupan informaci\u00f3n de m\u00e1s de 36 000 mujeres con c\u00e1ncer de mama\u2014 indican que las pacientes que pasaron la covid tuvieron un 44 % m\u00e1s de riesgo de desarrollar met\u00e1stasis pulmonares.\n    <\/p>\n<p class=\"article-text\">\n        Estas conclusiones, se\u00f1ala DeGregori en declaraciones a SINC, tienen implicaciones importantes para el seguimiento cl\u00ednico de las pacientes oncol\u00f3gicas. \u201cTeniendo en cuenta los resultados experimentales y epidemiol\u00f3gicos, una estrategia segura para una superviviente de c\u00e1ncer ser\u00eda evitar las infecciones, ya sea mediante la vacunaci\u00f3n, el uso de mascarillas, el distanciamiento social u otras precauciones\u201d, explica. \u201cPor supuesto, cada persona debe decidir por s\u00ed misma cu\u00e1l es su nivel de riesgo aceptable que equilibra la necesidad de vivir su vida\u201d.\n    <\/p>\n<p class=\"article-text\">\n        Aunque el trabajo se centra en el c\u00e1ncer de mama, los autores prev\u00e9n ampliar el estudio a otros tipos tumorales: \u201cNo hemos realizado estos estudios, pero est\u00e1n previstos\u201d, afirma el investigador.\n    <\/p>\n<p>    <strong>Aplicaci\u00f3n en tratamientos preventivos<\/strong><\/p>\n<p class=\"article-text\">\n        El papel de IL-6 como desencadenante de la reactivaci\u00f3n tumoral abre la puerta a posibles tratamientos preventivos. Sin embargo, el investigador matiza que \u201cse necesitar\u00e1n m\u00e1s estudios\u201d.\n    <\/p>\n<p class=\"article-text\">\n        \u201cAunque hemos demostrado que la IL-6 era necesaria para el despertar de las c\u00e9lulas cancerosas latentes, las respuestas inflamatorias pueden ser importantes para eliminar el virus. No querr\u00edamos exacerbar la infecci\u00f3n. Estamos trabajando en v\u00edas que podr\u00edan proporcionar los beneficios \u2014menor expansi\u00f3n del c\u00e1ncer\u2014 sin los efectos secundarios, es decir, que la enfermedad viral no empeore\u201d, apunta.\n    <\/p>\n<p class=\"article-text\">\n        Finalmente, DeGregori subraya que los datos obtenidos en modelos animales deben interpretarse con cautela. \u201cLa magnitud de la expansi\u00f3n en el modelo murino no debe trasladarse directamente a los seres humanos. Sabemos que el riesgo aumenta en las personas que han superado un c\u00e1ncer y luego contraen la covid-19, pero se necesitan m\u00e1s estudios para determinar con mayor precisi\u00f3n el riesgo relativo\u201d.\n    <\/p>\n<p>    <a href=\"https:\/\/www.eldiario.es\/sociedad\/nuevas-pruebas-relacion-polucion-cancer-pulmon-genera-mutaciones-parecidas-tabaco_1_12433234.html\" data-mrf-recirculation=\"saber-mas-abajo\" data-dl-event=\"saber-mas-abajo\" rel=\"nofollow noopener\" target=\"_blank\"><\/p>\n<p class=\"know-more__title\">Los virus respiratorios \u2018despiertan\u2019 c\u00e9lulas metast\u00e1sicas de c\u00e1ncer de mama en los pulmones<\/p>\n<p>            <img decoding=\"async\" class=\"lazy\" loading=\"lazy\" data-src=\"https:\/\/static.eldiario.es\/clip\/3d53845c-64b8-4dd5-8760-8216a7f1348f_16-9-aspect-ratio_default_0.jpg\" src=\"data:image\/svg+xml,%3Csvg xmlns=\" http:=\"\" viewbox=\"0 0 880 495\" alt=\"Nuevas pruebas de la relaci\u00f3n entre poluci\u00f3n y c\u00e1ncer de pulm\u00f3n: genera mutaciones parecidas a las del tabaco\"\/><\/p>\n<p>                        <\/a><\/p>\n<p class=\"article-text\">\n        Para los autores, los hallazgos ponen de manifiesto la necesidad de medidas cl\u00ednicas y de salud p\u00fablica que mitiguen el riesgo de met\u00e1stasis asociado a las infecciones respiratorias en millones de personas supervivientes de c\u00e1ncer.\n    <\/p>\n","protected":false},"excerpt":{"rendered":"El c\u00e1ncer de mama es el m\u00e1s diagnosticado entre las mujeres y una de sus principales causas de&hellip;\n","protected":false},"author":2,"featured_media":15138,"comment_status":"","ping_status":"","sticky":false,"template":"","format":"standard","meta":{"footnotes":""},"categories":[92],"tags":[1066,1021,10086,25,24,7749,165,4917,10087,10088,10085,166,23,2275],"class_list":{"0":"post-15137","1":"post","2":"type-post","3":"status-publish","4":"format-standard","5":"has-post-thumbnail","7":"category-salud","8":"tag-cancer","9":"tag-celulas","10":"tag-despiertan","11":"tag-es","12":"tag-espana","13":"tag-gripe","14":"tag-health","15":"tag-mama","16":"tag-metastasicas","17":"tag-pulmones","18":"tag-respiratorios","19":"tag-salud","20":"tag-spain","21":"tag-virus"},"share_on_mastodon":{"url":"","error":""},"_links":{"self":[{"href":"https:\/\/www.europesays.com\/es\/wp-json\/wp\/v2\/posts\/15137","targetHints":{"allow":["GET"]}}],"collection":[{"href":"https:\/\/www.europesays.com\/es\/wp-json\/wp\/v2\/posts"}],"about":[{"href":"https:\/\/www.europesays.com\/es\/wp-json\/wp\/v2\/types\/post"}],"author":[{"embeddable":true,"href":"https:\/\/www.europesays.com\/es\/wp-json\/wp\/v2\/users\/2"}],"replies":[{"embeddable":true,"href":"https:\/\/www.europesays.com\/es\/wp-json\/wp\/v2\/comments?post=15137"}],"version-history":[{"count":0,"href":"https:\/\/www.europesays.com\/es\/wp-json\/wp\/v2\/posts\/15137\/revisions"}],"wp:featuredmedia":[{"embeddable":true,"href":"https:\/\/www.europesays.com\/es\/wp-json\/wp\/v2\/media\/15138"}],"wp:attachment":[{"href":"https:\/\/www.europesays.com\/es\/wp-json\/wp\/v2\/media?parent=15137"}],"wp:term":[{"taxonomy":"category","embeddable":true,"href":"https:\/\/www.europesays.com\/es\/wp-json\/wp\/v2\/categories?post=15137"},{"taxonomy":"post_tag","embeddable":true,"href":"https:\/\/www.europesays.com\/es\/wp-json\/wp\/v2\/tags?post=15137"}],"curies":[{"name":"wp","href":"https:\/\/api.w.org\/{rel}","templated":true}]}}