{"id":151370,"date":"2025-10-01T20:21:08","date_gmt":"2025-10-01T20:21:08","guid":{"rendered":"https:\/\/www.europesays.com\/es\/151370\/"},"modified":"2025-10-01T20:21:08","modified_gmt":"2025-10-01T20:21:08","slug":"me-encanta-pasar-temporadas-alli-pero-no-me-veo-viviendo","status":"publish","type":"post","link":"https:\/\/www.europesays.com\/es\/151370\/","title":{"rendered":"Me encanta pasar temporadas all\u00ed, pero no me veo viviendo"},"content":{"rendered":"<p><b>Elsa Pataky<\/b> es una de las mujeres espa\u00f1olas m\u00e1s cotizadas en el panorama medi\u00e1tico. <b>Sonsoles \u00d3nega<\/b> ha podido hablar con ella en una entrevista exclusiva en la que han repasado su historia desde el principio.<\/p>\n<p>La modelo y actriz asegura que su infancia en Espa\u00f1a es uno de sus recuerdos m\u00e1s bonitos. All\u00ed comenz\u00f3 a trabajar y descubri\u00f3 su pasi\u00f3n por la interpretaci\u00f3n desde muy joven.<\/p>\n<p>Sin embargo, <b>el amor le llev\u00f3 a mudarse a Australia<\/b>, donde vive junto a su marido<b> Chris Hemsworth<\/b> y sus <b>tres hijos<\/b> en com\u00fan. All\u00ed, conviven con animales y naturaleza que hacen de su hogar un para\u00edso.<\/p>\n<p>\u00ab<b>Me encanta pasar temporadas en Espa\u00f1a<\/b>, pero me encanta vivir donde vivo\u00bb, asegura. Para ella, crear una familia en Australia es un sue\u00f1o que por fin ha podido cumplir.<\/p>\n<p>Tras<b> 15 a\u00f1os de matrimonio,<\/b> para Elsa Pataky el secreto de su matrimonio es ir siempre de la mano con Chris.<b> \u00abHay que invertir trabajo y tiempo en la otra persona\u00bb<\/b>, afirma.<\/p>\n<p>Elsa se abre en canal canal y nos cuenta que se encuentra en su momento m\u00e1s dulce. \u00a1No te pierdas su entrevista en el v\u00eddeo de arriba!<\/p>\n","protected":false},"excerpt":{"rendered":"Elsa Pataky es una de las mujeres espa\u00f1olas m\u00e1s cotizadas en el panorama medi\u00e1tico. Sonsoles \u00d3nega ha podido&hellip;\n","protected":false},"author":2,"featured_media":151371,"comment_status":"","ping_status":"","sticky":false,"template":"","format":"standard","meta":{"footnotes":""},"categories":[174],"tags":[255,146,147,25,24,256,23],"class_list":{"0":"post-151370","1":"post","2":"type-post","3":"status-publish","4":"format-standard","5":"has-post-thumbnail","7":"category-famosos","8":"tag-celebrities","9":"tag-entertainment","10":"tag-entretenimiento","11":"tag-es","12":"tag-espana","13":"tag-famosos","14":"tag-spain"},"share_on_mastodon":{"url":"","error":""},"_links":{"self":[{"href":"https:\/\/www.europesays.com\/es\/wp-json\/wp\/v2\/posts\/151370","targetHints":{"allow":["GET"]}}],"collection":[{"href":"https:\/\/www.europesays.com\/es\/wp-json\/wp\/v2\/posts"}],"about":[{"href":"https:\/\/www.europesays.com\/es\/wp-json\/wp\/v2\/types\/post"}],"author":[{"embeddable":true,"href":"https:\/\/www.europesays.com\/es\/wp-json\/wp\/v2\/users\/2"}],"replies":[{"embeddable":true,"href":"https:\/\/www.europesays.com\/es\/wp-json\/wp\/v2\/comments?post=151370"}],"version-history":[{"count":0,"href":"https:\/\/www.europesays.com\/es\/wp-json\/wp\/v2\/posts\/151370\/revisions"}],"wp:featuredmedia":[{"embeddable":true,"href":"https:\/\/www.europesays.com\/es\/wp-json\/wp\/v2\/media\/151371"}],"wp:attachment":[{"href":"https:\/\/www.europesays.com\/es\/wp-json\/wp\/v2\/media?parent=151370"}],"wp:term":[{"taxonomy":"category","embeddable":true,"href":"https:\/\/www.europesays.com\/es\/wp-json\/wp\/v2\/categories?post=151370"},{"taxonomy":"post_tag","embeddable":true,"href":"https:\/\/www.europesays.com\/es\/wp-json\/wp\/v2\/tags?post=151370"}],"curies":[{"name":"wp","href":"https:\/\/api.w.org\/{rel}","templated":true}]}}