{"id":151372,"date":"2025-10-01T20:24:12","date_gmt":"2025-10-01T20:24:12","guid":{"rendered":"https:\/\/www.europesays.com\/es\/151372\/"},"modified":"2025-10-01T20:24:12","modified_gmt":"2025-10-01T20:24:12","slug":"que-fue-de-malena-alterio-la-actriz-que-interpreto-a-belen-en-aqui-no-hay-quien-viva-y-abandono-lqsa-de-manera-inesperada","status":"publish","type":"post","link":"https:\/\/www.europesays.com\/es\/151372\/","title":{"rendered":"Qu\u00e9 fue de Malena Alterio, la actriz que interpret\u00f3 a Bel\u00e9n en \u2018Aqu\u00ed no hay quien viva\u2019 y abandon\u00f3 \u2018LQSA\u2019 de manera inesperada"},"content":{"rendered":"<p class=\"\"><b>Malena Alterio<\/b> es una de las actrices espa\u00f1olas con mayor reputaci\u00f3n y curr\u00edculum dentro de la escena cinematogr\u00e1fica nacional. A sus <b>51 a\u00f1os <\/b>de edad, la nacida en Buenos Aires, Argentina, aunque con pasaporte espa\u00f1ol, se ha labrado una extensa y exitosa trayectoria a nivel profesional, la cual le ha permitido aparecer en<b> algunas de las producciones audiovisuales m\u00e1s relevantes en la historia de Espa\u00f1a<\/b>.<\/p>\n<p class=\"\">Desde bien peque\u00f1a, Alterio estuvo <b>ligada al mundo del arte y la interpretaci\u00f3n<\/b>. Es hija del <b>actor Carlos Alterio<\/b> y de la <b>psicoanalista argentina \u00c1ngela Bacaicoa<\/b>. Sin embargo, para hablar de sus inicios en el \u00e1mbito actoral hay que remontarse a finales de los a\u00f1os 90 y principios del siguiente siglo. En el a\u00f1o <b>2000<\/b>, la nacida en Argentina tuvo su primera oportunidad en la gran pantalla con la <b>comedia \u2018El palo\u2019<\/b>.<\/p>\n<p class=\"\">A\u00f1os despu\u00e9s, m\u00e1s concretamente en <b>2003<\/b>, Malena Alterio particip\u00f3 en<b> \u2018Aqu\u00ed no hay quien viva\u2019<\/b>, serie que le cambiar\u00eda la vida y le servir\u00eda como plataforma de lanzamiento hacia la fama y el \u00e9xito a nivel nacional. Delante de las c\u00e1maras, la actriz dio vida a <b>Bel\u00e9n L\u00f3pez V\u00e1zquez<\/b>, un personaje que fue capaz de hacerse un hueco en el coraz\u00f3n de miles de espectadores.<\/p>\n<p class=\"\"><b>Entre los a\u00f1os 2003 y 2006<\/b>, la nacida en Buenos Aires se entreg\u00f3, en cuerpo y alma, a su papel en \u2018ANHQV\u2019. Sin embargo, el final de la ic\u00f3nica producci\u00f3n espa\u00f1ola provoc\u00f3 que la actriz tuviese que buscar <b>alternativas laborales<\/b>, las cuales, dicho sea de paso, no tardar\u00edan en llegar. En <b>2007<\/b>, Alterio form\u00f3 parte de la <b>primera temporada de<\/b> <b>\u2018La que se avecina\u2019<\/b>, la cual, al mismo tiempo, fue la \u00fanica de la int\u00e9rprete en la serie dirigida por los hermanos Caballero (Laura y Alberto).<\/p>\n<p>Premio Goya a Mejor Int\u00e9rprete Femenina en 2024<\/p>\n<p class=\"\">La carrera interpretativa de Malena Alterio no se limita a sus apariciones en \u2018Aqu\u00ed no hay quien viva\u2019 y \u2018La que se avecina\u2019. En el \u00e1mbito de la peque\u00f1a pantalla, la actriz ha formado parte de <b>m\u00e1s de 20 pel\u00edculas y multitud de series<\/b>, destacando algunas producciones como<b> \u2018Al final del camino\u2019, \u2018Cinco metros cuadrados\u2019, \u2018Supercharly\u2019, \u2018Rabia\u2019, o \u2018Se\u00f1oras del (h)AMPA\u2019<\/b>, entre otras.<\/p>\n<p class=\"\">No obstante, el gran hito en la carrera de la actriz tuvo lugar en <b>2024<\/b>. Malena fue <b>protagonista del largometraje \u2018Que nadie duerma\u2019<\/b> y, por su interpretaci\u00f3n, fue galardonada con diversos premios como el <b>Premio de la Uni\u00f3n de Actores, el premio Feroz, el Premio Forqu\u00e9\u2026 Y el Premio Goya a Mejor Int\u00e9rprete Femenina<\/b>. <\/p>\n<p>Vida actual<\/p>\n<p class=\"\">En la actualidad, Malena Alterio vive <b>centrada tanto en su familia como en el desarrollo de su faceta profesional<\/b>. En relaci\u00f3n al \u00e1mbito privado, la int\u00e9rprete siempre se ha mostrado como una <b>persona reservada<\/b>, que prefiere vivir una <b>vida de bajo perfil<\/b> cuando est\u00e1 alejada de las c\u00e1maras y los flashes que protagonizan el \u00e1mbito cinematogr\u00e1fico.<\/p>\n<p>Noticias relacionadas<a href=\"https:\/\/as.com\/tikitakas\/famosos\/malena-alterio-rompe-con-su-personaje-de-aqui-no-hay-quien-viva-me-cansa-un-poco-n\/?noti=tikitakas_mod_port\" class=\"s_m_w\" title=\"La int\u00e9rprete de Bel\u00e9n asegura que tiene much\u00edsimo cari\u00f1o a la serie, pero que a veces detesta que \u00fanicamente se la reconozca por ese papel.\" data-tb-link=\"\" rel=\"nofollow noopener\" target=\"_blank\"><img decoding=\"async\" src=\"https:\/\/www.europesays.com\/es\/wp-content\/uploads\/2025\/10\/NHDVVU4ZYRBR7KDPVW5XAJH4C4.jpg\" alt=\"Malena Alterio \u2018rompe\u2019 con su personaje de \u2018Aqu\u00ed no hay quien viva\u2019: \u201cMe cansa un poco\u201d\" class=\"\" height=\"1\" width=\"1\"   loading=\"lazy\" data-tb-thumbnail=\"\"\/><\/a><a href=\"https:\/\/as.com\/tikitakas\/malena-alterio-habla-del-humillante-rechazo-de-un-director-y-su-paso-por-aqui-no-hay-quien-viva-n\/?noti=tikitakas_mod_port\" class=\"s_m_w\" title=\"La actriz ha hablado de c\u00f3mo lleg\u00f3 a afectarle la fama a ra\u00edz de su paso por la serie de Antena 3: \u201cEmpez\u00f3 a pegar much\u00edsimo\u201d.\" data-tb-link=\"\" rel=\"nofollow noopener\" target=\"_blank\"><img decoding=\"async\" src=\"https:\/\/www.europesays.com\/es\/wp-content\/uploads\/2025\/10\/YC3WODA7BVBUJGACMIC6XRTG6M.png\" alt=\"Malena Alterio habla del \u201chumillante\u201d rechazo de un director y su paso por \u2018Aqu\u00ed no hay quien viva\u2019\" class=\"\" height=\"1\" width=\"1\"   loading=\"lazy\" data-tb-thumbnail=\"\"\/><\/a><\/p>\n<p class=\"\">En redes sociales, <b>su presencia es comedida<\/b>. En Instagram, donde Malena a\u00fana <b>m\u00e1s de cien mil seguidores<\/b>, la actriz no duda en compartir diversas \u2018histories\u2019 y publicaciones relacionadas con su familia o con su trabajo.<\/p>\n<p class=\"\"><b>\u00a1Tus opiniones importan!<\/b> Comenta en los art\u00edculos y suscr\u00edbete gratis a nuestra <a href=\"https:\/\/asfan.as.com\/newsletters\/\" target=\"_blank\" rel=\"nofollow noopener\" title=\"https:\/\/asfan.as.com\/newsletters\/\">newsletter<\/a> y a las alertas informativas en la <a href=\"https:\/\/as.com\/aplicacion-de-as-n\/\" target=\"_blank\" rel=\"nofollow noopener\" title=\"https:\/\/as.com\/aplicacion-de-as-n\/\">App<\/a> o el canal de <a href=\"https:\/\/www.whatsapp.com\/channel\/0029VaAasdA7j6g745nz9M10\" target=\"_blank\" rel=\"nofollow noopener\" title=\"https:\/\/www.whatsapp.com\/channel\/0029VaAasdA7j6g745nz9M10\">WhatsApp<\/a>. \u00bfBuscas licenciar contenido? Haz clic <a href=\"https:\/\/profesional.elpais.com\/soluciones-sindicacion?utm_medium=interno&amp;utm_source=crosslinking&amp;utm_campaign=sindicacion_as_pie_articulos\" target=\"_blank\" rel=\"nofollow noopener\" title=\"https:\/\/profesional.elpais.com\/soluciones-sindicacion?utm_medium=interno&amp;utm_source=crosslinking&amp;utm_campaign=sindicacion_as_pie_articulos\">aqu\u00ed<\/a><\/p>\n","protected":false},"excerpt":{"rendered":"Malena Alterio es una de las actrices espa\u00f1olas con mayor reputaci\u00f3n y curr\u00edculum dentro de la escena cinematogr\u00e1fica&hellip;\n","protected":false},"author":2,"featured_media":151373,"comment_status":"","ping_status":"","sticky":false,"template":"","format":"standard","meta":{"footnotes":""},"categories":[171],"tags":[146,147,25,24,23,214],"class_list":{"0":"post-151372","1":"post","2":"type-post","3":"status-publish","4":"format-standard","5":"has-post-thumbnail","7":"category-tv","8":"tag-entertainment","9":"tag-entretenimiento","10":"tag-es","11":"tag-espana","12":"tag-spain","13":"tag-tv"},"share_on_mastodon":{"url":"","error":""},"_links":{"self":[{"href":"https:\/\/www.europesays.com\/es\/wp-json\/wp\/v2\/posts\/151372","targetHints":{"allow":["GET"]}}],"collection":[{"href":"https:\/\/www.europesays.com\/es\/wp-json\/wp\/v2\/posts"}],"about":[{"href":"https:\/\/www.europesays.com\/es\/wp-json\/wp\/v2\/types\/post"}],"author":[{"embeddable":true,"href":"https:\/\/www.europesays.com\/es\/wp-json\/wp\/v2\/users\/2"}],"replies":[{"embeddable":true,"href":"https:\/\/www.europesays.com\/es\/wp-json\/wp\/v2\/comments?post=151372"}],"version-history":[{"count":0,"href":"https:\/\/www.europesays.com\/es\/wp-json\/wp\/v2\/posts\/151372\/revisions"}],"wp:featuredmedia":[{"embeddable":true,"href":"https:\/\/www.europesays.com\/es\/wp-json\/wp\/v2\/media\/151373"}],"wp:attachment":[{"href":"https:\/\/www.europesays.com\/es\/wp-json\/wp\/v2\/media?parent=151372"}],"wp:term":[{"taxonomy":"category","embeddable":true,"href":"https:\/\/www.europesays.com\/es\/wp-json\/wp\/v2\/categories?post=151372"},{"taxonomy":"post_tag","embeddable":true,"href":"https:\/\/www.europesays.com\/es\/wp-json\/wp\/v2\/tags?post=151372"}],"curies":[{"name":"wp","href":"https:\/\/api.w.org\/{rel}","templated":true}]}}