{"id":151376,"date":"2025-10-01T20:26:10","date_gmt":"2025-10-01T20:26:10","guid":{"rendered":"https:\/\/www.europesays.com\/es\/151376\/"},"modified":"2025-10-01T20:26:10","modified_gmt":"2025-10-01T20:26:10","slug":"cuando-se-estrena-en-cines-antes-de-su-llegada-a-la-plataforma","status":"publish","type":"post","link":"https:\/\/www.europesays.com\/es\/151376\/","title":{"rendered":"cu\u00e1ndo se estrena en cines antes de su llegada a la plataforma"},"content":{"rendered":"\n<ul class=\"bodyList bodyList--unordered\">\n<li class=\"bodyList__item\"><strong><a href=\"https:\/\/www.elconfidencial.com\/cultura\/2025-08-30\/guillermo-del-toro-deslumbra-en-venecia-con-su-apabullante-frankesntein_4199436\/\" target=\"_self\" rel=\"nofollow noopener\">Guillermo del Toro deslumbra en Venecia con un Frankenstein tan apabullante como filos\u00f3fico<\/a><\/strong><\/li>\n<li class=\"bodyList__item\"><strong><a href=\"https:\/\/www.elconfidencial.com\/cultura\/cine\/2025-09-26\/batalla-tras-otra-dicaprio-sean-penn-oscar_4215105\/\" target=\"_self\" rel=\"nofollow noopener\">Oscars a la vista: DiCaprio y Sean Penn se disputan la pantalla en Una batalla tras otra<\/a><\/strong><\/li>\n<\/ul>\n<p> La plataforma de streaming Netflix ha revelado el tr\u00e1iler final de <a href=\"https:\/\/www.elconfidencial.com\/cultura\/2025-08-30\/guillermo-del-toro-deslumbra-en-venecia-con-su-apabullante-frankesntein_4199436\/\" target=\"_self\" rel=\"nofollow noopener\">Frankenstein<\/a>, la esperada pel\u00edcula dirigida por <strong>Guillermo del Toro<\/strong> que promete convertirse en uno de los grandes estrenos del a\u00f1o. El popular servicio de v\u00eddeo bajo demanda (VOD) apuesta fuerte por esta adaptaci\u00f3n del cl\u00e1sico de Mary Shelley, con un reparto encabezado por <a href=\"https:\/\/www.elconfidencial.com\/cultura\/cine\/2019-01-04\/oscar-isaac-olivia-wilde-romantica-cine-drama_1737118\/\" target=\"_self\" rel=\"nofollow noopener\">Oscar Isaac<\/a>, <a href=\"https:\/\/www.elconfidencial.com\/television\/series-tv\/2024-01-22\/jacob-elordi-demasiado-mayor-tercera-temporada-euphoria_3815512\/\" target=\"_self\" rel=\"nofollow noopener\">Jacob Elordi<\/a> y <a href=\"https:\/\/www.elconfidencial.com\/cultura\/cine\/2017-03-24\/gore-verbinski-cura-del-bienestar-mia-goth_1353351\/\" target=\"_self\" rel=\"nofollow noopener\">Mia Goth<\/a>, en un proyecto que danza con el terror, el drama y la inconfundible visi\u00f3n g\u00f3tica del cineasta mexicano. <\/p>\n<p> El avance, que ampl\u00eda lo mostrado en el primer teaser, comienza con la voz de la criatura creada en el laboratorio, que ofrece su versi\u00f3n de los hechos. El monstruo creado por <a href=\"https:\/\/www.elconfidencial.com\/alma-corazon-vida\/2022-03-26\/tumbas-profanadas-y-cadaveres-robados-frankenstein-origen_3396518\/\" target=\"_self\" rel=\"nofollow noopener\">V\u00edctor Frankenstein<\/a> no solo busca a su creador, sino que expresa de manera directa su deseo de pertenencia. El proyecto se adentra en los dilemas morales del cient\u00edfico y en la tragedia existencial de la criatura, subrayando que ambos est\u00e1n destinados a <strong>convertirse en la perdici\u00f3n del otro<\/strong>. <\/p>\n<p>              <img decoding=\"async\" class=\"inTextNews__img\" alt=\"Foto: guillermo-del-toro-presenta-frankenstein-festival-venecia-1qrt\" src=\"https:\/\/www.europesays.com\/es\/wp-content\/uploads\/2025\/10\/f.elconfidencial.com\/original\/363\/b26\/773\/363b26773af3eea6df2b1a6ad525651b.jpg\"  \/>     <\/p>\n<p>TE PUEDE INTERESAR<\/p>\n<p>      <a class=\"inTextNews__title\" href=\"https:\/\/www.elconfidencial.com\/cultura\/cine\/2025-09-02\/guillermo-del-toro-presenta-frankenstein-festival-venecia-1qrt_4200728\/\" onclick=\"window.ECCO.emit(&#039;amplitude&#039;, { dataEventName: &#039;click_related_article_module&#039;, data: { related_article_url: &#039;https:\/\/www.elconfidencial.com\/cultura\/cine\/2025-09-02\/guillermo-del-toro-presenta-frankenstein-festival-venecia-1qrt_4200728\/&#039;, related_article_author: &#039;Alberto Richart&#039;, related_article_section: &#039;cine&#039; } })\" rel=\"nofollow noopener\" target=\"_blank\"> Guillermo del Toro, director de cine, sobre su nuevo &#8216;Frankenstein&#8217;: \u00abHe estado creando este banquete para ti\u00bb <\/a>   <\/p>\n<p>    A. R.   <\/p>\n<p> La est\u00e9tica visual caracter\u00edstica de Del Toro y las hondas emociones sobre lo humano Oscar por <a href=\"https:\/\/www.elconfidencial.com\/cultura\/cine\/2018-02-16\/la-forma-del-agua-guillermo-del-toro-oscars_1520694\/\" target=\"_self\" rel=\"nofollow noopener\">La forma del agua<\/a>, ha trabajado <strong>durante m\u00e1s de quince a\u00f1os<\/strong> para dar vida a su particular visi\u00f3n de Frankenstein. <\/p>\n<p> Con un elenco de lujo en el que tambi\u00e9n figuran <strong>Christoph Waltz, Charles Dance y Lars Mikkelsen<\/strong>, la cinta refuerza las aspiraciones de Netflix de competir en la temporada de premios, especialmente despu\u00e9s de que pasase por festivales como Venecia y San Sebasti\u00e1n. Tambi\u00e9n se pasar\u00e1 en el <a href=\"https:\/\/www.elconfidencial.com\/cultura\/cine\/2025-09-30\/festival-de-sitges-pelicula-terror-perro-1qrt_4219094\/\" target=\"_self\" rel=\"nofollow noopener\">Festival de Sitges<\/a>, el pr\u00f3ximo 17 de octubre. <\/p>\n<p>Tr\u00e1iler de &#8216;Frankenstein&#8217;. (Netflix)<\/p>\n<p> La pel\u00edcula, que ya iba despertando expectaci\u00f3n desde la publicaci\u00f3n de sus primeras im\u00e1genes, llegar\u00e1 primero a salas seleccionadas <strong>el 24 de octubre<\/strong>, y posteriormente estar\u00e1 disponible de forma global en <a href=\"https:\/\/www.elconfidencial.com\/tags\/temas\/peliculas-de-netflix-19496\/\" target=\"_self\" rel=\"nofollow noopener\">Netflix<\/a> el 7 de noviembre. Con este doble estreno, la compa\u00f1\u00eda busca consolidar la presencia de sus producciones en la gran pantalla y, al mismo tiempo, atraer a millones de espectadores a su cat\u00e1logo. <\/p>\n","protected":false},"excerpt":{"rendered":"Guillermo del Toro deslumbra en Venecia con un Frankenstein tan apabullante como filos\u00f3fico Oscars a la vista: DiCaprio&hellip;\n","protected":false},"author":2,"featured_media":151377,"comment_status":"","ping_status":"","sticky":false,"template":"","format":"standard","meta":{"footnotes":""},"categories":[169],"tags":[177,146,147,25,24,176,175,23],"class_list":{"0":"post-151376","1":"post","2":"type-post","3":"status-publish","4":"format-standard","5":"has-post-thumbnail","7":"category-cine","8":"tag-cine","9":"tag-entertainment","10":"tag-entretenimiento","11":"tag-es","12":"tag-espana","13":"tag-film","14":"tag-movies","15":"tag-spain"},"share_on_mastodon":{"url":"","error":""},"_links":{"self":[{"href":"https:\/\/www.europesays.com\/es\/wp-json\/wp\/v2\/posts\/151376","targetHints":{"allow":["GET"]}}],"collection":[{"href":"https:\/\/www.europesays.com\/es\/wp-json\/wp\/v2\/posts"}],"about":[{"href":"https:\/\/www.europesays.com\/es\/wp-json\/wp\/v2\/types\/post"}],"author":[{"embeddable":true,"href":"https:\/\/www.europesays.com\/es\/wp-json\/wp\/v2\/users\/2"}],"replies":[{"embeddable":true,"href":"https:\/\/www.europesays.com\/es\/wp-json\/wp\/v2\/comments?post=151376"}],"version-history":[{"count":0,"href":"https:\/\/www.europesays.com\/es\/wp-json\/wp\/v2\/posts\/151376\/revisions"}],"wp:featuredmedia":[{"embeddable":true,"href":"https:\/\/www.europesays.com\/es\/wp-json\/wp\/v2\/media\/151377"}],"wp:attachment":[{"href":"https:\/\/www.europesays.com\/es\/wp-json\/wp\/v2\/media?parent=151376"}],"wp:term":[{"taxonomy":"category","embeddable":true,"href":"https:\/\/www.europesays.com\/es\/wp-json\/wp\/v2\/categories?post=151376"},{"taxonomy":"post_tag","embeddable":true,"href":"https:\/\/www.europesays.com\/es\/wp-json\/wp\/v2\/tags?post=151376"}],"curies":[{"name":"wp","href":"https:\/\/api.w.org\/{rel}","templated":true}]}}