{"id":151380,"date":"2025-10-01T20:28:12","date_gmt":"2025-10-01T20:28:12","guid":{"rendered":"https:\/\/www.europesays.com\/es\/151380\/"},"modified":"2025-10-01T20:28:12","modified_gmt":"2025-10-01T20:28:12","slug":"a-partir-de-ahora-debes-vacunarte-frente-a-la-gripe-aviar-si-perteneces-a-estos-grupos","status":"publish","type":"post","link":"https:\/\/www.europesays.com\/es\/151380\/","title":{"rendered":"a partir de ahora, debes vacunarte frente a la gripe aviar si perteneces a estos grupos"},"content":{"rendered":"<p>El Grupo Asesor Estrat\u00e9gico de Expertos sobre Inmunizaci\u00f3n (SAGE, por sus siglas en ingl\u00e9s) de la Organizaci\u00f3n Mundial de la Salud (<b>OMS<\/b>) ha recomendado vacunar contra la influenza A(<b>H5<\/b>), gripe aviar, a grupos de poblaci\u00f3n de alto riesgo durante los per\u00edodos interpand\u00e9micos y de emergencia.<\/p>\n<p>En profundidad<\/p>\n<p>As\u00ed lo ha comunicado la OMS despu\u00e9s de las distintas reuniones que mantuvo el SAGE entre el 22 y el 25 de septiembre, en las que los expertos abordaron el contexto mundial en inmunizaci\u00f3n y <b>plantearon varias recomendaciones para mejorar las coberturas y mejorar la protecci\u00f3n de la poblaci\u00f3n<\/b>.<\/p>\n<p>En lo que respecta a la vacunaci\u00f3n de la gripe aviar, los grupos con mayor riesgo de infecci\u00f3n y a los que se dirigir\u00eda la inmunizaci\u00f3n planteada son el personal de primera respuesta en brotes de influenza zoon\u00f3tica, los trabajadores sanitarios que eval\u00faan y manejan casos humanos sospechosos o confirmados, incluidos los posibles vacunadores, y las personas en contacto continuo con animales o sus entornos en \u00e1reas geogr\u00e1ficas<b> donde se han reportado infecciones animales o humanas<\/b>.<\/p>\n<p>Durante las jornadas de encuentro, los expertos se\u00f1alaron que la cobertura mundial de vacunaci\u00f3n ha recuperado en gran medida los niveles prepandemia, aunque puntualizaron que persisten grandes diferencias entre pa\u00edses. Adem\u00e1s, aseveraron que los programas de inmunizaci\u00f3n se enfrentan a un panorama cada vez m\u00e1s complejo como resultado de la inestabilidad geopol\u00edtica, las limitaciones de la financiaci\u00f3n mundial, la reducci\u00f3n de presupuestos de salud nacionales y los cambios en las arquitecturas sanitarias.<\/p>\n<p>En esta l\u00ednea, han destacado la importancia de la alianza en torno a la Agenda de Inmunizaci\u00f3n 2030 (AI2030) para seguir apoyando a los pa\u00edses que lo necesiten en el refuerzo de sus sistemas de inmunizaci\u00f3n. Para ello, ha instado a revisar las estructuras de la agenda a nivel global y regional para fortalecer el enfoque en<b> impulsar acciones coordinadas hacia prioridades comunes en todos los niveles<\/b>.<\/p>\n<p>M\u00e1s detalles<\/p>\n<p>Al margen de esto, el grupo de la OMS, despu\u00e9s de revisar la evidencia disponible, ha reafirmado su recomendaci\u00f3n de utilizar el esquema de cuatro dosis para garantizar una protecci\u00f3n \u00f3ptima contra la malaria en entornos de transmisi\u00f3n moderada a alta, en lugar del esquema de tres dosis, y ha sugerido <b>alinear la cuarta dosis con otras intervenciones de salud en el segundo a\u00f1o de vida<\/b>.<\/p>\n<p>El SAGE tambi\u00e9n ha expresado su profunda preocupaci\u00f3n por la continua transmisi\u00f3n del poliovirus salvaje en Pakist\u00e1n y Afganist\u00e1n, la persistente transmisi\u00f3n del poliovirus circulante de tipo 2 derivado de la vacuna (cVDPV2) en muchos pa\u00edses africanos y la continua detecci\u00f3n de cVDPV2 en muestras de aguas residuales en Europa.<\/p>\n<p>Por ello, ha insistido en la necesidad de redoblar los esfuerzos para<b> mejorar la cobertura de la inmunizaci\u00f3n sistem\u00e1tica y llegar a los ni\u00f1os sin vacunar<\/b>.<\/p>\n<p>El grupo ha reafirmado su apoyo a la interrupci\u00f3n segura de la utilizaci\u00f3n de las vacunas orales bivalentes contra la poliomielitis (bOPV) en <b>la inmunizaci\u00f3n sistem\u00e1tica e inst\u00f3 a que se movilizaran los recursos necesarios para lograr dicha interrupci\u00f3n segura<\/b>.<\/p>\n<p>Adem\u00e1s, ha recomendado el uso de dosis fraccionadas, incluidas dosis administradas por v\u00eda intrad\u00e9rmica, de vacunas antipoliomiel\u00edticas inactivadas basadas en Sabin (IPV) de manera similar al uso de dosis fraccionadas de IPV basadas en Salk; y ha apoyado la expansi\u00f3n del uso de la nueva vacuna antipoliomiel\u00edtica oral tipo 2 (nOPV2) como parte de la respuesta para reducir la transmisi\u00f3n del cVDPV2 en determinadas zonas geogr\u00e1ficas con transmisi\u00f3n persistente del cVDPV2.<\/p>\n<p>A tener en cuenta<\/p>\n<p>Una de las sesiones del SAGE se centr\u00f3 en la Covid-19, sobre la que los expertos han destacado la disminuci\u00f3n en el n\u00famero de casos y muertes a nivel mundial entre 2024 y 2025. Sin embargo, han advertido que <b>la tasa de vacunaci\u00f3n anual es baja y se limita principalmente a pa\u00edses de altos ingresos en las regiones de la OMS de Europa, las Am\u00e9ricas y el Pac\u00edfico Occidental<\/b>.<\/p>\n<p>Sobre las vacunas adaptadas a las variantes de Covid, han se\u00f1alado que muestran una eficacia relativa moderada en la prevenci\u00f3n de casos y hospitalizaciones, aunque la protecci\u00f3n disminuye a los seis meses. En esta l\u00ednea, han recomendado revisar la hoja de ruta actual, as\u00ed como la evidencia sobre la efectividad de las vacunas frente a la variante \u00d3micron, y han aprobado el desarrollo de un documento de posici\u00f3n sobre la vacuna basado en evidencia actualizada.<\/p>\n<p>En lo relativo a la tuberculosis, los expertos han recordado que, a mayo de 2025, hab\u00eda 16 vacunas candidatas en desarrollo cl\u00ednico, cinco de las cuales se encontraban en ensayos de fase 3 con un criterio de valoraci\u00f3n de prevenci\u00f3n de la enfermedad. Una de estas vacunas candidatas, la M72\/ASO1E, <b>podr\u00eda obtener la autorizaci\u00f3n de comercializaci\u00f3n en 2028, dependiendo de los resultados de los ensayos<\/b>.<\/p>\n<p>Por \u00faltimo, el SAGE ha mostrado su apoyo al desarrollo de un marco para identificar, analizar y priorizar nuevas vacunas combinadas, sobre las que ha destacado su potencial para<b> ayudar a los pa\u00edses a facilitar la distribuci\u00f3n de las vacunas existentes y la introducci\u00f3n de otras nuevas al reducir el n\u00famero de inyecciones que deben administrarse<\/b>.<\/p>\n<p>El informe completo de recomendaciones se publicar\u00e1 en el Registro Epidemiol\u00f3gico Semanal el pr\u00f3ximo 5 de diciembre. La OMS ha se\u00f1alado que solo el texto del informe completo deber\u00e1 considerarse definitivo.<\/p>\n<p>WhatsApp<a href=\"https:\/\/api.whatsapp.com\/send?text=https:\/\/www.eleconomista.es\/salud-bienestar\/ultimas-noticias\/noticias\/13571088\/09\/25\/aviso-de-la-oms-a-toda-espana-a-partir-de-ahora-debes-vacunarte-frente-a-la-gripe-aviar-si-perteneces-a-estos-grupos.html?utm_source%3Dwhatsapp%26utm_medium%3Dshare_button&amp;id=1648118629957_whatsapp\" target=\"_blank\" data-action=\"share\/whatsapp\/share\" aria-label=\"Compartir en Whatsapp\" rel=\"nofollow noopener\"><\/a>Facebook<a id=\"fb-share\" href=\"#\" target=\"_blank\" rel=\"noopener noreferrer\" aria-label=\"Compartir en Facebook\"><\/a>Twitter<a href=\"https:\/\/twitter.com\/share?text=Aviso+de+la+OMS+a+toda+Espa%C3%B1a%3A+a+partir+de+ahora%2C+debes+vacunarte+frente+a+la+gripe+aviar+si+perteneces+a+estos+grupos&amp;url=https:\/\/www.eleconomista.es\/salud-bienestar\/ultimas-noticias\/noticias\/13571088\/09\/25\/aviso-de-la-oms-a-toda-espana-a-partir-de-ahora-debes-vacunarte-frente-a-la-gripe-aviar-si-perteneces-a-estos-grupos.html&amp;via=elEconomistaes&amp;id=1648118839245_twitter\" target=\"_blank\" aria-label=\"Compartir en Twitter\" rel=\"nofollow noopener\"><\/a>Linkedin<a href=\"https:\/\/linkedin.com\/share?text=https:\/\/www.eleconomista.es\/salud-bienestar\/ultimas-noticias\/noticias\/13571088\/09\/25\/aviso-de-la-oms-a-toda-espana-a-partir-de-ahora-debes-vacunarte-frente-a-la-gripe-aviar-si-perteneces-a-estos-grupos.html&amp;via=elEconomistaes\" target=\"_blank\" aria-label=\"Compartir en linkedin\" rel=\"nofollow noopener\"><\/a>Beloud<a href=\"https:\/\/beloud.com\/share?text=Aviso+de+la+OMS+a+toda+Espa%C3%B1a%3A+a+partir+de+ahora%2C+debes+vacunarte+frente+a+la+gripe+aviar+si+perteneces+a+estos+grupos&amp;url=https:\/\/www.eleconomista.es\/salud-bienestar\/ultimas-noticias\/noticias\/13571088\/09\/25\/aviso-de-la-oms-a-toda-espana-a-partir-de-ahora-debes-vacunarte-frente-a-la-gripe-aviar-si-perteneces-a-estos-grupos.html&amp;via=elEconomistaes&amp;id=1648118839245_beloud\" target=\"_blank\" aria-label=\"Compartir en beloud\" rel=\"nofollow noopener\"><\/a>Bluesky<a href=\"https:\/\/bsky.app\/intent\/compose?text=https:\/\/bsky.app\/intent\/compose?text=https:\/\/www.eleconomista.es\/salud-bienestar\/ultimas-noticias\/noticias\/13571088\/09\/25\/aviso-de-la-oms-a-toda-espana-a-partir-de-ahora-debes-vacunarte-frente-a-la-gripe-aviar-si-perteneces-a-estos-grupos.html&amp;url=https:\/\/www.eleconomista.es\/salud-bienestar\/ultimas-noticias\/noticias\/13571088\/09\/25\/aviso-de-la-oms-a-toda-espana-a-partir-de-ahora-debes-vacunarte-frente-a-la-gripe-aviar-si-perteneces-a-estos-grupos.html&amp;via=elEconomistaes&amp;id=1648118839245_bluesky\" target=\"_blank\" aria-label=\"Compartir en bluesky\" rel=\"nofollow noopener\"><\/a><\/p>\n<p><script async src=\"https:\/\/platform.twitter.com\/widgets.js\" charset=\"utf-8\"><\/script><\/p>\n","protected":false},"excerpt":{"rendered":"El Grupo Asesor Estrat\u00e9gico de Expertos sobre Inmunizaci\u00f3n (SAGE, por sus siglas en ingl\u00e9s) de la Organizaci\u00f3n Mundial&hellip;\n","protected":false},"author":2,"featured_media":151381,"comment_status":"","ping_status":"","sticky":false,"template":"","format":"standard","meta":{"footnotes":""},"categories":[92],"tags":[25,24,165,166,4134,23],"class_list":{"0":"post-151380","1":"post","2":"type-post","3":"status-publish","4":"format-standard","5":"has-post-thumbnail","7":"category-salud","8":"tag-es","9":"tag-espana","10":"tag-health","11":"tag-salud","12":"tag-salud-bienestar","13":"tag-spain"},"share_on_mastodon":{"url":"","error":""},"_links":{"self":[{"href":"https:\/\/www.europesays.com\/es\/wp-json\/wp\/v2\/posts\/151380","targetHints":{"allow":["GET"]}}],"collection":[{"href":"https:\/\/www.europesays.com\/es\/wp-json\/wp\/v2\/posts"}],"about":[{"href":"https:\/\/www.europesays.com\/es\/wp-json\/wp\/v2\/types\/post"}],"author":[{"embeddable":true,"href":"https:\/\/www.europesays.com\/es\/wp-json\/wp\/v2\/users\/2"}],"replies":[{"embeddable":true,"href":"https:\/\/www.europesays.com\/es\/wp-json\/wp\/v2\/comments?post=151380"}],"version-history":[{"count":0,"href":"https:\/\/www.europesays.com\/es\/wp-json\/wp\/v2\/posts\/151380\/revisions"}],"wp:featuredmedia":[{"embeddable":true,"href":"https:\/\/www.europesays.com\/es\/wp-json\/wp\/v2\/media\/151381"}],"wp:attachment":[{"href":"https:\/\/www.europesays.com\/es\/wp-json\/wp\/v2\/media?parent=151380"}],"wp:term":[{"taxonomy":"category","embeddable":true,"href":"https:\/\/www.europesays.com\/es\/wp-json\/wp\/v2\/categories?post=151380"},{"taxonomy":"post_tag","embeddable":true,"href":"https:\/\/www.europesays.com\/es\/wp-json\/wp\/v2\/tags?post=151380"}],"curies":[{"name":"wp","href":"https:\/\/api.w.org\/{rel}","templated":true}]}}