{"id":151388,"date":"2025-10-01T20:32:08","date_gmt":"2025-10-01T20:32:08","guid":{"rendered":"https:\/\/www.europesays.com\/es\/151388\/"},"modified":"2025-10-01T20:32:08","modified_gmt":"2025-10-01T20:32:08","slug":"israel-intercepta-a-la-global-sumud-flotilla-en-su-intento-de-llegar-a-la-franja-de-gaza-la-voz-de-galicia","status":"publish","type":"post","link":"https:\/\/www.europesays.com\/es\/151388\/","title":{"rendered":"Israel intercepta a la Global Sumud Flotilla en su intento de llegar a la Franja de Gaza &#8211; La Voz de Galicia"},"content":{"rendered":"<ol>\n<li><a href=\"https:\/\/news.google.com\/rss\/articles\/CBMi6AFBVV95cUxNb1JnQXBYWjFnejZTaEpUTmQtb2ZNUVJzMGZFVXU3SjRreWt2NlFHQURoTVliRHVzT0Zzd2d3VW80LVFWb3BsTkxLYW9UUnpyNWRmNkFacG1nYVc4TFc1MTQ0VnpkeUNxSTJ5c08wYnpKcWY4eUNpS3ZYUmMtT3dtWGwydG0xQTF6NDVfcEEtZHNQcjRSWXR2SnR0TUF0S3lURDlndG5TajdIWjl2aFNIaG9FNkx6ek9iczdIaUVfenQ5ZkZqbXFYdldVUlkxc2g4bUpFWF9KQUJOVVd1LXRrOTdIaXRnS25x0gGEAkFVX3lxTFBUcnRLRW51YmpwbnlzSXRwR09PTDlZWWFBT3ZzOXJyel9zXzBHVEZkUi1NRUpLcmRDcExJSDduVXpxZDdtNUhwWFdZR1RTcUZSVmNWbm1iaVp4WWMyZkFlN3pMdTY5SnI3dUxUaGNoYnNGY1ZFbVh0emhqQ1NhYVRpWDRBQXVCRGVoRzB3bVp5dlg1RW51azBERGRGTkRUc0o2V250M3VMcFVxYkltUkNnVnl1V3VRWXZSMTJhQXFxWndOUUdBY3VSOXlGcWVRbTQyQkM2empiazFjSkRPU3ZNUE5PZ0tZY1VrR29yT083ejJOTXdxalpHMkh4N0tkUHU5eTcz?oc=5\" target=\"_blank\" rel=\"nofollow noopener\">Israel intercepta a la Global Sumud Flotilla en su intento de llegar a la Franja de Gaza<\/a>&nbsp;&nbsp;La Voz de Galicia<\/li>\n<li><a href=\"https:\/\/news.google.com\/rss\/articles\/CBMinAFBVV95cUxNalRYSC04TEkyeUVSVmlVQVVtLVd0X01GVlF1UF9ibndkOUFtNE5jTjlaR1RMUVM2ZnFoWEY3WGtuUXBkazUwSDRLeHZiVXdoNTJWV1FKbDRTUzFPRjhTM0ZYOGZMaG9JS2owdFlsdEtKVGZXcXRzRU1URlpQTkliS3hralRMUWhpWmVfWlI4akpPcUJIYWttZzZLOHQ?oc=5\" target=\"_blank\" rel=\"nofollow noopener\">El \u00faltimo v\u00eddeo de Ada Colau desde la flotilla: \u201cSi est\u00e1s viendo esto es porque Israel nos ha detenido ilegalmente\u201d<\/a>&nbsp;&nbsp;elDiario.es<\/li>\n<li><a href=\"https:\/\/news.google.com\/rss\/articles\/CBMiiwFBVV95cUxPLWJUZDcyb3lhSTRyYWRkY2tBbnU0dUxqQUVVRG4wWFpPYjBBZ21zdUNESzFNSjJneW4wWHlja3psYV84MGNJMlBHZGctSE5NQ2tWVV9US0tqYkMxTjhzd2dVUmVSa19fVTR3bThBMDdrb3lwSHhDa0NpM2RORE53bk9vUlRJemcybXNV0gGLAUFVX3lxTE1QSmIxSzZxVTRtbXR6Y2wwSzF4UlBTTEdVY1RHNFNLcXRxU0hBNTgyQjJQZzB4ZjFMNEJyTktwR3hTcVhlTjltZzAzOVNMUUxXWWR3U1hORGhjZy1tSXk3R1lCNm0zbkVsblkwMWVRcjY1YmZxS193QlRfWUUySUJZRERVRXRuT1J6MWs?oc=5\" target=\"_blank\" rel=\"nofollow noopener\">Israel intercepta embarcaciones de la flotilla humanitaria a Gaza donde viajaba Ada Colau<\/a>&nbsp;&nbsp;El Mundo<\/li>\n<li><a href=\"https:\/\/news.google.com\/rss\/articles\/CBMinAFBVV95cUxOVndTZGlQRWVmQ1VBYTVuSkxsRkNRQVlwRndLTHFVdVBndlM3WmxabkV1aVI5M0lXRmZiS3V5VWpVNEk0UjJGd1VidVdJNDdLd3BudGJqZzJUbWlKcUk2a0NTbkhkcnp2NUtrVmNmNnFvWFlwa3NRUkFyV3BxR2hGNjU1UmcxZ1RPVHg2NEJiUmxaUDh5VUlmRjZ3ZGbSAaIBQVVfeXFMUHBRNmJVQzBDcDBfcDhjSXhhMHZOTVhPRW40UWVfdFRjekt3dURIN2x1WDY5ZWk5dU1xa1dDTFFEVXFYblpBa3kzTW1iVFlRVDh1MlUtemxINnRXaXJieUNZaXlCNVJDbU5PVDN5ZE1qSFJhcEt2SmlEb3Bhd1lORl9GM2t5b280RDliV2tFM1loaVRZcE1mWmFTWTdIUEZWVEd3?oc=5\" target=\"_blank\" rel=\"nofollow noopener\">Flotilla direcci\u00f3n a Gaza: intercepci\u00f3n del barco por Israel y \u00faltima hora del Sumud, en directo<\/a>&nbsp;&nbsp;El Confidencial<\/li>\n<li><a href=\"https:\/\/news.google.com\/rss\/articles\/CBMi9AFBVV95cUxQZjRPN0Y1TWtIRmVLMWpKd3BHdlV3SjZ5T2U2S29PWjhoRFpwQkhpMTVwdld2aWtZN2dJMzgtZ1dvVjkxRkdqaFJ3RDBCaXNicmlOTzJxLS1YMUZOUGZQV25pQ2lSRlZOTE85WWpTazhUV01UQ2Jxd2UyUzl3MXlxN0tUMEdZOWFSRWl2QVl3RVhNQzZBNlJPb3dETnQta2tTT3VGSkppRVVaS1hsUW9UcklmSmh2VVZZZjh0MERIYVJVczVlVnNKeHJYbnpiOGNvazNWdWxENnZ6OUZ1eU1yaUk0cEd6emhKNmpJSmhKeW12VG010gH0AUFVX3lxTE5HRkdoWTRCMmtMNV9XVTBXRmZzcG5BRHVrRDhjd29iUHJxaE1UOVhUNHctLVFhMnFheWdUVWhZLWZMMDNNUTNna0xtd29QTlhiSDVpVEFQRGlabmZhRU9FcVhsOXdyWTAwbGc5VEJxczFwRi1panJGLTZSdWRzeXdHcVhocEJBVUJWb3BDbU9ERlNWVEk2YnRRaUtuYm9fdEFoaEktRlgyN0tHWWo0UDYyWVlyVkNFWlRIOS1zX0k0RWtYSmxpYVl2TjZIOGdWOTF5ZmV6M0JXdjVBc0s3UHVGWk1JYmhUd2tZVGJLRWFNQU9QQlM?oc=5\" target=\"_blank\" rel=\"nofollow noopener\">Bloqueo, juicios y prohibiciones de hasta 100 a\u00f1os: la cruda realidad de las flotillas que van a Gaza<\/a>&nbsp;&nbsp;LaSexta<\/li>\n<\/ol>\n","protected":false},"excerpt":{"rendered":"Israel intercepta a la Global Sumud Flotilla en su intento de llegar a la Franja de Gaza&nbsp;&nbsp;La Voz&hellip;\n","protected":false},"author":2,"featured_media":151389,"comment_status":"","ping_status":"","sticky":false,"template":"","format":"standard","meta":{"footnotes":""},"categories":[42],"tags":[13241,17,18,352,13,14,694,14655,11,61,62,63,64,74,628,19,20,7835,9,10,15,16,12,21,22,65,66,67],"class_list":{"0":"post-151388","1":"post","2":"type-post","3":"status-publish","4":"format-standard","5":"has-post-thumbnail","7":"category-internacional","8":"tag-benjamin-netanyahu","9":"tag-breaking-news","10":"tag-breakingnews","11":"tag-donald-trump","12":"tag-featured-news","13":"tag-featurednews","14":"tag-gaza","15":"tag-giorgia-meloni","16":"tag-headlines","17":"tag-internacional","18":"tag-international","19":"tag-international-news","20":"tag-internationalnews","21":"tag-israel","22":"tag-italia","23":"tag-latest-news","24":"tag-latestnews","25":"tag-margarita-robles","26":"tag-news","27":"tag-noticias","28":"tag-noticias-destacadas","29":"tag-noticiasdestacadas","30":"tag-titulares","31":"tag-ultimas-noticias","32":"tag-ultimasnoticias","33":"tag-world","34":"tag-world-news","35":"tag-worldnews"},"share_on_mastodon":{"url":"","error":""},"_links":{"self":[{"href":"https:\/\/www.europesays.com\/es\/wp-json\/wp\/v2\/posts\/151388","targetHints":{"allow":["GET"]}}],"collection":[{"href":"https:\/\/www.europesays.com\/es\/wp-json\/wp\/v2\/posts"}],"about":[{"href":"https:\/\/www.europesays.com\/es\/wp-json\/wp\/v2\/types\/post"}],"author":[{"embeddable":true,"href":"https:\/\/www.europesays.com\/es\/wp-json\/wp\/v2\/users\/2"}],"replies":[{"embeddable":true,"href":"https:\/\/www.europesays.com\/es\/wp-json\/wp\/v2\/comments?post=151388"}],"version-history":[{"count":0,"href":"https:\/\/www.europesays.com\/es\/wp-json\/wp\/v2\/posts\/151388\/revisions"}],"wp:featuredmedia":[{"embeddable":true,"href":"https:\/\/www.europesays.com\/es\/wp-json\/wp\/v2\/media\/151389"}],"wp:attachment":[{"href":"https:\/\/www.europesays.com\/es\/wp-json\/wp\/v2\/media?parent=151388"}],"wp:term":[{"taxonomy":"category","embeddable":true,"href":"https:\/\/www.europesays.com\/es\/wp-json\/wp\/v2\/categories?post=151388"},{"taxonomy":"post_tag","embeddable":true,"href":"https:\/\/www.europesays.com\/es\/wp-json\/wp\/v2\/tags?post=151388"}],"curies":[{"name":"wp","href":"https:\/\/api.w.org\/{rel}","templated":true}]}}