{"id":151390,"date":"2025-10-01T20:33:11","date_gmt":"2025-10-01T20:33:11","guid":{"rendered":"https:\/\/www.europesays.com\/es\/151390\/"},"modified":"2025-10-01T20:33:11","modified_gmt":"2025-10-01T20:33:11","slug":"canarias-en-prealerta-por-lluvias-dos-islas-en-el-punto-de-mira-a-partir-del-jueves","status":"publish","type":"post","link":"https:\/\/www.europesays.com\/es\/151390\/","title":{"rendered":"Canarias en prealerta por lluvias: dos islas en el punto de mira a partir del jueves"},"content":{"rendered":"<p><a class=\"v-mdl-ath__fig-a\" href=\"https:\/\/www.canarias7.es\/autor\/canarias7-6545.html\" title=\"CANARIAS7\" rel=\"nofollow noopener\" target=\"_blank\"><br \/>\n<img decoding=\"async\" class=\"v-mdl-ath__img\" src=\"https:\/\/www.europesays.com\/es\/wp-content\/uploads\/2025\/08\/1754689268_701_autor-6545-foto-1.png\" alt=\"CANARIAS7\"\/><br \/>\n<\/a><\/p>\n<p class=\"v-mdl-ath__p v-mdl-ath__p--6\">\nMi\u00e9rcoles, 1 de octubre 2025, 17:53<\/p>\n<p class=\"v-p\">La Direcci\u00f3n General de Emergencias del Gobierno de Canarias ha declarado la situaci\u00f3n de prealerta por lluvias en las islas de Lanzarote y Fuerteventura, a partir de las 6.00 horas del jueves 2 de octubre, y con vigencia hasta nuevo aviso.<\/p>\n<p class=\"v-p\">Esta medida se adopta en base a las predicciones de la Agencia Estatal de Meteorolog\u00eda (AEMET) y otras fuentes disponibles, que advierten de la posibilidad de precipitaciones significativas que podr\u00edan afectar a ambas islas.<\/p>\n<p class=\"v-p\">En concreto, se esperan probables lluvias d\u00e9biles a moderadas, sin descartar chubascos ocasionales y tormentas en el entorno de las dos islas.<\/p>\n<p class=\"v-p\">Desde el Gobierno de Canarias se recomienda a la poblaci\u00f3n mantenerse informada a trav\u00e9s de los canales oficiales y tomar las precauciones necesarias ante posibles episodios de lluvias intensas.<\/p>\n<p><a href=\"http:\/\/www.canarias7.es\/canarias\/aemet-avisa-ultimas-lluvias-canarias-cambio-radical-20251001070000-nt.html#vtm_modulosEngag=mod-rel:canarias:noticia:1:cmp:1-not\" class=\"v-a-link\" aria-label=\"Imagen\" rel=\"nofollow noopener\" target=\"_blank\"><\/p>\n<p><img decoding=\"async\" loading=\"lazy\" src=\"https:\/\/www.europesays.com\/es\/wp-content\/uploads\/2025\/10\/tiempo-klj--366x256@Canarias7.jpg\" class=\"v-a-img\" width=\"258\" height=\"180\" alt=\"\" data-voc-vtm-id=\"in-text-traffic\"\/><\/p>\n<p><\/a><\/p>\n<blockquote class=\"twitter-tweet\">\n<p lang=\"es\" dir=\"ltr\">Predicci\u00f3n hasta el final de la semana:<\/p>\n<p>\u27a1\ufe0fEn general, ambiente estable y c\u00e1lido, predominio de sol con temperaturas m\u00e1ximas m\u00e1s propias de septiembre.<\/p>\n<p>\u27a1\ufe0fS\u00f3lo se esperan chubascos, el jueves en el litoral catal\u00e1n e islas Canarias orientales y el s\u00e1bado en el litoral cant\u00e1brico. <a href=\"https:\/\/t.co\/4MRiMl33ke\" rel=\"nofollow\">pic.twitter.com\/4MRiMl33ke<\/a><\/p>\n<p>\u2014 AEMET (@AEMET_Esp) <a href=\"https:\/\/twitter.com\/AEMET_Esp\/status\/1973306779292557587?ref_src=twsrc%5Etfw\" rel=\"nofollow noopener\" target=\"_blank\">October 1, 2025<\/a><\/p><\/blockquote>\n<p>Comenta<\/p>\n<p>Reporta un error<\/p>\n<p><script async src=\"https:\/\/platform.twitter.com\/widgets.js\" charset=\"utf-8\"><\/script><\/p>\n","protected":false},"excerpt":{"rendered":"Mi\u00e9rcoles, 1 de octubre 2025, 17:53 La Direcci\u00f3n General de Emergencias del Gobierno de Canarias ha declarado la&hellip;\n","protected":false},"author":2,"featured_media":151391,"comment_status":"","ping_status":"","sticky":false,"template":"","format":"standard","meta":{"footnotes":""},"categories":[8],"tags":[17,18,1896,1563,25,24,13,14,11,13262,887,19,20,6194,32488,9,10,15,16,10004,41669,2320,23,12,21,22],"class_list":{"0":"post-151390","1":"post","2":"type-post","3":"status-publish","4":"format-standard","5":"has-post-thumbnail","7":"category-espana","8":"tag-breaking-news","9":"tag-breakingnews","10":"tag-canarias","11":"tag-dos","12":"tag-es","13":"tag-espana","14":"tag-featured-news","15":"tag-featurednews","16":"tag-headlines","17":"tag-islas","18":"tag-jueves","19":"tag-latest-news","20":"tag-latestnews","21":"tag-lluvias","22":"tag-mira","23":"tag-news","24":"tag-noticias","25":"tag-noticias-destacadas","26":"tag-noticiasdestacadas","27":"tag-partir","28":"tag-prealerta","29":"tag-punto","30":"tag-spain","31":"tag-titulares","32":"tag-ultimas-noticias","33":"tag-ultimasnoticias"},"share_on_mastodon":{"url":"","error":""},"_links":{"self":[{"href":"https:\/\/www.europesays.com\/es\/wp-json\/wp\/v2\/posts\/151390","targetHints":{"allow":["GET"]}}],"collection":[{"href":"https:\/\/www.europesays.com\/es\/wp-json\/wp\/v2\/posts"}],"about":[{"href":"https:\/\/www.europesays.com\/es\/wp-json\/wp\/v2\/types\/post"}],"author":[{"embeddable":true,"href":"https:\/\/www.europesays.com\/es\/wp-json\/wp\/v2\/users\/2"}],"replies":[{"embeddable":true,"href":"https:\/\/www.europesays.com\/es\/wp-json\/wp\/v2\/comments?post=151390"}],"version-history":[{"count":0,"href":"https:\/\/www.europesays.com\/es\/wp-json\/wp\/v2\/posts\/151390\/revisions"}],"wp:featuredmedia":[{"embeddable":true,"href":"https:\/\/www.europesays.com\/es\/wp-json\/wp\/v2\/media\/151391"}],"wp:attachment":[{"href":"https:\/\/www.europesays.com\/es\/wp-json\/wp\/v2\/media?parent=151390"}],"wp:term":[{"taxonomy":"category","embeddable":true,"href":"https:\/\/www.europesays.com\/es\/wp-json\/wp\/v2\/categories?post=151390"},{"taxonomy":"post_tag","embeddable":true,"href":"https:\/\/www.europesays.com\/es\/wp-json\/wp\/v2\/tags?post=151390"}],"curies":[{"name":"wp","href":"https:\/\/api.w.org\/{rel}","templated":true}]}}